{"id":4353,"date":"2021-06-16T21:36:20","date_gmt":"2021-06-17T00:36:20","guid":{"rendered":"https:\/\/www.ufsm.br\/orgaos-executivos\/caed\/?p=4353"},"modified":"2021-06-16T21:36:21","modified_gmt":"2021-06-17T00:36:21","slug":"curso-de-ferramentas-de-webconferencia-e-edicao-de-videos-aplicacoes-para-reunioes-e-aulas-remotas","status":"publish","type":"post","link":"https:\/\/www.ufsm.br\/pro-reitorias\/prograd\/caed\/2021\/06\/16\/curso-de-ferramentas-de-webconferencia-e-edicao-de-videos-aplicacoes-para-reunioes-e-aulas-remotas","title":{"rendered":"CURSO DE FERRAMENTAS DE WEBCONFER\u00caNCIA E EDI\u00c7AO DE V\u00cdDEOS: APLICA\u00c7\u00d5ES PARA REUNI\u00d5ES E AULAS REMOTAS"},"content":{"rendered":"\n<p>A Universidade Federal de Santa Maria(UFSM)\/Coordenadoria de A\u00e7\u00f5es Educacionais(CAEd) soma-se \u00e0 divulga\u00e7\u00e3o do CURSO DE FERRAMENTAS DE WEBCONFER\u00caNCIA E EDI\u00c7AO DE V\u00cdDEOS: APLICA\u00c7\u00d5ES PARA REUNI\u00d5ES E AULAS REMOTAS, cujas inscri\u00e7\u00f5es encerram-se dia 20 de junho de 2021. Maiores informa\u00e7\u00f5es podem ser conferidas em htpps:\/\/<a href=\"http:\/\/portal.ufsm.br\/capacitacao\/\" target=\"_blank\" rel=\"noopener\" data-saferedirecturl=\"https:\/\/www.google.com\/url?q=http:\/\/portal.ufsm.br\/capacitacao\/&amp;source=gmail&amp;ust=1623975687968000&amp;usg=AFQjCNEoiafPn_ZlpPvIidN-NA0wBrmGrg\">portal.ufsm.br\/capacitacao\/<\/a><\/p>\n<p>Descri\u00e7\u00e3o da imagem em anexo: imagem de divulga\u00e7\u00e3o de curso on-line, em formato quadrado, com fundo na cor verde \u00e1gua. Na parte superior, centralizada, em letras verdes, com efeito negrito, l\u00ea-se: Curso de Ferramentas de Webconfer\u00eancia e Edi\u00e7\u00e3o de V\u00eddeos: Aplica\u00e7\u00f5es para Reuni\u00f5es e Aulas Remotas. Abaixo, \u00e0 esquerda, l\u00ea-se: &#8220;Inscri\u00e7\u00f5es: de 07 a 20\/06\/2021&#8221;, &#8220;Per\u00edodo de curso: de 21\/06 a 16\/07\/2021&#8221;, &#8220;Modalidade: EAD, Via Moodle e Google Meet&#8221;, &#8220;Encontros Virtuais: 24\/06, 01, 08 e 15\/07, das 14 \u00e0s 15h&#8221;, &#8220;Informa\u00e7\u00f5es e Inscri\u00e7\u00f5es: htpps:\/\/<a href=\"http:\/\/portal.ufsm.br\/capacitacao\/\" target=\"_blank\" rel=\"noopener\" data-saferedirecturl=\"https:\/\/www.google.com\/url?q=http:\/\/portal.ufsm.br\/capacitacao\/&amp;source=gmail&amp;ust=1623975687968000&amp;usg=AFQjCNEoiafPn_ZlpPvIidN-NA0wBrmGrg\">portal.ufsm.br\/capacitacao\/<\/a>&#8220;, &#8220;Curso exclusivo para servidores da UFSM&#8221;. Abaixo, \u00e0 esquerda, h\u00e1 o bras\u00e3o da UFSM. \u00c0 direita do bras\u00e3o, h\u00e1 um c\u00edrculo que cont\u00e9m figuras que, juntas, remetem \u00e0 educa\u00e7\u00e3o virtual, como estudantes, computadores, tablets, livros e classes escolares. Abaixo, na parte inferior da imagem, h\u00e1 um efeito de duas ondas, nas cores verde clara e verde escura.<\/p>\n<p><img fetchpriority=\"high\" decoding=\"async\" class=\"alignnone size-medium wp-image-4354 aligncenter\" src=\"https:\/\/www.ufsm.br\/app\/uploads\/sites\/391\/2021\/06\/CURSO--300x300.jpeg\" alt=\"\" width=\"300\" height=\"300\" srcset=\"https:\/\/www.ufsm.br\/app\/uploads\/sites\/391\/2021\/06\/CURSO--300x300.jpeg 300w, https:\/\/www.ufsm.br\/app\/uploads\/sites\/391\/2021\/06\/CURSO--150x150.jpeg 150w, https:\/\/www.ufsm.br\/app\/uploads\/sites\/391\/2021\/06\/CURSO-.jpeg 756w\" sizes=\"(max-width: 300px) 100vw, 300px\" \/><\/p>\n","protected":false},"excerpt":{"rendered":"<p>A Universidade Federal de Santa Maria(UFSM)\/Coordenadoria de A\u00e7\u00f5es Educacionais(CAEd) soma-se \u00e0 divulga\u00e7\u00e3o do CURSO DE FERRAMENTAS DE WEBCONFER\u00caNCIA E EDI\u00c7AO DE V\u00cdDEOS: APLICA\u00c7\u00d5ES PARA REUNI\u00d5ES E AULAS REMOTAS, cujas inscri\u00e7\u00f5es encerram-se dia 20 de junho de 2021. Maiores informa\u00e7\u00f5es podem ser conferidas em htpps:\/\/portal.ufsm.br\/capacitacao\/ Descri\u00e7\u00e3o da imagem em anexo: imagem de divulga\u00e7\u00e3o de curso on-line, [&hellip;]<\/p>\n","protected":false},"author":252,"featured_media":0,"comment_status":"closed","ping_status":"closed","sticky":false,"template":"","format":"standard","meta":{"footnotes":""},"categories":[1],"tags":[],"class_list":["post-4353","post","type-post","status-publish","format-standard","hentry","category-sem-categoria"],"acf":[],"_links":{"self":[{"href":"https:\/\/www.ufsm.br\/pro-reitorias\/prograd\/caed\/wp-json\/wp\/v2\/posts\/4353","targetHints":{"allow":["GET"]}}],"collection":[{"href":"https:\/\/www.ufsm.br\/pro-reitorias\/prograd\/caed\/wp-json\/wp\/v2\/posts"}],"about":[{"href":"https:\/\/www.ufsm.br\/pro-reitorias\/prograd\/caed\/wp-json\/wp\/v2\/types\/post"}],"author":[{"embeddable":true,"href":"https:\/\/www.ufsm.br\/pro-reitorias\/prograd\/caed\/wp-json\/wp\/v2\/users\/252"}],"replies":[{"embeddable":true,"href":"https:\/\/www.ufsm.br\/pro-reitorias\/prograd\/caed\/wp-json\/wp\/v2\/comments?post=4353"}],"version-history":[{"count":0,"href":"https:\/\/www.ufsm.br\/pro-reitorias\/prograd\/caed\/wp-json\/wp\/v2\/posts\/4353\/revisions"}],"wp:attachment":[{"href":"https:\/\/www.ufsm.br\/pro-reitorias\/prograd\/caed\/wp-json\/wp\/v2\/media?parent=4353"}],"wp:term":[{"taxonomy":"category","embeddable":true,"href":"https:\/\/www.ufsm.br\/pro-reitorias\/prograd\/caed\/wp-json\/wp\/v2\/categories?post=4353"},{"taxonomy":"post_tag","embeddable":true,"href":"https:\/\/www.ufsm.br\/pro-reitorias\/prograd\/caed\/wp-json\/wp\/v2\/tags?post=4353"}],"curies":[{"name":"wp","href":"https:\/\/api.w.org\/{rel}","templated":true}]}}