{"id":4364,"date":"2021-06-18T14:43:08","date_gmt":"2021-06-18T17:43:08","guid":{"rendered":"https:\/\/www.ufsm.br\/orgaos-executivos\/caed\/?p=4364"},"modified":"2021-06-18T14:43:09","modified_gmt":"2021-06-18T17:43:09","slug":"estrategias-para-o-atendimento-educacional-especializado-remoto-na-educacao-tecnologica-e-superior","status":"publish","type":"post","link":"https:\/\/www.ufsm.br\/pro-reitorias\/prograd\/caed\/2021\/06\/18\/estrategias-para-o-atendimento-educacional-especializado-remoto-na-educacao-tecnologica-e-superior","title":{"rendered":"ESTRAT\u00c9GIAS PARA O ATENDIMENTO EDUCACIONAL ESPECIALIZADO REMOTO NA EDUCA\u00c7\u00c3O TECNOL\u00d3GICA E SUPERIOR"},"content":{"rendered":"\n<p>A Universidade Federal de Santa Maria(UFSM)\/Coordenadoria de A\u00e7\u00f5es Educacionais(CAEd) convida para roda de conversa.<\/p>\n<p>O per\u00edodo de atividades remotas trouxe desafios e aprendizados para todos. Vamos conversar sobre estrat\u00e9gias para o Atendimento Educacional Especializado remoto na Educa\u00e7\u00e3o Tecnol\u00f3gica e Superior. Participe com a gente!<\/p>\n<p>Nosso encontro ser\u00e1 dia 29 de junho de 2021, \u00e0s 17h00min.<\/p>\n<p>Inscreva-se preenchendo o formul\u00e1rio <u>https:\/\/forms.gle\/ayt94Wkw8F8PewUU9<\/u>\u00a0 e enviaremos o link para acesso \u00e0 sala no Meet.<\/p>\n<p><strong>Descri\u00e7\u00e3o de imagem:<\/strong> cartaz virtual para divulga\u00e7\u00e3o de evento. Centralizado, em destaque, l\u00ea-se, na cor preta, \u201cEstrat\u00e9gias para o Atendimento Educacional Especializado remoto na Educa\u00e7\u00e3o Tecnol\u00f3gica e Superior\u201d, situado dentro de uma faixa retangular horizontal, na cor cinza clara. Na sequ\u00eancia, abaixo uma da outra, h\u00e1 as informa\u00e7\u00f5es: \u201c29\/06 \u2013 Ter\u00e7a-feira \u2013 17h\u201d, na cor rosa. \u00c0 direita, na cor preta, \u201cEducadoras especiais: Tarci\u00e9li da Costa Martins e Daniela Durigon Almeida. \u201cInscri\u00e7\u00f5es via formul\u00e1rio\u201d, em rosa. Na parte inferior, centralizado, h\u00e1 o bras\u00e3o da UFSM. Ao lado, \u201cUFSM\u201d e, abaixo, &#8220;Coordenadoria de A\u00e7\u00f5es Educacionais\u201d. A imagem \u00e9 retangular, disposta verticalmente, com fundo em laranja claro. \u00c0 esquerda, na parte superior, h\u00e1 a ilustra\u00e7\u00e3o de um computador, inserida em um c\u00edrculo rosa. Na tela do computador, h\u00e1 uma divis\u00e3o em quatro blocos, com diferentes pessoas, sendo duas mulheres e dois homens. Do quadro de um dos homens, sai um bal\u00e3o de fala com retic\u00eancias; do quadro de uma das mulheres, sai um bal\u00e3o de fala com linhas. Ao lado dos quadros, h\u00e1 uma barra de bate-papo.\u00a0 Ao lado, \u00e0 direita, h\u00e1 a ilustra\u00e7\u00e3o de uma mulher, usando \u00f3culos pretos. Ela est\u00e1 enquadrada da cintura para cima, usa cabelo chanel e franja na cor preta. Tem o tom de pele marrom claro, usa blusa amarelo-mostarda, com mangas compridas. Seu rosto est\u00e1 voltado para o computador.<\/p>\n<p><img fetchpriority=\"high\" decoding=\"async\" class=\"alignnone size-medium wp-image-4365 aligncenter\" src=\"https:\/\/www.ufsm.br\/app\/uploads\/sites\/391\/2021\/06\/RODA-DE-CONVERSA-212x300.jpg\" alt=\"\" width=\"212\" height=\"300\" srcset=\"https:\/\/www.ufsm.br\/app\/uploads\/sites\/391\/2021\/06\/RODA-DE-CONVERSA-212x300.jpg 212w, https:\/\/www.ufsm.br\/app\/uploads\/sites\/391\/2021\/06\/RODA-DE-CONVERSA-724x1024.jpg 724w, https:\/\/www.ufsm.br\/app\/uploads\/sites\/391\/2021\/06\/RODA-DE-CONVERSA-768x1086.jpg 768w, https:\/\/www.ufsm.br\/app\/uploads\/sites\/391\/2021\/06\/RODA-DE-CONVERSA-1086x1536.jpg 1086w, https:\/\/www.ufsm.br\/app\/uploads\/sites\/391\/2021\/06\/RODA-DE-CONVERSA-1448x2048.jpg 1448w, https:\/\/www.ufsm.br\/app\/uploads\/sites\/391\/2021\/06\/RODA-DE-CONVERSA-scaled.jpg 1810w\" sizes=\"(max-width: 212px) 100vw, 212px\" \/><\/p>\n","protected":false},"excerpt":{"rendered":"<p>A Universidade Federal de Santa Maria(UFSM)\/Coordenadoria de A\u00e7\u00f5es Educacionais(CAEd) convida para roda de conversa. O per\u00edodo de atividades remotas trouxe desafios e aprendizados para todos. Vamos conversar sobre estrat\u00e9gias para o Atendimento Educacional Especializado remoto na Educa\u00e7\u00e3o Tecnol\u00f3gica e Superior. Participe com a gente! Nosso encontro ser\u00e1 dia 29 de junho de 2021, \u00e0s 17h00min. [&hellip;]<\/p>\n","protected":false},"author":252,"featured_media":0,"comment_status":"closed","ping_status":"closed","sticky":false,"template":"","format":"standard","meta":{"footnotes":""},"categories":[1],"tags":[],"class_list":["post-4364","post","type-post","status-publish","format-standard","hentry","category-sem-categoria"],"acf":[],"_links":{"self":[{"href":"https:\/\/www.ufsm.br\/pro-reitorias\/prograd\/caed\/wp-json\/wp\/v2\/posts\/4364","targetHints":{"allow":["GET"]}}],"collection":[{"href":"https:\/\/www.ufsm.br\/pro-reitorias\/prograd\/caed\/wp-json\/wp\/v2\/posts"}],"about":[{"href":"https:\/\/www.ufsm.br\/pro-reitorias\/prograd\/caed\/wp-json\/wp\/v2\/types\/post"}],"author":[{"embeddable":true,"href":"https:\/\/www.ufsm.br\/pro-reitorias\/prograd\/caed\/wp-json\/wp\/v2\/users\/252"}],"replies":[{"embeddable":true,"href":"https:\/\/www.ufsm.br\/pro-reitorias\/prograd\/caed\/wp-json\/wp\/v2\/comments?post=4364"}],"version-history":[{"count":0,"href":"https:\/\/www.ufsm.br\/pro-reitorias\/prograd\/caed\/wp-json\/wp\/v2\/posts\/4364\/revisions"}],"wp:attachment":[{"href":"https:\/\/www.ufsm.br\/pro-reitorias\/prograd\/caed\/wp-json\/wp\/v2\/media?parent=4364"}],"wp:term":[{"taxonomy":"category","embeddable":true,"href":"https:\/\/www.ufsm.br\/pro-reitorias\/prograd\/caed\/wp-json\/wp\/v2\/categories?post=4364"},{"taxonomy":"post_tag","embeddable":true,"href":"https:\/\/www.ufsm.br\/pro-reitorias\/prograd\/caed\/wp-json\/wp\/v2\/tags?post=4364"}],"curies":[{"name":"wp","href":"https:\/\/api.w.org\/{rel}","templated":true}]}}