{"id":4386,"date":"2021-06-24T16:03:32","date_gmt":"2021-06-24T19:03:32","guid":{"rendered":"https:\/\/www.ufsm.br\/orgaos-executivos\/caed\/?p=4386"},"modified":"2021-06-24T16:26:00","modified_gmt":"2021-06-24T19:26:00","slug":"como-vai-a-sua-saude-mental-programa-de-acompanhamento-de-estudantes-em-vulnerabilidade-social-e-de-suas-familias","status":"publish","type":"post","link":"https:\/\/www.ufsm.br\/pro-reitorias\/prograd\/caed\/2021\/06\/24\/como-vai-a-sua-saude-mental-programa-de-acompanhamento-de-estudantes-em-vulnerabilidade-social-e-de-suas-familias","title":{"rendered":"COMO VAI A SUA SA\u00daDE MENTAL? PROGRAMA DE ACOMPANHAMENTO DE ESTUDANTES EM VULNERABILIDADE SOCIAL E DE SUAS FAM\u00cdLIAS"},"content":{"rendered":"\n\n\n<p>A Universidade Federal de Santa Maria(UFSM)\/Coordenadoria de A\u00e7\u00f5es Educacionais(CAEd) soma-se \u00e0 divulga\u00e7\u00e3o de programa de acompanhamento de estudantes em vulnerabilidade social e de suas fam\u00edlias, cujos atendimentos ocorrer\u00e3o por meio de atendimento em grupo, com foco em sa\u00fade mental. O contato pode ser realizado por meio do e-mail <strong>grupodesaudementalufsm@gmail.com<\/strong> e do fone <strong>(55) 991510327<\/strong>.\u00a0<\/p>\n<p><strong>DESCRI\u00c7\u00c3O DE IMAGEM:<\/strong> cartaz de divulga\u00e7\u00e3o de a\u00e7\u00e3o de sa\u00fade mental, em formato quadrado. No \u00e2ngulo superior direito, h\u00e1 o logo de comemora\u00e7\u00e3o dos 60 Anos da UFSM, em formato de pent\u00e1gono c\u00f4ncavo, disposto verticalmente. O logo cont\u00e9m o n\u00famero \u201c60\u201d, em letra cursiva, centralizado. O n\u00famero \u201c6\u201d e o n\u00famero \u201c0\u201d est\u00e3o interligados por uma linha cont\u00ednua formando o numeral \u201c60\u201d. Na parte inferior do c\u00edrculo que forma o algarismo \u201c6\u201d, h\u00e1 um \u201cv\u201d invertido, disposto sobre a linha do c\u00edrculo, formando a letra \u201cA\u201d, de \u201cAno\u201d. Ao lado do \u2018A\u201d, dentro do algarismo zero, que possui uma abertura ao lado esquerdo, est\u00e3o as letras \u201cn\u201d, \u201co\u201d e \u201cs\u201d, formando assim, em conjunto com os demais tra\u00e7os, a palavra \u201canos\u201d. A imagem consiste em um trabalho gr\u00e1fico que une a representa\u00e7\u00e3o dos algarismos 6 e 0, com as letras A, N e O, formando o logo \u201cUFSM 60 Anos\u201d. Abaixo, h\u00e1 o delineamento de um rosto humano, de perfil, na cor azul, tendo uma figura de formato oval, em branco, no lugar do c\u00e9rebro. Abaixo, dentro de um ret\u00e2ngulo verde, distribu\u00eddo em blocos e em letras brancas, l\u00ea-se as seguintes informa\u00e7\u00f5es: &#8220;O Programa de Acompanhamento aos Estudantes e suas Fam\u00edlias em Situa\u00e7\u00e3o de Vulnerabilidade Social est\u00e1 oferecendo atendimento em grupo com foco em sa\u00fade mental, aos estudantes da UFSM&#8221;, &#8220;Como funciona esse grupo? Esse \u00e9 um espa\u00e7o seguro. A participa\u00e7\u00e3o no grupo permite o compartilhamento de experi\u00eancias, viv\u00eancias e sentimentos, possibilitando o apoio e suporte m\u00fatuo dos participantes entre si, a partir de um olhar de cuidado e respeito \u00e0s particularidades de cada um&#8221;, &#8220;Quando? Os encontros do grupo acontecem desde 2020, sendo realizados semanalmente de forma online atrav\u00e9s do Google Meet, com dura\u00e7\u00e3o aproximada de 1h.&#8221;. No \u00e2ngulo inferior direito, dentro de um ret\u00e2ngulo na cor azul, leem-se informa\u00e7\u00f5es sobre os idealizadores do trabalho e formas de contato: &#8220;Prof\u00aa Fernanda Nunes da Rosa Mangini, Coordenadora UFSM&#8221;, &#8220;Igor Sastro Nunes, Assistente Social, Residente de Sa\u00fade Mental na Escola de Sa\u00fade P\u00fablica&#8221;, &#8220;grupodesaudementalufsm@gmail. com&#8221;, &#8220;(55) 991510327&#8221;.\u00a0<\/p>\n<p><img fetchpriority=\"high\" decoding=\"async\" class=\"alignnone size-medium wp-image-4387 aligncenter\" src=\"https:\/\/www.ufsm.br\/app\/uploads\/sites\/391\/2021\/06\/COMO-VAI-SUA-SAUDE-MENTAL-212x300.jpeg\" alt=\"\" width=\"212\" height=\"300\" srcset=\"https:\/\/www.ufsm.br\/app\/uploads\/sites\/391\/2021\/06\/COMO-VAI-SUA-SAUDE-MENTAL-212x300.jpeg 212w, https:\/\/www.ufsm.br\/app\/uploads\/sites\/391\/2021\/06\/COMO-VAI-SUA-SAUDE-MENTAL-723x1024.jpeg 723w, https:\/\/www.ufsm.br\/app\/uploads\/sites\/391\/2021\/06\/COMO-VAI-SUA-SAUDE-MENTAL-768x1087.jpeg 768w, https:\/\/www.ufsm.br\/app\/uploads\/sites\/391\/2021\/06\/COMO-VAI-SUA-SAUDE-MENTAL.jpeg 904w\" sizes=\"(max-width: 212px) 100vw, 212px\" \/><\/p>\n<p>\u00a0<\/p>\n","protected":false},"excerpt":{"rendered":"<p>A Universidade Federal de Santa Maria(UFSM)\/Coordenadoria de A\u00e7\u00f5es Educacionais(CAEd) soma-se \u00e0 divulga\u00e7\u00e3o de programa de acompanhamento de estudantes em vulnerabilidade social e de suas fam\u00edlias, cujos atendimentos ocorrer\u00e3o por meio de atendimento em grupo, com foco em sa\u00fade mental. O contato pode ser realizado por meio do e-mail grupodesaudementalufsm@gmail.com e do fone (55) 991510327.\u00a0 DESCRI\u00c7\u00c3O [&hellip;]<\/p>\n","protected":false},"author":252,"featured_media":0,"comment_status":"closed","ping_status":"closed","sticky":false,"template":"","format":"standard","meta":{"footnotes":""},"categories":[1],"tags":[],"class_list":["post-4386","post","type-post","status-publish","format-standard","hentry","category-sem-categoria"],"acf":[],"_links":{"self":[{"href":"https:\/\/www.ufsm.br\/pro-reitorias\/prograd\/caed\/wp-json\/wp\/v2\/posts\/4386","targetHints":{"allow":["GET"]}}],"collection":[{"href":"https:\/\/www.ufsm.br\/pro-reitorias\/prograd\/caed\/wp-json\/wp\/v2\/posts"}],"about":[{"href":"https:\/\/www.ufsm.br\/pro-reitorias\/prograd\/caed\/wp-json\/wp\/v2\/types\/post"}],"author":[{"embeddable":true,"href":"https:\/\/www.ufsm.br\/pro-reitorias\/prograd\/caed\/wp-json\/wp\/v2\/users\/252"}],"replies":[{"embeddable":true,"href":"https:\/\/www.ufsm.br\/pro-reitorias\/prograd\/caed\/wp-json\/wp\/v2\/comments?post=4386"}],"version-history":[{"count":0,"href":"https:\/\/www.ufsm.br\/pro-reitorias\/prograd\/caed\/wp-json\/wp\/v2\/posts\/4386\/revisions"}],"wp:attachment":[{"href":"https:\/\/www.ufsm.br\/pro-reitorias\/prograd\/caed\/wp-json\/wp\/v2\/media?parent=4386"}],"wp:term":[{"taxonomy":"category","embeddable":true,"href":"https:\/\/www.ufsm.br\/pro-reitorias\/prograd\/caed\/wp-json\/wp\/v2\/categories?post=4386"},{"taxonomy":"post_tag","embeddable":true,"href":"https:\/\/www.ufsm.br\/pro-reitorias\/prograd\/caed\/wp-json\/wp\/v2\/tags?post=4386"}],"curies":[{"name":"wp","href":"https:\/\/api.w.org\/{rel}","templated":true}]}}