{"id":4388,"date":"2021-06-24T20:00:34","date_gmt":"2021-06-24T23:00:34","guid":{"rendered":"https:\/\/www.ufsm.br\/orgaos-executivos\/caed\/?p=4388"},"modified":"2021-11-11T15:59:04","modified_gmt":"2021-11-11T18:59:04","slug":"programacao-de-eventos-caed-prograd-semana-de-28-06-a-03-07","status":"publish","type":"post","link":"https:\/\/www.ufsm.br\/pro-reitorias\/prograd\/caed\/2021\/06\/24\/programacao-de-eventos-caed-prograd-semana-de-28-06-a-03-07","title":{"rendered":"Programa\u00e7\u00e3o de eventos CAED-PROGRAD: semana de 28\/06 a 03\/07"},"content":{"rendered":"\n<p>Para atualiz\u00e1-los sobre as a\u00e7\u00f5es da CAED-PROGRAD, no final da semana publicaremos um card com a programa\u00e7\u00e3o dos pr\u00f3ximos eventos. Fiquem atentos!<\/p>\n<p><strong>Semana de 28\/06 a 03\/07\/21<\/strong><\/p>\n<p>\ud83d\udccdPalestra dia 29\/06 &#8211; Estrat\u00e9gias para o Atendimento Educacional Especializado Remoto na Educa\u00e7\u00e3o Tecnol\u00f3gica e Superior<br>Informa\u00e7\u00f5es: <a href=\"https:\/\/www.ufsm.br\/orgaos-executivos\/caed\/2021\/06\/18\/estrategias-para-o-atendimento-educacional-especializado-remoto-na-educacao-tecnologica-e-superior\/\">https:\/\/www.ufsm.br\/orgaos-executivos\/caed\/2021\/06\/18\/estrategias-para-o-atendimento-educacional-especializado-remoto-na-educacao-tecnologica-e-superior\/<\/a><\/p>\n<p>\ud83d\udccdGrupo de escuta e reflex\u00e3o dia 30\/06 &#8211; Estou na Universidade, e agora?<br>Informa\u00e7\u00f5es: <a href=\"https:\/\/www.ufsm.br\/orgaos-executivos\/caed\/2021\/06\/16\/grupoterapias-estou-na-universidade-e-agora\/\">https:\/\/www.ufsm.br\/orgaos-executivos\/caed\/2021\/06\/16\/grupoterapias-estou-na-universidade-e-agora\/<\/a><\/p>\n<p>\ud83d\udccdCapacita\u00e7\u00e3o dia 30\/06 &#8211; Oficina de NVDA (Apenas para alunos com defici\u00eancia visual e dislexia).<\/p>\n\n\n<p><img fetchpriority=\"high\" decoding=\"async\" class=\"aligncenter\" src=\"https:\/\/www.ufsm.br\/app\/uploads\/sites\/391\/2021\/06\/WhatsApp-Image-2021-06-24-at-11.25.06-1024x723.jpeg\" alt=\"Quadro com a programa\u00e7\u00e3o mencionada na not\u00edcia\" width=\"1024\" height=\"723\" \/><\/p>","protected":false},"excerpt":{"rendered":"<p>Para atualiz\u00e1-los sobre as a\u00e7\u00f5es da CAED-PROGRAD, no final da semana publicaremos um card com a programa\u00e7\u00e3o dos pr\u00f3ximos eventos. Fiquem atentos! Semana de 28\/06 a 03\/07\/21 \ud83d\udccdPalestra dia 29\/06 &#8211; Estrat\u00e9gias para o Atendimento Educacional Especializado Remoto na Educa\u00e7\u00e3o Tecnol\u00f3gica e SuperiorInforma\u00e7\u00f5es: https:\/\/www.ufsm.br\/orgaos-executivos\/caed\/2021\/06\/18\/estrategias-para-o-atendimento-educacional-especializado-remoto-na-educacao-tecnologica-e-superior\/ \ud83d\udccdGrupo de escuta e reflex\u00e3o dia 30\/06 &#8211; Estou na Universidade, [&hellip;]<\/p>\n","protected":false},"author":281,"featured_media":4392,"comment_status":"closed","ping_status":"closed","sticky":false,"template":"","format":"standard","meta":{"footnotes":""},"categories":[1],"tags":[],"class_list":["post-4388","post","type-post","status-publish","format-standard","has-post-thumbnail","hentry","category-sem-categoria"],"acf":[],"_links":{"self":[{"href":"https:\/\/www.ufsm.br\/pro-reitorias\/prograd\/caed\/wp-json\/wp\/v2\/posts\/4388","targetHints":{"allow":["GET"]}}],"collection":[{"href":"https:\/\/www.ufsm.br\/pro-reitorias\/prograd\/caed\/wp-json\/wp\/v2\/posts"}],"about":[{"href":"https:\/\/www.ufsm.br\/pro-reitorias\/prograd\/caed\/wp-json\/wp\/v2\/types\/post"}],"author":[{"embeddable":true,"href":"https:\/\/www.ufsm.br\/pro-reitorias\/prograd\/caed\/wp-json\/wp\/v2\/users\/281"}],"replies":[{"embeddable":true,"href":"https:\/\/www.ufsm.br\/pro-reitorias\/prograd\/caed\/wp-json\/wp\/v2\/comments?post=4388"}],"version-history":[{"count":0,"href":"https:\/\/www.ufsm.br\/pro-reitorias\/prograd\/caed\/wp-json\/wp\/v2\/posts\/4388\/revisions"}],"wp:featuredmedia":[{"embeddable":true,"href":"https:\/\/www.ufsm.br\/pro-reitorias\/prograd\/caed\/wp-json\/wp\/v2\/media\/4392"}],"wp:attachment":[{"href":"https:\/\/www.ufsm.br\/pro-reitorias\/prograd\/caed\/wp-json\/wp\/v2\/media?parent=4388"}],"wp:term":[{"taxonomy":"category","embeddable":true,"href":"https:\/\/www.ufsm.br\/pro-reitorias\/prograd\/caed\/wp-json\/wp\/v2\/categories?post=4388"},{"taxonomy":"post_tag","embeddable":true,"href":"https:\/\/www.ufsm.br\/pro-reitorias\/prograd\/caed\/wp-json\/wp\/v2\/tags?post=4388"}],"curies":[{"name":"wp","href":"https:\/\/api.w.org\/{rel}","templated":true}]}}