{"id":4406,"date":"2021-06-25T14:45:07","date_gmt":"2021-06-25T17:45:07","guid":{"rendered":"https:\/\/www.ufsm.br\/orgaos-executivos\/caed\/?p=4406"},"modified":"2021-06-25T14:45:46","modified_gmt":"2021-06-25T17:45:46","slug":"chamada-interna-no-01-2021-selecao-de-bolsistas-de-extensao-edital-fiex-centro-de-ciencias-da-saude-ccs-projeto-psicoeducacao-e-primeiros-cuidados","status":"publish","type":"post","link":"https:\/\/www.ufsm.br\/pro-reitorias\/prograd\/caed\/2021\/06\/25\/chamada-interna-no-01-2021-selecao-de-bolsistas-de-extensao-edital-fiex-centro-de-ciencias-da-saude-ccs-projeto-psicoeducacao-e-primeiros-cuidados","title":{"rendered":"CHAMADA INTERNA N\u00ba 01\/2021 \u2013 SELE\u00c7\u00c3O DE BOLSISTAS DE EXTENS\u00c3O &#8211; EDITAL FIEX \u2013 CENTRO DE CI\u00caNCIAS DA SA\u00daDE (CCS) &#8211; PROJETO \u201cPSICOEDUCA\u00c7\u00c3O E PRIMEIROS CUIDADOS                                        PSICOL\u00d3GICOS COMO ESTRAT\u00c9GIAS DE PREVEN\u00c7\u00c3O E PROMO\u00c7\u00c3O DA SA\u00daDE DURANTE A PANDEMIA DE COVID-19\u201d"},"content":{"rendered":"\n<p>A Universidade Federal de Santa Maria(UFSM)\/Coordenadoria de A\u00e7\u00f5es Educacionais(CAEd) soma-se \u00e0 divulga\u00e7\u00e3o de chamada interna para sele\u00e7\u00e3o de bolsistas, com inscri\u00e7\u00f5es de 25 a 28 de junho de 2021.\u00a0<\/p>\n<p>Em anexo, o edital na \u00edntegra e a ficha de inscri\u00e7\u00e3o, em formato Word.\u00a0<\/p>\n<p><a href=\"https:\/\/www.ufsm.br\/app\/uploads\/sites\/391\/2021\/06\/EDITAL-FIEX-CCS-SELECAO-DE-BOLSISTAS-PSICOEDUCACAO-E-PRIMEIROS-CUIDADOS-PSICOLOGICOS-COMO-ESTRATEGIAS-DE-PREVENCAO-E-PROMOCAO-DA-SAUDE-DURANTE-A-PANDEMIA-DE-COVID-19.pdf\">EDITAL FIEX CCS &#8211; SELE\u00c7\u00c3O DE BOLSISTAS &#8211; PSICOEDUCA\u00c7\u00c3O E PRIMEIROS CUIDADOS PSICOL\u00d3GICOS COMO ESTRAT\u00c9GIAS DE PREVEN\u00c7\u00c3O E PROMO\u00c7\u00c3O DA SA\u00daDE DURANTE A PANDEMIA DE COVID-19<\/a><\/p>\n<p><a href=\"https:\/\/www.ufsm.br\/app\/uploads\/sites\/391\/2021\/06\/FICHA-DE-INSCRICAO-PSICOEDUCACAO-E-PRIMEIROS-CUIDADOS-PSICOLOGICOS-COMO-ESTRATEGIAS-DE-PREVENCAO-E-PROMOCAO-DA-SAUDE-DURANTE-A-PANDEMIA-DE-COVID-19.docx\">FICHA DE INSCRI\u00c7\u00c3O &#8211; PSICOEDUCA\u00c7\u00c3O E PRIMEIROS CUIDADOS PSICOL\u00d3GICOS COMO ESTRAT\u00c9GIAS DE PREVEN\u00c7\u00c3O E PROMO\u00c7\u00c3O DA SA\u00daDE DURANTE A PANDEMIA DE COVID-19<\/a><\/p>\n<p>\u00a0<\/p>\n","protected":false},"excerpt":{"rendered":"<p>A Universidade Federal de Santa Maria(UFSM)\/Coordenadoria de A\u00e7\u00f5es Educacionais(CAEd) soma-se \u00e0 divulga\u00e7\u00e3o de chamada interna para sele\u00e7\u00e3o de bolsistas, com inscri\u00e7\u00f5es de 25 a 28 de junho de 2021.\u00a0 Em anexo, o edital na \u00edntegra e a ficha de inscri\u00e7\u00e3o, em formato Word.\u00a0 EDITAL FIEX CCS &#8211; SELE\u00c7\u00c3O DE BOLSISTAS &#8211; PSICOEDUCA\u00c7\u00c3O E PRIMEIROS CUIDADOS [&hellip;]<\/p>\n","protected":false},"author":252,"featured_media":0,"comment_status":"closed","ping_status":"closed","sticky":false,"template":"","format":"standard","meta":{"footnotes":""},"categories":[1],"tags":[],"class_list":["post-4406","post","type-post","status-publish","format-standard","hentry","category-sem-categoria"],"acf":[],"_links":{"self":[{"href":"https:\/\/www.ufsm.br\/pro-reitorias\/prograd\/caed\/wp-json\/wp\/v2\/posts\/4406","targetHints":{"allow":["GET"]}}],"collection":[{"href":"https:\/\/www.ufsm.br\/pro-reitorias\/prograd\/caed\/wp-json\/wp\/v2\/posts"}],"about":[{"href":"https:\/\/www.ufsm.br\/pro-reitorias\/prograd\/caed\/wp-json\/wp\/v2\/types\/post"}],"author":[{"embeddable":true,"href":"https:\/\/www.ufsm.br\/pro-reitorias\/prograd\/caed\/wp-json\/wp\/v2\/users\/252"}],"replies":[{"embeddable":true,"href":"https:\/\/www.ufsm.br\/pro-reitorias\/prograd\/caed\/wp-json\/wp\/v2\/comments?post=4406"}],"version-history":[{"count":0,"href":"https:\/\/www.ufsm.br\/pro-reitorias\/prograd\/caed\/wp-json\/wp\/v2\/posts\/4406\/revisions"}],"wp:attachment":[{"href":"https:\/\/www.ufsm.br\/pro-reitorias\/prograd\/caed\/wp-json\/wp\/v2\/media?parent=4406"}],"wp:term":[{"taxonomy":"category","embeddable":true,"href":"https:\/\/www.ufsm.br\/pro-reitorias\/prograd\/caed\/wp-json\/wp\/v2\/categories?post=4406"},{"taxonomy":"post_tag","embeddable":true,"href":"https:\/\/www.ufsm.br\/pro-reitorias\/prograd\/caed\/wp-json\/wp\/v2\/tags?post=4406"}],"curies":[{"name":"wp","href":"https:\/\/api.w.org\/{rel}","templated":true}]}}