{"id":4416,"date":"2021-06-28T12:29:37","date_gmt":"2021-06-28T15:29:37","guid":{"rendered":"https:\/\/www.ufsm.br\/orgaos-executivos\/caed\/?p=4416"},"modified":"2021-11-11T15:59:42","modified_gmt":"2021-11-11T18:59:42","slug":"selecao-de-bolsa-pos-graduacao-caed","status":"publish","type":"post","link":"https:\/\/www.ufsm.br\/pro-reitorias\/prograd\/caed\/2021\/06\/28\/selecao-de-bolsa-pos-graduacao-caed","title":{"rendered":"Sele\u00e7\u00e3o de bolsa p\u00f3s-gradua\u00e7\u00e3o CAED"},"content":{"rendered":"\n<p>Comunicamos a abertura de inscri\u00e7\u00f5es para cadastro reserva para bolsas nas \u00e1reas de<strong> Educa\u00e7\u00e3o Especial, Hist\u00f3ria, Pedagogia, Psicologia, Psicopedagogia, Servi\u00e7o Social <\/strong>e<strong> Terapia Ocupacional, <\/strong>referente ao projeto Redes de Aprendizagem, da Coordenadoria de A\u00e7\u00f5es Educacionais (CAEd).\u00a0<\/p>\n<p>Informa\u00e7\u00f5es no Edital 002\/2021 <a href=\"https:\/\/www.ufsm.br\/app\/uploads\/sites\/391\/2021\/06\/EDITAL-POS-GRADUACAO-junho-2021.pdf\">AQUI<\/a><\/p>\n<p><img fetchpriority=\"high\" decoding=\"async\" class=\"aligncenter wp-image-4418 size-large\" src=\"https:\/\/www.ufsm.br\/app\/uploads\/sites\/391\/2021\/06\/WhatsApp-Image-2021-06-28-at-13.31.06-1024x1024.jpeg\" alt=\"Coordenadoria de A\u00e7\u00f5es Educacionais - Sele\u00e7\u00e3o de bolsa: Para estudantes da p\u00f3s-gradua\u00e7\u00e3o da UFSM. \u00c1reas: Educa\u00e7\u00e3o Especial, Hist\u00f3ria, Pedagogia, Psicologia, Psicopedagogia, Servi\u00e7o Social e Terapia Ocupacional. Inscri\u00e7\u00f5es at\u00e9 7\/07 pelo email caed@ufsm.br\" width=\"1024\" height=\"1024\" srcset=\"https:\/\/www.ufsm.br\/app\/uploads\/sites\/391\/2021\/06\/WhatsApp-Image-2021-06-28-at-13.31.06-1024x1024.jpeg 1024w, https:\/\/www.ufsm.br\/app\/uploads\/sites\/391\/2021\/06\/WhatsApp-Image-2021-06-28-at-13.31.06-300x300.jpeg 300w, https:\/\/www.ufsm.br\/app\/uploads\/sites\/391\/2021\/06\/WhatsApp-Image-2021-06-28-at-13.31.06-150x150.jpeg 150w, https:\/\/www.ufsm.br\/app\/uploads\/sites\/391\/2021\/06\/WhatsApp-Image-2021-06-28-at-13.31.06-768x768.jpeg 768w, https:\/\/www.ufsm.br\/app\/uploads\/sites\/391\/2021\/06\/WhatsApp-Image-2021-06-28-at-13.31.06.jpeg 1080w\" sizes=\"(max-width: 1024px) 100vw, 1024px\" \/><\/p>\n<p>\u00a0<\/p>\n","protected":false},"excerpt":{"rendered":"<p>Comunicamos a abertura de inscri\u00e7\u00f5es para cadastro reserva para bolsas nas \u00e1reas de Educa\u00e7\u00e3o Especial, Hist\u00f3ria, Pedagogia, Psicologia, Psicopedagogia, Servi\u00e7o Social e Terapia Ocupacional, referente ao projeto Redes de Aprendizagem, da Coordenadoria de A\u00e7\u00f5es Educacionais (CAEd).\u00a0 Informa\u00e7\u00f5es no Edital 002\/2021 AQUI \u00a0<\/p>\n","protected":false},"author":281,"featured_media":4419,"comment_status":"closed","ping_status":"closed","sticky":false,"template":"","format":"standard","meta":{"footnotes":""},"categories":[1],"tags":[],"class_list":["post-4416","post","type-post","status-publish","format-standard","has-post-thumbnail","hentry","category-sem-categoria"],"acf":[],"_links":{"self":[{"href":"https:\/\/www.ufsm.br\/pro-reitorias\/prograd\/caed\/wp-json\/wp\/v2\/posts\/4416","targetHints":{"allow":["GET"]}}],"collection":[{"href":"https:\/\/www.ufsm.br\/pro-reitorias\/prograd\/caed\/wp-json\/wp\/v2\/posts"}],"about":[{"href":"https:\/\/www.ufsm.br\/pro-reitorias\/prograd\/caed\/wp-json\/wp\/v2\/types\/post"}],"author":[{"embeddable":true,"href":"https:\/\/www.ufsm.br\/pro-reitorias\/prograd\/caed\/wp-json\/wp\/v2\/users\/281"}],"replies":[{"embeddable":true,"href":"https:\/\/www.ufsm.br\/pro-reitorias\/prograd\/caed\/wp-json\/wp\/v2\/comments?post=4416"}],"version-history":[{"count":0,"href":"https:\/\/www.ufsm.br\/pro-reitorias\/prograd\/caed\/wp-json\/wp\/v2\/posts\/4416\/revisions"}],"wp:featuredmedia":[{"embeddable":true,"href":"https:\/\/www.ufsm.br\/pro-reitorias\/prograd\/caed\/wp-json\/wp\/v2\/media\/4419"}],"wp:attachment":[{"href":"https:\/\/www.ufsm.br\/pro-reitorias\/prograd\/caed\/wp-json\/wp\/v2\/media?parent=4416"}],"wp:term":[{"taxonomy":"category","embeddable":true,"href":"https:\/\/www.ufsm.br\/pro-reitorias\/prograd\/caed\/wp-json\/wp\/v2\/categories?post=4416"},{"taxonomy":"post_tag","embeddable":true,"href":"https:\/\/www.ufsm.br\/pro-reitorias\/prograd\/caed\/wp-json\/wp\/v2\/tags?post=4416"}],"curies":[{"name":"wp","href":"https:\/\/api.w.org\/{rel}","templated":true}]}}