{"id":4420,"date":"2021-06-29T16:14:27","date_gmt":"2021-06-29T19:14:27","guid":{"rendered":"https:\/\/www.ufsm.br\/orgaos-executivos\/caed\/?p=4420"},"modified":"2021-06-29T17:53:34","modified_gmt":"2021-06-29T20:53:34","slug":"resultado-preliminar-chamada-interna-no-01-2021-selecao-de-bolsistas-de-extensao-edital-fiex-centro-de-ciencias-da-saude-ccs-projeto-psicoeducacao","status":"publish","type":"post","link":"https:\/\/www.ufsm.br\/pro-reitorias\/prograd\/caed\/2021\/06\/29\/resultado-preliminar-chamada-interna-no-01-2021-selecao-de-bolsistas-de-extensao-edital-fiex-centro-de-ciencias-da-saude-ccs-projeto-psicoeducacao","title":{"rendered":"RESULTADO PRELIMINAR &#8211; CHAMADA INTERNA N\u00ba 01\/2021 \u2013 SELE\u00c7\u00c3O DE BOLSISTAS DE EXTENS\u00c3O \u2013 EDITAL FIEX \u2013 CENTRO DE CI\u00caNCIAS DA SA\u00daDE (CCS) \u2013 PROJETO \u201cPSICOEDUCA\u00c7\u00c3O E PRIMEIROS CUIDADOS PSICOL\u00d3GICOS COMO ESTRAT\u00c9GIAS DE PREVEN\u00c7\u00c3O E PROMO\u00c7\u00c3O DA SA\u00daDE DURANTE A PANDEMIA DE COVID-19\u201d"},"content":{"rendered":"\n<p>A Universidade Federal de Santa Maria(UFSM)\/Coordenadoria de A\u00e7\u00f5es Educacionais(CAEd) soma-se \u00e0 divulga\u00e7\u00e3o, em anexo, do resultado preliminar do edital.<\/p>\n<p><a href=\"https:\/\/www.ufsm.br\/app\/uploads\/sites\/391\/2021\/06\/RESULTADO-EDITAL-COVIDPSIQ-FIEX.xlsx\">RESULTADO EDITAL COVIDPSIQ FIEX<\/a><\/p>\n<p>\u00a0<\/p>\n","protected":false},"excerpt":{"rendered":"<p>A Universidade Federal de Santa Maria(UFSM)\/Coordenadoria de A\u00e7\u00f5es Educacionais(CAEd) soma-se \u00e0 divulga\u00e7\u00e3o, em anexo, do resultado preliminar do edital. RESULTADO EDITAL COVIDPSIQ FIEX \u00a0<\/p>\n","protected":false},"author":252,"featured_media":0,"comment_status":"closed","ping_status":"closed","sticky":false,"template":"","format":"standard","meta":{"footnotes":""},"categories":[1],"tags":[],"class_list":["post-4420","post","type-post","status-publish","format-standard","hentry","category-sem-categoria"],"acf":[],"_links":{"self":[{"href":"https:\/\/www.ufsm.br\/pro-reitorias\/prograd\/caed\/wp-json\/wp\/v2\/posts\/4420","targetHints":{"allow":["GET"]}}],"collection":[{"href":"https:\/\/www.ufsm.br\/pro-reitorias\/prograd\/caed\/wp-json\/wp\/v2\/posts"}],"about":[{"href":"https:\/\/www.ufsm.br\/pro-reitorias\/prograd\/caed\/wp-json\/wp\/v2\/types\/post"}],"author":[{"embeddable":true,"href":"https:\/\/www.ufsm.br\/pro-reitorias\/prograd\/caed\/wp-json\/wp\/v2\/users\/252"}],"replies":[{"embeddable":true,"href":"https:\/\/www.ufsm.br\/pro-reitorias\/prograd\/caed\/wp-json\/wp\/v2\/comments?post=4420"}],"version-history":[{"count":0,"href":"https:\/\/www.ufsm.br\/pro-reitorias\/prograd\/caed\/wp-json\/wp\/v2\/posts\/4420\/revisions"}],"wp:attachment":[{"href":"https:\/\/www.ufsm.br\/pro-reitorias\/prograd\/caed\/wp-json\/wp\/v2\/media?parent=4420"}],"wp:term":[{"taxonomy":"category","embeddable":true,"href":"https:\/\/www.ufsm.br\/pro-reitorias\/prograd\/caed\/wp-json\/wp\/v2\/categories?post=4420"},{"taxonomy":"post_tag","embeddable":true,"href":"https:\/\/www.ufsm.br\/pro-reitorias\/prograd\/caed\/wp-json\/wp\/v2\/tags?post=4420"}],"curies":[{"name":"wp","href":"https:\/\/api.w.org\/{rel}","templated":true}]}}