{"id":4423,"date":"2021-06-30T11:23:44","date_gmt":"2021-06-30T14:23:44","guid":{"rendered":"https:\/\/www.ufsm.br\/orgaos-executivos\/caed\/?p=4423"},"modified":"2021-06-30T17:49:40","modified_gmt":"2021-06-30T20:49:40","slug":"resultado-final-chamada-interna-no-01-2021-selecao-de-bolsistas-de-extensao-edital-fiex-centro-de-ciencias-da-saude-ccs-projeto-psicoeducaca","status":"publish","type":"post","link":"https:\/\/www.ufsm.br\/pro-reitorias\/prograd\/caed\/2021\/06\/30\/resultado-final-chamada-interna-no-01-2021-selecao-de-bolsistas-de-extensao-edital-fiex-centro-de-ciencias-da-saude-ccs-projeto-psicoeducaca","title":{"rendered":"RESULTADO FINAL\u2013 CHAMADA INTERNA N\u00ba 01\/2021 \u2013 SELE\u00c7\u00c3O DE BOLSISTAS DE EXTENS\u00c3O \u2013 EDITAL FIEX \u2013 CENTRO DE CI\u00caNCIAS DA SA\u00daDE (CCS) \u2013 PROJETO \u201cPSICOEDUCA\u00c7\u00c3O E PRIMEIROS CUIDADOS PSICOL\u00d3GICOS COMO ESTRAT\u00c9GIAS DE PREVEN\u00c7\u00c3O E PROMO\u00c7\u00c3O DA SA\u00daDE DURANTE A PANDEMIA DE COVID-19\u201d"},"content":{"rendered":"\n<p>A Universidade Federal de Santa Maria(UFSM)\/Coordenadoria de A\u00e7\u00f5es Educacionais(CAEd) soma-se \u00e0 divulga\u00e7\u00e3o, em anexo, do resultado final do edital.<\/p>\n<p><a href=\"https:\/\/www.ufsm.br\/app\/uploads\/sites\/391\/2021\/06\/RESULTADO-FINAL-EDITAL-FIEX-CCS.pdf\">RESULTADO FINAL EDITAL FIEX CCS<\/a>\u00a0<\/p>\n","protected":false},"excerpt":{"rendered":"<p>A Universidade Federal de Santa Maria(UFSM)\/Coordenadoria de A\u00e7\u00f5es Educacionais(CAEd) soma-se \u00e0 divulga\u00e7\u00e3o, em anexo, do resultado final do edital. RESULTADO FINAL EDITAL FIEX CCS\u00a0<\/p>\n","protected":false},"author":252,"featured_media":0,"comment_status":"closed","ping_status":"closed","sticky":false,"template":"","format":"standard","meta":{"footnotes":""},"categories":[1],"tags":[],"class_list":["post-4423","post","type-post","status-publish","format-standard","hentry","category-sem-categoria"],"acf":[],"_links":{"self":[{"href":"https:\/\/www.ufsm.br\/pro-reitorias\/prograd\/caed\/wp-json\/wp\/v2\/posts\/4423","targetHints":{"allow":["GET"]}}],"collection":[{"href":"https:\/\/www.ufsm.br\/pro-reitorias\/prograd\/caed\/wp-json\/wp\/v2\/posts"}],"about":[{"href":"https:\/\/www.ufsm.br\/pro-reitorias\/prograd\/caed\/wp-json\/wp\/v2\/types\/post"}],"author":[{"embeddable":true,"href":"https:\/\/www.ufsm.br\/pro-reitorias\/prograd\/caed\/wp-json\/wp\/v2\/users\/252"}],"replies":[{"embeddable":true,"href":"https:\/\/www.ufsm.br\/pro-reitorias\/prograd\/caed\/wp-json\/wp\/v2\/comments?post=4423"}],"version-history":[{"count":0,"href":"https:\/\/www.ufsm.br\/pro-reitorias\/prograd\/caed\/wp-json\/wp\/v2\/posts\/4423\/revisions"}],"wp:attachment":[{"href":"https:\/\/www.ufsm.br\/pro-reitorias\/prograd\/caed\/wp-json\/wp\/v2\/media?parent=4423"}],"wp:term":[{"taxonomy":"category","embeddable":true,"href":"https:\/\/www.ufsm.br\/pro-reitorias\/prograd\/caed\/wp-json\/wp\/v2\/categories?post=4423"},{"taxonomy":"post_tag","embeddable":true,"href":"https:\/\/www.ufsm.br\/pro-reitorias\/prograd\/caed\/wp-json\/wp\/v2\/tags?post=4423"}],"curies":[{"name":"wp","href":"https:\/\/api.w.org\/{rel}","templated":true}]}}