{"id":4425,"date":"2021-06-30T22:19:12","date_gmt":"2021-07-01T01:19:12","guid":{"rendered":"https:\/\/www.ufsm.br\/orgaos-executivos\/caed\/?p=4425"},"modified":"2021-11-05T00:35:18","modified_gmt":"2021-11-05T03:35:18","slug":"covid-19-publicacoes-referentes-ao-periodo-de-suspensao-das-atividades-presenciais-na-ufsm-2","status":"publish","type":"post","link":"https:\/\/www.ufsm.br\/pro-reitorias\/prograd\/caed\/2021\/06\/30\/covid-19-publicacoes-referentes-ao-periodo-de-suspensao-das-atividades-presenciais-na-ufsm-2","title":{"rendered":"COVID-19 &#8211; PUBLICAC\u00d5ES REFERENTES AO PER\u00cdODO DE SUSPENS\u00c3O DAS ATIVIDADES PRESENCIAIS NA UFSM"},"content":{"rendered":"\n<p>A Universidade Federal de Santa Maria (UFSM)\/Coordenadoria de A\u00e7\u00f5es Educacionais (CAEd) condensa as publica\u00e7\u00f5es realizadas que est\u00e3o sendo realizadas durante o per\u00edodo de suspens\u00e3o das atividades presenciais na UFSM, fato esse decorrente da pandemia do COVID-19, para facilitar o acesso a todas as informa\u00e7\u00f5es j\u00e1 prestadas via este meio de comunica\u00e7\u00e3o.\u00a0<\/p>\n<p>27-10-2021 <a href=\"https:\/\/www.ufsm.br\/orgaos-executivos\/caed\/2021\/10\/27\/4826\/\">https:\/\/www.ufsm.br\/orgaos-executivos\/caed\/2021\/10\/27\/4826\/<\/a><\/p>\n<p>27-10-2021 <a href=\"https:\/\/www.ufsm.br\/orgaos-executivos\/caed\/2021\/10\/27\/selecao-para-bolsista-subdivisao-de-acessibilidade\/\">https:\/\/www.ufsm.br\/orgaos-executivos\/caed\/2021\/10\/27\/selecao-para-bolsista-subdivisao-de-acessibilidade\/<\/a><\/p>\n<p>18-10-2021<a href=\"https:\/\/www.ufsm.br\/orgaos-executivos\/caed\/2021\/10\/18\/ii-forum-integrado-de-acoes-afirmativas-e-assistencia-estudantil\/\"> https:\/\/www.ufsm.br\/orgaos-executivos\/caed\/2021\/10\/18\/ii-forum-integrado-de-acoes-afirmativas-e-assistencia-estudantil\/<\/a><\/p>\n<p>15-10-2021 <a href=\"https:\/\/www.ufsm.br\/orgaos-executivos\/caed\/2021\/10\/15\/pre-conferencia-de-saude-mental-gestao-financiamento-formacao-e-participacao-social\/\">https:\/\/www.ufsm.br\/orgaos-executivos\/caed\/2021\/10\/15\/pre-conferencia-de-saude-mental-gestao-financiamento-formacao-e-participacao-social\/<\/a><\/p>\n<p>13-10-2021 <a href=\"https:\/\/www.ufsm.br\/orgaos-executivos\/caed\/2021\/10\/13\/inscricoes-para-o-curso-online-de-libras-nivel-basico\/\">https:\/\/www.ufsm.br\/orgaos-executivos\/caed\/2021\/10\/13\/inscricoes-para-o-curso-online-de-libras-nivel-basico\/<\/a><\/p>\n<p>08-10-2021 <a href=\"https:\/\/www.ufsm.br\/orgaos-executivos\/caed\/2021\/10\/08\/tradutores-interpretes-de-libras-da-ufsm-formacao-para-a-equipe\/\">https:\/\/www.ufsm.br\/orgaos-executivos\/caed\/2021\/10\/08\/tradutores-interpretes-de-libras-da-ufsm-formacao-para-a-equipe\/<\/a><\/p>\n<p>28-09-2021 <a href=\"https:\/\/www.ufsm.br\/orgaos-executivos\/caed\/2021\/09\/28\/edital-003-2021-resultado-final-projeto-redes-de-aprendizagem\/\">https:\/\/www.ufsm.br\/orgaos-executivos\/caed\/2021\/09\/28\/edital-003-2021-resultado-final-projeto-redes-de-aprendizagem\/<\/a><\/p>\n<p>24-09-2021 <a href=\"https:\/\/www.ufsm.br\/orgaos-executivos\/caed\/2021\/09\/24\/edital-003-2021-resultado-preliminar\/\">https:\/\/www.ufsm.br\/orgaos-executivos\/caed\/2021\/09\/24\/edital-003-2021-resultado-preliminar\/<\/a><\/p>\n<p>21-09-2021 <a href=\"https:\/\/www.ufsm.br\/orgaos-executivos\/caed\/2021\/09\/21\/setembro-amarelo-com-o-esporte-universitario\/\">https:\/\/www.ufsm.br\/orgaos-executivos\/caed\/2021\/09\/21\/setembro-amarelo-com-o-esporte-universitario\/<\/a><\/p>\n<p>21-09-2021<a href=\"https:\/\/www.ufsm.br\/orgaos-executivos\/caed\/2021\/09\/21\/edital-003-2021-cronograma-de-entrevistas\/\"> https:\/\/www.ufsm.br\/orgaos-executivos\/caed\/2021\/09\/21\/edital-003-2021-cronograma-de-entrevistas\/<\/a><\/p>\n<p>16-09-2021<a href=\"https:\/\/www.ufsm.br\/orgaos-executivos\/caed\/2021\/09\/16\/edital-003-2021-resultado-da-primeira-etapa\/\"> https:\/\/www.ufsm.br\/orgaos-executivos\/caed\/2021\/09\/16\/edital-003-2021-resultado-da-primeira-etapa\/<\/a><\/p>\n<p>06-09-2021 <a href=\"https:\/\/www.ufsm.br\/orgaos-executivos\/caed\/2021\/09\/06\/selecao-de-bolsistas-para-o-edital-fien-2021\/\">https:\/\/www.ufsm.br\/orgaos-executivos\/caed\/2021\/09\/06\/selecao-de-bolsistas-para-o-edital-fien-2021\/<\/a><\/p>\n<p>26-08-2021 <a href=\"https:\/\/www.ufsm.br\/orgaos-executivos\/caed\/2021\/08\/26\/abertura-de-inscricoes-para-o-curso-abordagem-clinica-das-crises-psiquicas-estresse-e-trauma-na-pandemia-curso-de-atualizacao\/\">https:\/\/www.ufsm.br\/orgaos-executivos\/caed\/2021\/08\/26\/abertura-de-inscricoes-para-o-curso-abordagem-clinica-das-crises-psiquicas-estresse-e-trauma-na-pandemia-curso-de-atualizacao\/<\/a><\/p>\n<p>23-08-2021 <a href=\"https:\/\/www.ufsm.br\/orgaos-executivos\/caed\/2021\/08\/23\/edital-003-2021-selecao-de-bolsistas-para-a-pos-graduacao\/\">https:\/\/www.ufsm.br\/orgaos-executivos\/caed\/2021\/08\/23\/edital-003-2021-selecao-de-bolsistas-para-a-pos-graduacao\/<\/a><\/p>\n<p>08-08-2021 <a href=\"https:\/\/www.ufsm.br\/orgaos-executivos\/caed\/2021\/08\/08\/programacao-do-seminario-internacional-de-inclusao-ressignificando-a-mediacao-das-tecnologias-na-educacao-basica-e-superior\/\">https:\/\/www.ufsm.br\/orgaos-executivos\/caed\/2021\/08\/08\/programacao-do-seminario-internacional-de-inclusao-ressignificando-a-mediacao-das-tecnologias-na-educacao-basica-e-superior\/<\/a><\/p>\n<p>30-07-2021 <a href=\"https:\/\/www.ufsm.br\/orgaos-executivos\/caed\/2021\/07\/30\/edital-002-2021-resultado-final\/\">https:\/\/www.ufsm.br\/orgaos-executivos\/caed\/2021\/07\/30\/edital-002-2021-resultado-final\/<\/a><\/p>\n<p>28-07-2021 <a href=\"https:\/\/www.ufsm.br\/orgaos-executivos\/caed\/2021\/07\/28\/edital-002-2021-resultado-preliminar\/\">https:\/\/www.ufsm.br\/orgaos-executivos\/caed\/2021\/07\/28\/edital-002-2021-resultado-preliminar\/<\/a><\/p>\n<p>23-07-2021<a href=\"https:\/\/www.ufsm.br\/orgaos-executivos\/caed\/2021\/07\/23\/edital-002-2021-data-e-horario-da-entrevista\/\"> https:\/\/www.ufsm.br\/orgaos-executivos\/caed\/2021\/07\/23\/edital-002-2021-data-e-horario-da-entrevista\/<\/a><\/p>\n<p>21-07-2021 <a href=\"https:\/\/www.ufsm.br\/orgaos-executivos\/caed\/2021\/07\/21\/edital-002-2021-resultado-da-primeira-etapa\/\">https:\/\/www.ufsm.br\/orgaos-executivos\/caed\/2021\/07\/21\/edital-002-2021-resultado-da-primeira-etapa\/<\/a><\/p>\n<p>19-07-2021 <a href=\"https:\/\/www.ufsm.br\/orgaos-executivos\/caed\/2021\/07\/19\/seminario-internacional-de-inclusao-prorrogacao-do-periodo-de-inscricoes\/\">https:\/\/www.ufsm.br\/orgaos-executivos\/caed\/2021\/07\/19\/seminario-internacional-de-inclusao-prorrogacao-do-periodo-de-inscricoes\/<\/a><\/p>\n<p>13-07-2021 <a href=\"https:\/\/www.ufsm.br\/orgaos-executivos\/caed\/2021\/07\/13\/palestra-deficiencia-visual-na-educacao-profissional-e-superior-alternativas-e-adaptacoes-pedagogicas\/\">https:\/\/www.ufsm.br\/orgaos-executivos\/caed\/2021\/07\/13\/palestra-deficiencia-visual-na-educacao-profissional-e-superior-alternativas-e-adaptacoes-pedagogicas\/<\/a><\/p>\n<p>08-07-2021 <a href=\"https:\/\/www.ufsm.br\/orgaos-executivos\/caed\/2021\/07\/08\/prorrogacao-do-periodo-de-inscricoes-do-edital-002-2021-selecao-de-bolsas\/\">https:\/\/www.ufsm.br\/orgaos-executivos\/caed\/2021\/07\/08\/prorrogacao-do-periodo-de-inscricoes-do-edital-002-2021-selecao-de-bolsas\/<\/a><\/p>\n<p>08-07-2021 <a href=\"https:\/\/www.ufsm.br\/orgaos-executivos\/caed\/2021\/07\/08\/roda-de-converss-saberes-e-estrategias-para-a-inclusao-de-alunos-surdos-na-educacao-superior\/\">https:\/\/www.ufsm.br\/orgaos-executivos\/caed\/2021\/07\/08\/roda-de-converss-saberes-e-estrategias-para-a-inclusao-de-alunos-surdos-na-educacao-superior\/<\/a><\/p>\n<p>01-07-2021 <a href=\"https:\/\/www.ufsm.br\/orgaos-executivos\/caed\/2021\/07\/01\/palestra-nocoes-basicas-sobre-os-surdos-e-a-libras\/\">https:\/\/www.ufsm.br\/orgaos-executivos\/caed\/2021\/07\/01\/palestra-nocoes-basicas-sobre-os-surdos-e-a-libras\/<\/a><\/p>\n<p>30-06-2021 <a href=\"https:\/\/www.ufsm.br\/orgaos-executivos\/caed\/2021\/06\/30\/resultado-final-chamada-interna-no-01-2021-selecao-de-bolsistas-de-extensao-edital-fiex-centro-de-ciencias-da-saude-ccs-projeto-psicoeducaca\/\">https:\/\/www.ufsm.br\/orgaos-executivos\/caed\/2021\/06\/30\/resultado-final-chamada-interna-no-01-2021-selecao-de-bolsistas-de-extensao-edital-fiex-centro-de-ciencias-da-saude-ccs-projeto-psicoeducaca\/<\/a><\/p>\n<p>29-06-2021 <a href=\"https:\/\/www.ufsm.br\/orgaos-executivos\/caed\/2021\/06\/29\/resultado-preliminar-chamada-interna-no-01-2021-selecao-de-bolsistas-de-extensao-edital-fiex-centro-de-ciencias-da-saude-ccs-projeto-psicoeducacao\/\">https:\/\/www.ufsm.br\/orgaos-executivos\/caed\/2021\/06\/29\/resultado-preliminar-chamada-interna-no-01-2021-selecao-de-bolsistas-de-extensao-edital-fiex-centro-de-ciencias-da-saude-ccs-projeto-psicoeducacao\/<\/a><\/p>\n<p>25-06-2021 <a href=\"https:\/\/www.ufsm.br\/orgaos-executivos\/caed\/2021\/06\/25\/chamada-interna-no-01-2021-selecao-de-bolsistas-de-extensao-edital-fiex-centro-de-ciencias-da-saude-ccs-projeto-psicoeducacao-e-primeiros-cuidados\/\">https:\/\/www.ufsm.br\/orgaos-executivos\/caed\/2021\/06\/25\/chamada-interna-no-01-2021-selecao-de-bolsistas-de-extensao-edital-fiex-centro-de-ciencias-da-saude-ccs-projeto-psicoeducacao-e-primeiros-cuidados\/<\/a><\/p>\n<p>24-06-2021\u00a0 <a href=\"https:\/\/www.ufsm.br\/orgaos-executivos\/caed\/2021\/06\/24\/como-vai-a-sua-saude-mental-programa-de-acompanhamento-de-estudantes-em-vulnerabilidade-social-e-de-suas-familias\/\">https:\/\/www.ufsm.br\/orgaos-executivos\/caed\/2021\/06\/24\/como-vai-a-sua-saude-mental-programa-de-acompanhamento-de-estudantes-em-vulnerabilidade-social-e-de-suas-familias\/<\/a><\/p>\n<p>21-06-2021<a href=\"https:\/\/www.ufsm.br\/orgaos-executivos\/caed\/2021\/06\/21\/edital-006-2021-resultado-da-selecao-de-bolsistas-fipe-ufsm-republicacao-programa-de-bolsas-de-iniciacao-cientifica-ou-auxilio-a-pesquisa-fipe-senior\/\">https:\/\/www.ufsm.br\/orgaos-executivos\/caed\/2021\/06\/21\/edital-006-2021-resultado-da-selecao-de-bolsistas-fipe-ufsm-republicacao-programa-de-bolsas-de-iniciacao-cientifica-ou-auxilio-a-pesquisa-fipe-senior\/<\/a><\/p>\n<p>18-06-2021 <a href=\"https:\/\/www.ufsm.br\/orgaos-executivos\/caed\/2021\/06\/18\/estrategias-para-o-atendimento-educacional-especializado-remoto-na-educacao-tecnologica-e-superior\/\">https:\/\/www.ufsm.br\/orgaos-executivos\/caed\/2021\/06\/18\/estrategias-para-o-atendimento-educacional-especializado-remoto-na-educacao-tecnologica-e-superior\/<\/a><\/p>\n<p>16-06-2021 <a href=\"https:\/\/www.ufsm.br\/orgaos-executivos\/caed\/2021\/06\/16\/curso-de-ferramentas-de-webconferencia-e-edicao-de-videos-aplicacoes-para-reunioes-e-aulas-remotas\/\">https:\/\/www.ufsm.br\/orgaos-executivos\/caed\/2021\/06\/16\/curso-de-ferramentas-de-webconferencia-e-edicao-de-videos-aplicacoes-para-reunioes-e-aulas-remotas\/<\/a><\/p>\n<p>14-06-2021 <a href=\"https:\/\/www.ufsm.br\/orgaos-executivos\/caed\/2021\/06\/14\/edital-fipe-2021-republicacao\/\">https:\/\/www.ufsm.br\/orgaos-executivos\/caed\/2021\/06\/14\/edital-fipe-2021-republicacao\/<\/a><\/p>\n<p>14-06-2021 <a href=\"https:\/\/www.ufsm.br\/orgaos-executivos\/caed\/2021\/06\/14\/chamada-interna-psicoeducacao-e-primeiros-cuidados-psicologicos-como-estrategias-de-prevencao-e-promocao-da-saude-durante-a-pandemia-de-covid-19-resultado-final\/\">https:\/\/www.ufsm.br\/orgaos-executivos\/caed\/2021\/06\/14\/chamada-interna-psicoeducacao-e-primeiros-cuidados-psicologicos-como-estrategias-de-prevencao-e-promocao-da-saude-durante-a-pandemia-de-covid-19-resultado-final\/<\/a><\/p>\n<p>08-06-2021 <a href=\"https:\/\/www.ufsm.br\/orgaos-executivos\/caed\/2021\/06\/08\/vacinacao-solidaria-na-ufsm\/\">https:\/\/www.ufsm.br\/orgaos-executivos\/caed\/2021\/06\/08\/vacinacao-solidaria-na-ufsm\/<\/a><\/p>\n<p>08-06-2021 <a href=\"https:\/\/www.ufsm.br\/orgaos-executivos\/caed\/2021\/06\/08\/chamada-interna-psicoeducacao-e-primeiros-cuidados-psicologicos-como-estrategias-de-prevencao-e-promocao-da-saude-durante-a-pandemia-de-covid-19-resultado\/\">https:\/\/www.ufsm.br\/orgaos-executivos\/caed\/2021\/06\/08\/chamada-interna-psicoeducacao-e-primeiros-cuidados-psicologicos-como-estrategias-de-prevencao-e-promocao-da-saude-durante-a-pandemia-de-covid-19-resultado\/<\/a><\/p>\n<p>05-06-2021 <a href=\"https:\/\/www.ufsm.br\/orgaos-executivos\/caed\/2021\/06\/05\/chamada-interna-psicoeducacao-e-primeiros-cuidados-psicologicos-como-estrategias-de-prevencao-e-promocao-da-saude-durante-a-pandemia-de-covid-19\/\">https:\/\/www.ufsm.br\/orgaos-executivos\/caed\/2021\/06\/05\/chamada-interna-psicoeducacao-e-primeiros-cuidados-psicologicos-como-estrategias-de-prevencao-e-promocao-da-saude-durante-a-pandemia-de-covid-19\/<\/a><\/p>\n<p>02-06-2021 <a href=\"https:\/\/www.ufsm.br\/orgaos-executivos\/caed\/2021\/06\/02\/entrevista-com-o-medico-psiquiatra-e-professor-vitor-crestani-calegaro-sobre-os-resultados-finais-da-pesquisa-covid-psiq-e-sobre-o-projeto-resilieight\/\">https:\/\/www.ufsm.br\/orgaos-executivos\/caed\/2021\/06\/02\/entrevista-com-o-medico-psiquiatra-e-professor-vitor-crestani-calegaro-sobre-os-resultados-finais-da-pesquisa-covid-psiq-e-sobre-o-projeto-resilieight\/<\/a><\/p>\n<p>29-05-2021<a href=\"https:\/\/www.ufsm.br\/orgaos-executivos\/caed\/2021\/05\/29\/auxilio-ao-projeto-zelo\/\"> https:\/\/www.ufsm.br\/orgaos-executivos\/caed\/2021\/05\/29\/auxilio-ao-projeto-zelo\/<\/a><\/p>\n<p>29-05-2021 <a href=\"https:\/\/www.ufsm.br\/orgaos-executivos\/caed\/2021\/05\/29\/mulheres-sustentaveis-e-transformadoras-2\/\">https:\/\/www.ufsm.br\/orgaos-executivos\/caed\/2021\/05\/29\/mulheres-sustentaveis-e-transformadoras-2\/<\/a><\/p>\n<p>29-05-2021<a href=\"https:\/\/www.ufsm.br\/orgaos-executivos\/caed\/2021\/05\/29\/mes-da-familia\/\">https:\/\/www.ufsm.br\/orgaos-executivos\/caed\/2021\/05\/29\/mes-da-familia\/<\/a><\/p>\n<p>29-05-2021 <a href=\"https:\/\/www.ufsm.br\/orgaos-executivos\/caed\/2021\/05\/29\/empresa-juniores-e-empreendedorismo\/\">https:\/\/www.ufsm.br\/orgaos-executivos\/caed\/2021\/05\/29\/empresa-juniores-e-empreendedorismo\/<\/a><\/p>\n<p>29-05-2021 <a href=\"https:\/\/www.ufsm.br\/orgaos-executivos\/caed\/2021\/05\/29\/tv-campus-na-tv-aberta\/\">https:\/\/www.ufsm.br\/orgaos-executivos\/caed\/2021\/05\/29\/tv-campus-na-tv-aberta\/<\/a><\/p>\n<p>21-05-2021 <a href=\"https:\/\/www.ufsm.br\/orgaos-executivos\/caed\/2021\/05\/21\/mes-da-familia-na-ufsm-3\/\">https:\/\/www.ufsm.br\/orgaos-executivos\/caed\/2021\/05\/21\/mes-da-familia-na-ufsm-3\/<\/a><\/p>\n<p>21-05-2021 <a href=\"https:\/\/www.ufsm.br\/orgaos-executivos\/caed\/2021\/05\/21\/egressos-da-ufsm-que-fazem-ciencia\/\">https:\/\/www.ufsm.br\/orgaos-executivos\/caed\/2021\/05\/21\/egressos-da-ufsm-que-fazem-ciencia\/<\/a><\/p>\n<p>21-05-2021 <a href=\"https:\/\/www.ufsm.br\/orgaos-executivos\/caed\/2021\/05\/21\/mulheres-sustentaveis-e-transformadoras\/\">https:\/\/www.ufsm.br\/orgaos-executivos\/caed\/2021\/05\/21\/mulheres-sustentaveis-e-transformadoras\/<\/a><\/p>\n<p>21-05-2021 <a href=\"https:\/\/www.ufsm.br\/orgaos-executivos\/caed\/2021\/05\/21\/inovacao-alem-do-arco-3\/\">https:\/\/www.ufsm.br\/orgaos-executivos\/caed\/2021\/05\/21\/inovacao-alem-do-arco-3\/<\/a><\/p>\n<p>18-05-2021 <a href=\"https:\/\/www.ufsm.br\/orgaos-executivos\/caed\/2021\/05\/18\/curso-basico-de-libras-on-line-abertura-de-inscricoes\/\">https:\/\/www.ufsm.br\/orgaos-executivos\/caed\/2021\/05\/18\/curso-basico-de-libras-on-line-abertura-de-inscricoes\/<\/a><\/p>\n<p>14-05-2021 <a href=\"https:\/\/www.ufsm.br\/orgaos-executivos\/caed\/2021\/05\/14\/promover-andifes-programa-de-mobilidade-academica\/\">https:\/\/www.ufsm.br\/orgaos-executivos\/caed\/2021\/05\/14\/promover-andifes-programa-de-mobilidade-academica\/<\/a><\/p>\n<p>14-05-2021 <a href=\"https:\/\/www.ufsm.br\/orgaos-executivos\/caed\/2021\/05\/14\/mes-da-familia-na-ufsm-2\/\">https:\/\/www.ufsm.br\/orgaos-executivos\/caed\/2021\/05\/14\/mes-da-familia-na-ufsm-2\/<\/a><\/p>\n<p>14-05-2021 <a href=\"https:\/\/www.ufsm.br\/orgaos-executivos\/caed\/2021\/05\/14\/calourada-2021-primeiro-semestre\/\">https:\/\/www.ufsm.br\/orgaos-executivos\/caed\/2021\/05\/14\/calourada-2021-primeiro-semestre\/<\/a><\/p>\n<p>14-05-2021 <a href=\"https:\/\/www.ufsm.br\/orgaos-executivos\/caed\/2021\/05\/14\/mulheres-sustentaveis-3\/\">https:\/\/www.ufsm.br\/orgaos-executivos\/caed\/2021\/05\/14\/mulheres-sustentaveis-3\/<\/a><\/p>\n<p>14-05-2021 <a href=\"https:\/\/www.ufsm.br\/orgaos-executivos\/caed\/2021\/05\/14\/inovacao-alem-do-arco-2\/\">https:\/\/www.ufsm.br\/orgaos-executivos\/caed\/2021\/05\/14\/inovacao-alem-do-arco-2\/<\/a><\/p>\n<p>14-05-2021 <a href=\"https:\/\/www.ufsm.br\/orgaos-executivos\/caed\/2021\/05\/14\/palestras-sobre-saude-mental-progep\/\">https:\/\/www.ufsm.br\/orgaos-executivos\/caed\/2021\/05\/14\/palestras-sobre-saude-mental-progep\/<\/a><\/p>\n<p>14-05-2021 <a href=\"https:\/\/www.ufsm.br\/orgaos-executivos\/caed\/2021\/05\/14\/drive-thru-solidario-campanha-em-prol-do-banco-de-alimentos-de-santa-maria\/\">https:\/\/www.ufsm.br\/orgaos-executivos\/caed\/2021\/05\/14\/drive-thru-solidario-campanha-em-prol-do-banco-de-alimentos-de-santa-maria\/<\/a><\/p>\n<p>14-05-2021 <a href=\"https:\/\/www.ufsm.br\/orgaos-executivos\/caed\/2021\/05\/14\/live-covid-psiq-apresentacao-dos-resultados-finais-da-pesquisa\/\">https:\/\/www.ufsm.br\/orgaos-executivos\/caed\/2021\/05\/14\/live-covid-psiq-apresentacao-dos-resultados-finais-da-pesquisa\/<\/a><\/p>\n<p>06-05-2021 <a href=\"https:\/\/www.ufsm.br\/orgaos-executivos\/caed\/2021\/05\/06\/entrevista-com-o-medico-psiquiatra-da-caed-dr-vitor-crestani-calegaro-no-programa-direto-da-redacao-3a-edicao\/\">https:\/\/www.ufsm.br\/orgaos-executivos\/caed\/2021\/05\/06\/entrevista-com-o-medico-psiquiatra-da-caed-dr-vitor-crestani-calegaro-no-programa-direto-da-redacao-3a-edicao\/<\/a><\/p>\n<p>03-05-2021 <a href=\"https:\/\/www.ufsm.br\/orgaos-executivos\/caed\/2021\/05\/03\/mulheres-sustentaveis-2\/\">https:\/\/www.ufsm.br\/orgaos-executivos\/caed\/2021\/05\/03\/mulheres-sustentaveis-2\/<\/a><\/p>\n<p>03-05-2021 <a href=\"https:\/\/www.ufsm.br\/orgaos-executivos\/caed\/2021\/05\/03\/inovacao-alem\">https:\/\/www.ufsm.br\/orgaos-executivos\/caed\/2021\/05\/03\/inovacao-alem<\/a><\/p>\n<p>03-05-2021 <a href=\"https:\/\/www.ufsm.br\/orgaos-executivos\/caed\/2021\/05\/03\/calourada-ufsm-primeiro-semestre-de-2021\/\">https:\/\/www.ufsm.br\/orgaos-executivos\/caed\/2021\/05\/03\/calourada-ufsm-primeiro-semestre-de-2021\/<\/a><\/p>\n<p>03-05-2021 <a href=\"https:\/\/www.ufsm.br\/orgaos-executivos\/caed\/2021\/05\/03\/chamada-oral-do-sisu-envio-da-documentacao-on-line\/\">https:\/\/www.ufsm.br\/orgaos-executivos\/caed\/2021\/05\/03\/chamada-oral-do-sisu-envio-da-documentacao-on-line\/<\/a><\/p>\n<p>03-05-2021 <a href=\"https:\/\/www.ufsm.br\/orgaos-executivos\/caed\/2021\/05\/03\/mes-da-familia-na-ufsm\/\">https:\/\/www.ufsm.br\/orgaos-executivos\/caed\/2021\/05\/03\/mes-da-familia-na-ufsm\/<\/a><\/p>\n<p>28-04-2021 <a href=\"https:\/\/www.ufsm.br\/orgaos-executivos\/caed\/2021\/04\/28\/melhorias-no-site-da-ufsm\/\">https:\/\/www.ufsm.br\/orgaos-executivos\/caed\/2021\/04\/28\/melhorias-no-site-da-ufsm\/<\/a><\/p>\n<p>28-04-2021 <a href=\"https:\/\/www.ufsm.br\/orgaos-executivos\/caed\/2021\/04\/28\/mulheres-sustentaveis\/\">https:\/\/www.ufsm.br\/orgaos-executivos\/caed\/2021\/04\/28\/mulheres-sustentaveis\/<\/a><\/p>\n<p>28-04-2021 <a href=\"https:\/\/www.ufsm.br\/orgaos-executivos\/caed\/2021\/04\/28\/inovacao-alem-do-arco-inovacao-na-ufsm\/\">https:\/\/www.ufsm.br\/orgaos-executivos\/caed\/2021\/04\/28\/inovacao-alem-do-arco-inovacao-na-ufsm\/<\/a><\/p>\n<p>28-04-2021 <a href=\"https:\/\/www.ufsm.br\/orgaos-executivos\/caed\/2021\/04\/28\/calourada-2021-ii\/\">https:\/\/www.ufsm.br\/orgaos-executivos\/caed\/2021\/04\/28\/calourada-2021-ii\/<\/a><\/p>\n<p>28-04-2021 <a href=\"https:\/\/www.ufsm.br\/orgaos-executivos\/caed\/2021\/04\/28\/rankings-the-e-igc-qualidade-da-ufsm-perante-o-brasil-e-o-mundo\/\">https:\/\/www.ufsm.br\/orgaos-executivos\/caed\/2021\/04\/28\/rankings-the-e-igc-qualidade-da-ufsm-perante-o-brasil-e-o-mundo\/<\/a><\/p>\n<p>28-04-2021 <a href=\"https:\/\/www.ufsm.br\/orgaos-executivos\/caed\/2021\/04\/28\/novo-prazo-para-avaliacao-do-segundo-semestre-letivo-de-2020-na-ufsm\/\">https:\/\/www.ufsm.br\/orgaos-executivos\/caed\/2021\/04\/28\/novo-prazo-para-avaliacao-do-segundo-semestre-letivo-de-2020-na-ufsm\/<\/a><\/p>\n<p>28-04-2021 <a href=\"https:\/\/www.ufsm.br\/orgaos-executivos\/caed\/2021\/04\/28\/lancamento-do-mapa-de-extensao\/\">https:\/\/www.ufsm.br\/orgaos-executivos\/caed\/2021\/04\/28\/lancamento-do-mapa-de-extensao\/<\/a><\/p>\n<p>28-04-2021 <a href=\"https:\/\/www.ufsm.br\/orgaos-executivos\/caed\/2021\/04\/28\/resilieight-projeto-covid-psiq-lanca-projeto-de-promocao-da-resiliencia-no-periodo-da-pandemia\/\">https:\/\/www.ufsm.br\/orgaos-executivos\/caed\/2021\/04\/28\/resilieight-projeto-covid-psiq-lanca-projeto-de-promocao-da-resiliencia-no-periodo-da-pandemia\/<\/a><\/p>\n<p>20-04-2021 <a href=\"https:\/\/www.ufsm.br\/orgaos-executivos\/caed\/2021\/04\/20\/nota-de-falecimento-do-ex-reitor-da-ufsm-derblay-galvao\/\">https:\/\/www.ufsm.br\/orgaos-executivos\/caed\/2021\/04\/20\/nota-de-falecimento-do-ex-reitor-da-ufsm-derblay-galvao\/<\/a><\/p>\n<p>20-04-2021 <a href=\"https:\/\/www.ufsm.br\/orgaos-executivos\/caed\/2021\/04\/20\/mulheres-sustentaveis-universidade-sustentavel\/\">https:\/\/www.ufsm.br\/orgaos-executivos\/caed\/2021\/04\/20\/mulheres-sustentaveis-universidade-sustentavel\/<\/a><\/p>\n<p>20-04-2021 <a href=\"https:\/\/www.ufsm.br\/orgaos-executivos\/caed\/2021\/04\/20\/elas-na-ciencia-novo-episodio-6\/\">https:\/\/www.ufsm.br\/orgaos-executivos\/caed\/2021\/04\/20\/elas-na-ciencia-novo-episodio-6\/<\/a><\/p>\n<p>20-04-2021 <a href=\"https:\/\/www.ufsm.br\/orgaos-executivos\/caed\/2021\/04\/20\/inovacao-alem-do-arco-acoes-de-inovacao-na-ufsm\/\">https:\/\/www.ufsm.br\/orgaos-executivos\/caed\/2021\/04\/20\/inovacao-alem-do-arco-acoes-de-inovacao-na-ufsm\/<\/a><\/p>\n<p>20-04-2021 <a href=\"https:\/\/www.ufsm.br\/orgaos-executivos\/caed\/2021\/04\/20\/calourada-ufsm-2021-i\/\">https:\/\/www.ufsm.br\/orgaos-executivos\/caed\/2021\/04\/20\/calourada-ufsm-2021-i\/<\/a><\/p>\n<p>20-04-2021 <a href=\"https:\/\/www.ufsm.br\/orgaos-executivos\/caed\/2021\/04\/20\/aniversario-polifeira-do-agricultor\/\">https:\/\/www.ufsm.br\/orgaos-executivos\/caed\/2021\/04\/20\/aniversario-polifeira-do-agricultor\/<\/a><\/p>\n<p>20-04-2021 <a href=\"https:\/\/www.ufsm.br\/orgaos-executivos\/caed\/2021\/04\/20\/chamada-oral-do-sisu\/\">https:\/\/www.ufsm.br\/orgaos-executivos\/caed\/2021\/04\/20\/chamada-oral-do-sisu\/<\/a><\/p>\n<p>20-04-2021 <a href=\"https:\/\/www.ufsm.br\/orgaos-executivos\/caed\/2021\/04\/20\/chamada-regular-do-sisu-orientacoes-sobre-documentacao\/\">https:\/\/www.ufsm.br\/orgaos-executivos\/caed\/2021\/04\/20\/chamada-regular-do-sisu-orientacoes-sobre-documentacao\/<\/a><\/p>\n<p>20-04-2021 <a href=\"https:\/\/www.ufsm.br\/orgaos-executivos\/caed\/2021\/04\/20\/ufsm-promove-rodas-de-conversa-sobre-saude-mental-para-servidores\/\">https:\/\/www.ufsm.br\/orgaos-executivos\/caed\/2021\/04\/20\/ufsm-promove-rodas-de-conversa-sobre-saude-mental-para-servidores\/<\/a><\/p>\n<p>15-04-2021 <a href=\"https:\/\/www.ufsm.br\/orgaos-executivos\/caed\/2021\/04\/15\/entrevista-ao-programa-profissao-reporter\/\">https:\/\/www.ufsm.br\/orgaos-executivos\/caed\/2021\/04\/15\/entrevista-ao-programa-profissao-reporter\/<\/a><\/p>\n<p>12-04-2021 <a href=\"https:\/\/www.ufsm.br\/orgaos-executivos\/caed\/2021\/04\/12\/50-anos-do-centro-de-processamento-de-dadoscpd-ufsm\/\">https:\/\/www.ufsm.br\/orgaos-executivos\/caed\/2021\/04\/12\/50-anos-do-centro-de-processamento-de-dadoscpd-ufsm\/<\/a><\/p>\n<p>12-04-2021 <a href=\"https:\/\/www.ufsm.br\/orgaos-executivos\/caed\/2021\/04\/12\/elas-na-ciencia-novo-episodio-5\/\">https:\/\/www.ufsm.br\/orgaos-executivos\/caed\/2021\/04\/12\/elas-na-ciencia-novo-episodio-5\/<\/a><\/p>\n<p>12-04-2021 <a href=\"https:\/\/www.ufsm.br\/orgaos-executivos\/caed\/2021\/04\/12\/calourada-ufsm-2021-ii-semestre-letivo\/\">https:\/\/www.ufsm.br\/orgaos-executivos\/caed\/2021\/04\/12\/calourada-ufsm-2021-ii-semestre-letivo\/<\/a><\/p>\n<p>12-04-2021 <a href=\"https:\/\/www.ufsm.br\/orgaos-executivos\/caed\/2021\/04\/12\/site-da-comunicacao-da-ufsm\/\">https:\/\/www.ufsm.br\/orgaos-executivos\/caed\/2021\/04\/12\/site-da-comunicacao-da-ufsm\/<\/a><\/p>\n<p>12-04-2021 <a href=\"https:\/\/www.ufsm.br\/orgaos-executivos\/caed\/2021\/04\/12\/ufsm-convida-para-a-live-tira-duvidas-vacinacao-e-nova-fase-da-pandemia\/\">https:\/\/www.ufsm.br\/orgaos-executivos\/caed\/2021\/04\/12\/ufsm-convida-para-a-live-tira-duvidas-vacinacao-e-nova-fase-da-pandemia\/<\/a><\/p>\n<p>12-04-2021 <a href=\"https:\/\/www.ufsm.br\/orgaos-executivos\/caed\/2021\/04\/12\/4034\/\">https:\/\/www.ufsm.br\/orgaos-executivos\/caed\/2021\/04\/12\/4034\/<\/a><\/p>\n<p>11-04-2021 <a href=\"https:\/\/www.ufsm.br\/orgaos-executivos\/caed\/2021\/04\/11\/ufsm-desenvolve-simulador-de-cotas-interativo-para-o-sisu\/\">https:\/\/www.ufsm.br\/orgaos-executivos\/caed\/2021\/04\/11\/ufsm-desenvolve-simulador-de-cotas-interativo-para-o-sisu\/<\/a><\/p>\n<p>11-04-2021<a href=\"https:\/\/www.ufsm.br\/orgaos-executivos\/caed\/2021\/04\/11\/professores-e-estudantes-avaliam-o-2o-semestre-de-2020\/\">https:\/\/www.ufsm.br\/orgaos-executivos\/caed\/2021\/04\/11\/professores-e-estudantes-avaliam-o-2o-semestre-de-2020\/<\/a><\/p>\n<p>11-04-2021<a href=\"https:\/\/www.ufsm.br\/orgaos-executivos\/caed\/2021\/04\/11\/as-universidades-federais-e-a-superacao-da-pandemia-andifes-defende-vacinacao-abrangente-e-acessivel\/\">https:\/\/www.ufsm.br\/orgaos-executivos\/caed\/2021\/04\/11\/as-universidades-federais-e-a-superacao-da-pandemia-andifes-defende-vacinacao-abrangente-e-acessivel\/<\/a><\/p>\n<p>11-04-2021<a href=\"https:\/\/www.ufsm.br\/orgaos-executivos\/caed\/2021\/04\/11\/mulheres-sustentaveis-e-a-agenda-2030\/\">https:\/\/www.ufsm.br\/orgaos-executivos\/caed\/2021\/04\/11\/mulheres-sustentaveis-e-a-agenda-2030\/<\/a><\/p>\n<p>11-04-2021<a href=\"https:\/\/www.ufsm.br\/orgaos-executivos\/caed\/2021\/04\/11\/elas-na-ciencia-novos-episodios\/\">https:\/\/www.ufsm.br\/orgaos-executivos\/caed\/2021\/04\/11\/elas-na-ciencia-novos-episodios\/<\/a><\/p>\n<p>11-04-2021<a href=\"https:\/\/www.ufsm.br\/orgaos-executivos\/caed\/2021\/04\/11\/inovacao-alem-do-arco-projetos-de-inovacao-da-ufsm\/\">https:\/\/www.ufsm.br\/orgaos-executivos\/caed\/2021\/04\/11\/inovacao-alem-do-arco-projetos-de-inovacao-da-ufsm\/<\/a><\/p>\n<p>10-04-2021 <a href=\"https:\/\/www.ufsm.br\/orgaos-executivos\/caed\/2021\/04\/10\/aula-inaugural-do-curso-basico-de-lingua-guarani\/\">https:\/\/www.ufsm.br\/orgaos-executivos\/caed\/2021\/04\/10\/aula-inaugural-do-curso-basico-de-lingua-guarani\/<\/a><\/p>\n<p>10-04-2021 <a href=\"https:\/\/www.ufsm.br\/orgaos-executivos\/caed\/2021\/04\/10\/aula-inaugural-do-curso-basico-de-lingua-kaingang\/\">https:\/\/www.ufsm.br\/orgaos-executivos\/caed\/2021\/04\/10\/aula-inaugural-do-curso-basico-de-lingua-kaingang\/<\/a><\/p>\n<p>01-04-2021 <a href=\"https:\/\/www.ufsm.br\/orgaos-executivos\/caed\/2021\/03\/31\/edital-001-2021-resultado-final\/\">https:\/\/www.ufsm.br\/orgaos-executivos\/caed\/2021\/03\/31\/edital-001-2021-resultado-final\/<\/a><\/p>\n<p>29-03-2021 <a href=\"https:\/\/www.ufsm.br\/orgaos-executivos\/caed\/2021\/03\/29\/edital-01-2021-classificados-da-etapa-final\/\">https:\/\/www.ufsm.br\/orgaos-executivos\/caed\/2021\/03\/29\/edital-01-2021-classificados-da-etapa-final\/<\/a><\/p>\n<p>25-03-2021 <a href=\"https:\/\/www.ufsm.br\/orgaos-executivos\/caed\/2021\/03\/25\/selecao-de-bolsistas-projeto-grafico-diagramacao\/\">https:\/\/www.ufsm.br\/orgaos-executivos\/caed\/2021\/03\/25\/selecao-de-bolsistas-projeto-grafico-diagramacao\/<\/a><\/p>\n<p>25-03-2021 <a href=\"https:\/\/www.ufsm.br\/orgaos-executivos\/caed\/2021\/03\/25\/selecao-de-bolsista-descricao-de-imagem-e-audiodescricao\/\">https:\/\/www.ufsm.br\/orgaos-executivos\/caed\/2021\/03\/25\/selecao-de-bolsista-descricao-de-imagem-e-audiodescricao\/<\/a><\/p>\n<p>24-03-21<a href=\"https:\/\/www.ufsm.br\/orgaos-executivos\/caed\/2021\/03\/24\/edital-001-2021-cronograma-de-entrevistas\/\"> https:\/\/www.ufsm.br\/orgaos-executivos\/caed\/2021\/03\/24\/edital-001-2021-cronograma-de-entrevistas\/<\/a><\/p>\n<p>22-03-21<a href=\"https:\/\/www.ufsm.br\/orgaos-executivos\/caed\/2021\/03\/22\/edital-01-2021-lista-d0as-candidatoas-classificadoas-apos-a-avaliacao-dos-curriculos\/\"> https:\/\/www.ufsm.br\/orgaos-executivos\/caed\/2021\/03\/22\/edital-01-2021-lista-d0as-candidatoas-classificadoas-apos-a-avaliacao-dos-curriculos\/<\/a><\/p>\n<p>19-03-21 <a href=\"https:\/\/www.ufsm.br\/orgaos-executivos\/caed\/2021\/03\/19\/inovacao-alem-do-arco-ensaios-de-inversores-fotovoltaicos\/\">https:\/\/www.ufsm.br\/orgaos-executivos\/caed\/2021\/03\/19\/inovacao-alem-do-arco-ensaios-de-inversores-fotovoltaicos\/<\/a><\/p>\n<p>19-03-21 <a href=\"https:\/\/www.ufsm.br\/orgaos-executivos\/caed\/2021\/03\/19\/mobilidade-da-comunidade-academica-questionario-disponivel\/\">https:\/\/www.ufsm.br\/orgaos-executivos\/caed\/2021\/03\/19\/mobilidade-da-comunidade-academica-questionario-disponivel\/<\/a><\/p>\n<p>19-03-21 <a href=\"https:\/\/www.ufsm.br\/orgaos-executivos\/caed\/2021\/03\/19\/calendario-academico-ufsm-2021\/\">https:\/\/www.ufsm.br\/orgaos-executivos\/caed\/2021\/03\/19\/calendario-academico-ufsm-2021\/<\/a><\/p>\n<p>19-03-21 <a href=\"https:\/\/www.ufsm.br\/orgaos-executivos\/caed\/2021\/03\/19\/mes-da-mulher-entrevistas-com-doutorandas-da-ufsm\/\">https:\/\/www.ufsm.br\/orgaos-executivos\/caed\/2021\/03\/19\/mes-da-mulher-entrevistas-com-doutorandas-da-ufsm\/<\/a><\/p>\n<p>19-03-21 <a href=\"https:\/\/www.ufsm.br\/orgaos-executivos\/caed\/2021\/03\/19\/elas-na-ciencia-novo-episodio-3\/\">https:\/\/www.ufsm.br\/orgaos-executivos\/caed\/2021\/03\/19\/elas-na-ciencia-novo-episodio-3\/<\/a><\/p>\n<p>19-03-21 <a href=\"https:\/\/www.ufsm.br\/orgaos-executivos\/caed\/2021\/03\/19\/edital-para-o-premio-mulheres-na-ciencia-da-loreal-corporate\/\">https:\/\/www.ufsm.br\/orgaos-executivos\/caed\/2021\/03\/19\/edital-para-o-premio-mulheres-na-ciencia-da-loreal-corporate\/<\/a><\/p>\n<p>19-03-21 <a href=\"https:\/\/www.ufsm.br\/orgaos-executivos\/caed\/2021\/03\/19\/elas-na-ciencia-novo-episodio-4\/\">https:\/\/www.ufsm.br\/orgaos-executivos\/caed\/2021\/03\/19\/elas-na-ciencia-novo-episodio-4\/<\/a><\/p>\n<p>19-03-21 <a href=\"https:\/\/www.ufsm.br\/orgaos-executivos\/caed\/2021\/03\/19\/mulheres-sustentaveis-e-a-agenda-2030-projeto-uma-universidade-meio-ambiente\/\">https:\/\/www.ufsm.br\/orgaos-executivos\/caed\/2021\/03\/19\/mulheres-sustentaveis-e-a-agenda-2030-projeto-uma-universidade-meio-ambiente\/<\/a><\/p>\n<p>19-03-21 <a href=\"https:\/\/www.ufsm.br\/orgaos-executivos\/caed\/2021\/03\/19\/apoio-ao-plano-nacional-de-imunizacao-pni-contra-a-covid-19\/\">https:\/\/www.ufsm.br\/orgaos-executivos\/caed\/2021\/03\/19\/apoio-ao-plano-nacional-de-imunizacao-pni-contra-a-covid-19\/<\/a><\/p>\n<p>19-03-21 <a href=\"https:\/\/www.ufsm.br\/orgaos-executivos\/caed\/2021\/03\/19\/avaliacao-do-2o-semestre-de-2020-ufsm\/\">https:\/\/www.ufsm.br\/orgaos-executivos\/caed\/2021\/03\/19\/avaliacao-do-2o-semestre-de-2020-ufsm\/<\/a><\/p>\n<p>19-03-21 <a href=\"https:\/\/www.ufsm.br\/orgaos-executivos\/caed\/2021\/03\/19\/abertura-de-edital-para-aluno-especial-graduacao-e-pos-graduacao-derca-prograd\/\">https:\/\/www.ufsm.br\/orgaos-executivos\/caed\/2021\/03\/19\/abertura-de-edital-para-aluno-especial-graduacao-e-pos-graduacao-derca-prograd\/<\/a><\/p>\n<p>19-03-21 <a href=\"https:\/\/www.ufsm.br\/orgaos-executivos\/caed\/2021\/03\/19\/simulador-de-cotas-interativo-sisu-2021\/\">https:\/\/www.ufsm.br\/orgaos-executivos\/caed\/2021\/03\/19\/simulador-de-cotas-interativo-sisu-2021\/<\/a><\/p>\n<p>19-03-21 <a href=\"https:\/\/www.ufsm.br\/orgaos-executivos\/caed\/2021\/03\/19\/projeto-resilieight-entrevista-no-jornal-zero-hora\/\">https:\/\/www.ufsm.br\/orgaos-executivos\/caed\/2021\/03\/19\/projeto-resilieight-entrevista-no-jornal-zero-hora\/<\/a><\/p>\n<p>08-03-2021 <a href=\"https:\/\/www.ufsm.br\/orgaos-executivos\/caed\/2021\/03\/08\/revista-arco-newsletter\/\">https:\/\/www.ufsm.br\/orgaos-executivos\/caed\/2021\/03\/08\/revista-arco-newsletter\/<\/a><\/p>\n<p>08-03-2021 <a href=\"https:\/\/www.ufsm.br\/orgaos-executivos\/caed\/2021\/03\/08\/simulador-de-cotas-do-sisu\/\">https:\/\/www.ufsm.br\/orgaos-executivos\/caed\/2021\/03\/08\/simulador-de-cotas-do-sisu\/<\/a><\/p>\n<p>08-03-2021<a href=\"https:\/\/www.ufsm.br\/orgaos-executivos\/caed\/2021\/03\/08\/elas-na-ciencia-novo-episodio-2\/\"> https:\/\/www.ufsm.br\/orgaos-executivos\/caed\/2021\/03\/08\/elas-na-ciencia-novo-episodio-2\/<\/a><\/p>\n<p>08-03-2021 <a href=\"https:\/\/www.ufsm.br\/orgaos-executivos\/caed\/2021\/03\/08\/08-de-marco-dia-internacional-da-mulher\/\">https:\/\/www.ufsm.br\/orgaos-executivos\/caed\/2021\/03\/08\/08-de-marco-dia-internacional-da-mulher\/<\/a><\/p>\n<p>03-03-2021\u00a0<a href=\"https:\/\/www.ufsm.br\/orgaos-executivos\/caed\/2021\/03\/03\/ufsm-divulga-termo-de-adesao-ao-sisu-2021\/\" data-saferedirecturl=\"https:\/\/www.google.com\/url?q=https:\/\/www.ufsm.br\/orgaos-executivos\/caed\/2021\/03\/03\/ufsm-divulga-termo-de-adesao-ao-sisu-2021\/&amp;source=gmail&amp;ust=1614912642173000&amp;usg=AFQjCNH9OkrC-rYCbhp7gjhjjhLcAFhYoQ\">https:\/\/www.ufsm.br\/orgaos-executivos\/caed\/2021\/03\/03\/ufsm-divulga-termo-de-adesao-ao-sisu-2021\/<\/a><\/p>\n<p>03-03-2021 <a href=\"https:\/\/www.ufsm.br\/orgaos-executivos\/caed\/2021\/03\/03\/ufsm-oferece-662-vagas-para-ingresso-e-reingresso-em-cursos-de-graduacao\/\" data-saferedirecturl=\"https:\/\/www.google.com\/url?q=https:\/\/www.ufsm.br\/orgaos-executivos\/caed\/2021\/03\/03\/ufsm-oferece-662-vagas-para-ingresso-e-reingresso-em-cursos-de-graduacao\/&amp;source=gmail&amp;ust=1614912642173000&amp;usg=AFQjCNHBuSKz8MHves5k_4C_D6sp1opJvw\">https:\/\/www.ufsm.br\/orgaos-executivos\/caed\/2021\/03\/03\/ufsm-oferece-662-vagas-para-ingresso-e-reingresso-em-cursos-de-graduacao\/<\/a><\/p>\n<p>03-03-2021<a href=\"\/www.ufsm.br\/orgaos-executivos\/caed\/2021\/03\/03\/elas-na-ciencia-episodio-novo\/\">https:\/\/www.ufsm.br\/orgaos-executivos\/caed\/2021\/03\/03\/elas-na-ciencia-episodio-novo\/<\/a><\/p>\n<p>03-03-2021<a href=\"https:\/\/www.ufsm.br\/orgaos-executivos\/caed\/2021\/03\/03\/guia-de-identidade-visual-da-ufsm-atualizacoes\/\">https:\/\/www.ufsm.br\/orgaos-executivos\/caed\/2021\/03\/03\/guia-de-identidade-visual-da-ufsm-atualizacoes\/<\/a><\/p>\n<p>22-02-2021 <a href=\"https:\/\/www.ufsm.br\/orgaos-executivos\/caed\/2021\/02\/22\/mec-define-cronograma-do-sisu-2021-1\/\">https:\/\/www.ufsm.br\/orgaos-executivos\/caed\/2021\/02\/22\/mec-define-cronograma-do-sisu-2021-1\/<\/a><\/p>\n<p>22-02-2021 <a href=\"https:\/\/www.ufsm.br\/orgaos-executivos\/caed\/2021\/02\/22\/elas-na-ciencia-novo-episodio\/\">https:\/\/www.ufsm.br\/orgaos-executivos\/caed\/2021\/02\/22\/elas-na-ciencia-novo-episodio\/<\/a><\/p>\n<p>22-02-2021 <a href=\"https:\/\/www.ufsm.br\/orgaos-executivos\/caed\/2021\/02\/22\/revista-arco-lanca-podcast-sobre-ciencia\/\">https:\/\/www.ufsm.br\/orgaos-executivos\/caed\/2021\/02\/22\/revista-arco-lanca-podcast-sobre-ciencia\/<\/a><\/p>\n<p>22-02-2021 <a href=\"https:\/\/www.ufsm.br\/orgaos-executivos\/caed\/2021\/02\/22\/ufsm-publica-painel-estatistico-sobre-a-situacao-de-trabalho-dos-servidores-quanto-a-covid-19\/\">https:\/\/www.ufsm.br\/orgaos-executivos\/caed\/2021\/02\/22\/ufsm-publica-painel-estatistico-sobre-a-situacao-de-trabalho-dos-servidores-quanto-a-covid-19\/<\/a><\/p>\n<p>21-02-2021 <a href=\"https:\/\/www.ufsm.br\/orgaos-executivos\/caed\/2021\/02\/21\/elas-na-ciencia-programa-da-tv-campus\/\">https:\/\/www.ufsm.br\/orgaos-executivos\/caed\/2021\/02\/21\/elas-na-ciencia-programa-da-tv-campus\/<\/a><\/p>\n<p>21-02-2021 <a href=\"https:\/\/www.ufsm.br\/orgaos-executivos\/caed\/2021\/02\/21\/plano-de-metas-ufsm-2022\/\">https:\/\/www.ufsm.br\/orgaos-executivos\/caed\/2021\/02\/21\/plano-de-metas-ufsm-2022\/<\/a><\/p>\n<p>21-02-2021 <a href=\"https:\/\/www.ufsm.br\/orgaos-executivos\/caed\/2021\/02\/21\/calendario-academico-2021-i-rede-e-perguntas-frequentes-sobre-o-semestre\/\">https:\/\/www.ufsm.br\/orgaos-executivos\/caed\/2021\/02\/21\/calendario-academico-2021-i-rede-e-perguntas-frequentes-sobre-o-semestre\/<\/a><\/p>\n<p>17-02-2021 <a href=\"https:\/\/www.ufsm.br\/orgaos-executivos\/caed\/2021\/02\/17\/edital-001-2021-selecao-de-bolsistas-da-pos-graduacao-para-o-projeto-redes-de-aprendizagem\/\">https:\/\/www.ufsm.br\/orgaos-executivos\/caed\/2021\/02\/17\/edital-001-2021-selecao-de-bolsistas-da-pos-graduacao-para-o-projeto-redes-de-aprendizagem\/<\/a><\/p>\n<p>13-02-2021 <a href=\"https:\/\/www.ufsm.br\/orgaos-executivos\/caed\/2021\/02\/13\/ufsm-aprova-calendario-academico-para-primeiro-semestre-de-2021\/\">https:\/\/www.ufsm.br\/orgaos-executivos\/caed\/2021\/02\/13\/ufsm-aprova-calendario-academico-para-primeiro-semestre-de-2021\/<\/a><\/p>\n<p>10-12-2021 https:\/\/www.ufsm.br\/orgaos-executivos\/caed\/2021\/02\/10\/analise-de-visibilidade-midiatica-2020\/<\/p>\n<p>10-12-2021 <a href=\"https:\/\/www.ufsm.br\/orgaos-executivos\/caed\/2021\/02\/10\/serie-elas-na-ciencia\/\">https:\/\/www.ufsm.br\/orgaos-executivos\/caed\/2021\/02\/10\/serie-elas-na-ciencia\/<\/a><\/p>\n<p>27-01-2021 <a href=\"https:\/\/www.ufsm.br\/orgaos-executivos\/caed\/2021\/01\/27\/inventario-patrimonial\/\">https:\/\/www.ufsm.br\/orgaos-executivos\/caed\/2021\/01\/27\/inventario-patrimonial\/<\/a><\/p>\n<p>27-01-2021 <a href=\"https:\/\/www.ufsm.br\/orgaos-executivos\/caed\/2021\/01\/27\/perspectivas-da-volta-das-atividaes-presenciais-na-ufsm-resumo-da-reuniao\/\">https:\/\/www.ufsm.br\/orgaos-executivos\/caed\/2021\/01\/27\/perspectivas-da-volta-das-atividaes-presenciais-na-ufsm-resumo-da-reuniao\/<\/a><\/p>\n<p>18-01-2021 <a href=\"https:\/\/www.ufsm.br\/orgaos-executivos\/caed\/2021\/01\/18\/ufsm-fara-reuniao-aberta-para-tratar-sobre-perspectivas-para-o-retorno-presencial-das-atividades-em-2021\/\">https:\/\/www.ufsm.br\/orgaos-executivos\/caed\/2021\/01\/18\/ufsm-fara-reuniao-aberta-para-tratar-sobre-perspectivas-para-o-retorno-presencial-das-atividades-em-2021\/<\/a><\/p>\n<p>18-01-2021 <a href=\"https:\/\/www.ufsm.br\/orgaos-executivos\/caed\/2021\/01\/18\/ufsm-60-anos-depoimentos-da-comunidade-academica\/\">https:\/\/www.ufsm.br\/orgaos-executivos\/caed\/2021\/01\/18\/ufsm-60-anos-depoimentos-da-comunidade-academica\/<\/a><\/p>\n<p>18-01-2021 <a href=\"https:\/\/www.ufsm.br\/orgaos-executivos\/caed\/2021\/01\/18\/60-anos-do-colegio-politecnico-da-ufsm\/\">https:\/\/www.ufsm.br\/orgaos-executivos\/caed\/2021\/01\/18\/60-anos-do-colegio-politecnico-da-ufsm\/<\/a><\/p>\n<p>18-01-2021 <a href=\"https:\/\/www.ufsm.br\/orgaos-executivos\/caed\/2021\/01\/18\/ceu-sol-e-mar-a-travessia-livro-literario-sobre-direitos-humanos\/\">https:\/\/www.ufsm.br\/orgaos-executivos\/caed\/2021\/01\/18\/ceu-sol-e-mar-a-travessia-livro-literario-sobre-direitos-humanos\/<\/a><\/p>\n<p>18-01-2021 <a href=\"https:\/\/www.ufsm.br\/orgaos-executivos\/caed\/2021\/01\/18\/covid-psiq-convite-para-a-4a-fase-da-pesquisa\/\">https:\/\/www.ufsm.br\/orgaos-executivos\/caed\/2021\/01\/18\/covid-psiq-convite-para-a-4a-fase-da-pesquisa\/<\/a><\/p>\n<p>14-01-2021 <a href=\"https:\/\/www.ufsm.br\/orgaos-executivos\/caed\/2021\/01\/14\/palestra-a-extensao-como-dispositivo-social-transformador-do-aluno\/\">https:\/\/www.ufsm.br\/orgaos-executivos\/caed\/2021\/01\/14\/palestra-a-extensao-como-dispositivo-social-transformador-do-aluno\/<\/a><\/p>\n<p>12-01-2021 <a href=\"https:\/\/www.ufsm.br\/orgaos-executivos\/caed\/2021\/01\/12\/projeto-de-extensao-do-curso-de-terapia-ocupacional\/\">https:\/\/www.ufsm.br\/orgaos-executivos\/caed\/2021\/01\/12\/projeto-de-extensao-do-curso-de-terapia-ocupacional\/<\/a><\/p>\n<p>12-01-2021 <a href=\"https:\/\/www.ufsm.br\/orgaos-executivos\/caed\/2021\/01\/12\/observatorio-de-direitos-humanos-mostra-de-projetos-de-extensao-da-pro-reitoria-de-extensao-pre\/\">https:\/\/www.ufsm.br\/orgaos-executivos\/caed\/2021\/01\/12\/observatorio-de-direitos-humanos-mostra-de-projetos-de-extensao-da-pro-reitoria-de-extensao-pre\/<\/a><\/p>\n<p>12-01-2021 <a href=\"https:\/\/www.ufsm.br\/orgaos-executivos\/caed\/2021\/01\/12\/revista-arco-publicacoes\/\">https:\/\/www.ufsm.br\/orgaos-executivos\/caed\/2021\/01\/12\/revista-arco-publicacoes\/<\/a><\/p>\n<p>07-01-2021<a href=\"https:\/\/www.ufsm.br\/orgaos-executivos\/caed\/2021\/01\/07\/atividades-presenciais-seguem-suspensas-na-ufsm-ate-31-de-janeiro\/\">\u00a0https:\/\/www.ufsm.br\/orgaos-executivos\/caed\/2021\/01\/07\/atividades-presenciais-seguem-suspensas-na-ufsm-ate-31-de-janeiro\/<\/a><\/p>\n<p>07-01-2021 <a href=\"https:\/\/www.ufsm.br\/orgaos-executivos\/caed\/2021\/01\/07\/inscricoes-para-o-processo-seletivo-para-os-cursos-de-musica-e-danca-bacharelado\/\">https:\/\/www.ufsm.br\/orgaos-executivos\/caed\/2021\/01\/07\/inscricoes-para-o-processo-seletivo-para-os-cursos-de-musica-e-danca-bacharelado\/<\/a><\/p>\n<p>07-01-2021 <a href=\"https:\/\/www.ufsm.br\/orgaos-executivos\/caed\/2021\/01\/07\/pro-reitoria-de-extensao-pre-divulga-resultado-do-forum-regional-permanente-de-extensao-2020-educacao-de-qualidade-e-desenvolvimento-sustentavel\/\">https:\/\/www.ufsm.br\/orgaos-executivos\/caed\/2021\/01\/07\/pro-reitoria-de-extensao-pre-divulga-resultado-do-forum-regional-permanente-de-extensao-2020-educacao-de-qualidade-e-desenvolvimento-sustentavel\/<\/a><\/p>\n<p>07-01-2021 <a href=\"https:\/\/www.ufsm.br\/orgaos-executivos\/caed\/2021\/01\/07\/pro-reitoria-de-extensao-pre-seleciona-acoes-de-extensao-para-o-espaco-de-acoes-comunitarias-e-empreendedoras\/\">https:\/\/www.ufsm.br\/orgaos-executivos\/caed\/2021\/01\/07\/pro-reitoria-de-extensao-pre-seleciona-acoes-de-extensao-para-o-espaco-de-acoes-comunitarias-e-empreendedoras\/<\/a><\/p>\n<p>04-01-2021<a href=\"https:\/\/www.ufsm.br\/orgaos-executivos\/caed\/2021\/01\/04\/projeto-resilieight-oito-passos-para-o-cuidado-com-a-saude-mental\/\">\u00a0https:\/\/www.ufsm.br\/orgaos-executivos\/caed\/2021\/01\/04\/projeto-resilieight-oito-passos-para-o-cuidado-com-a-saude-mental\/<\/a><\/p>\n<p>04-01-2021 <a href=\"https:\/\/www.ufsm.br\/orgaos-executivos\/caed\/2021\/01\/04\/projeto-covid-psiq-entrevista-na-rede-cnn-com-o-prof-dr-vitor-crestani-calegaro\/\">https:\/\/www.ufsm.br\/orgaos-executivos\/caed\/2021\/01\/04\/projeto-covid-psiq-entrevista-na-rede-cnn-com-o-prof-dr-vitor-crestani-calegaro\/<\/a><\/p>\n<p>31-12-2020 <a href=\"https:\/\/www.ufsm.br\/orgaos-executivos\/caed\/2020\/12\/31\/edital-004-2020-resultado-final\/\">https:\/\/www.ufsm.br\/orgaos-executivos\/caed\/2020\/12\/31\/edital-004-2020-resultado-final\/<\/a><\/p>\n<p>28-12-2020 <a href=\"https:\/\/www.ufsm.br\/orgaos-executivos\/caed\/2020\/12\/28\/edital-004-2020-resultado-antes-do-prazo-de-recursos\/\">https:\/\/www.ufsm.br\/orgaos-executivos\/caed\/2020\/12\/28\/edital-004-2020-resultado-antes-do-prazo-de-recursos\/<\/a><\/p>\n<p>22-12-2020<a href=\"https:\/\/www.ufsm.br\/orgaos-executivos\/caed\/2020\/12\/22\/edital-004-2020-cronograma-de-entrevistas\/\"> https:\/\/www.ufsm.br\/orgaos-executivos\/caed\/2020\/12\/22\/edital-004-2020-cronograma-de-entrevistas\/<\/a><\/p>\n<p>20-12-2020 <a href=\"https:\/\/www.ufsm.br\/orgaos-executivos\/caed\/2020\/12\/20\/descubra-ufsm-2020-em-rede-participacao-da-caed\/\">https:\/\/www.ufsm.br\/orgaos-executivos\/caed\/2020\/12\/20\/descubra-ufsm-2020-em-rede-participacao-da-caed\/<\/a><\/p>\n<p>18-12-2020 <a href=\"https:\/\/www.ufsm.br\/orgaos-executivos\/caed\/2020\/12\/18\/live-caed-no-descubra-ufsm-2020-em-rede\/\">https:\/\/www.ufsm.br\/orgaos-executivos\/caed\/2020\/12\/18\/live-caed-no-descubra-ufsm-2020-em-rede\/<\/a><\/p>\n<p>15-12-2020 <a href=\"https:\/\/www.ufsm.br\/orgaos-executivos\/caed\/2020\/12\/15\/ufsm-60-anos-semana-de-aniversario\/\">https:\/\/www.ufsm.br\/orgaos-executivos\/caed\/2020\/12\/15\/ufsm-60-anos-semana-de-aniversario\/<\/a><\/p>\n<p>15-12-2020 <a href=\"https:\/\/www.ufsm.br\/orgaos-executivos\/caed\/2020\/12\/15\/cursos-da-ufsm-alcancam-notas-4-e-5-no-conceito-preliminar-de-curso-cpc\/\">https:\/\/www.ufsm.br\/orgaos-executivos\/caed\/2020\/12\/15\/cursos-da-ufsm-alcancam-notas-4-e-5-no-conceito-preliminar-de-curso-cpc\/<\/a><\/p>\n<p>15-12-2020 <a href=\"https:\/\/www.ufsm.br\/orgaos-executivos\/caed\/2020\/12\/15\/ufsm-lanca-projeto-direcionado-a-educacao-basica-para-levar-conteudo-a-alunos-sem-acesso-a-internet\/\">https:\/\/www.ufsm.br\/orgaos-executivos\/caed\/2020\/12\/15\/ufsm-lanca-projeto-direcionado-a-educacao-basica-para-levar-conteudo-a-alunos-sem-acesso-a-internet<\/a><\/p>\n<p>15-12-2020 <a href=\"https:\/\/www.ufsm.br\/orgaos-executivos\/caed\/2020\/12\/15\/descubra-ufsm-2020-em-rede-programacao-do-evento-em-curso\/\">https:\/\/www.ufsm.br\/orgaos-executivos\/caed\/2020\/12\/15\/descubra-ufsm-2020-em-rede-programacao-do-evento-em-curso\/<\/a><\/p>\n<p>14-12-2020 <a href=\"https:\/\/www.ufsm.br\/orgaos-executivos\/caed\/2020\/12\/14\/14-professores-da-ufsm-entre-os-mais-influentes-do-mundo\/\">https:\/\/www.ufsm.br\/orgaos-executivos\/caed\/2020\/12\/14\/14-professores-da-ufsm-entre-os-mais-influentes-do-mundo\/<\/a><\/p>\n<p>14-12-2020 <a href=\"https:\/\/www.ufsm.br\/orgaos-executivos\/caed\/2020\/12\/14\/descubra-2020-em-rede-60-inspiracoes-para-ser-ufsm\/\">https:\/\/www.ufsm.br\/orgaos-executivos\/caed\/2020\/12\/14\/descubra-2020-em-rede-60-inspiracoes-para-ser-ufsm\/<\/a><\/p>\n<p>14-12-2020 <a href=\"https:\/\/www.ufsm.br\/orgaos-executivos\/caed\/2020\/12\/14\/guia-de-identidade-visual-da-ufsm\/\">https:\/\/www.ufsm.br\/orgaos-executivos\/caed\/2020\/12\/14\/guia-de-identidade-visual-da-ufsm\/<\/a><\/p>\n<p>14-12-2020 <a href=\"https:\/\/www.ufsm.br\/orgaos-executivos\/caed\/2020\/12\/14\/atualizacoes-no-comite-de-politica-de-comunicacao\/\">https:\/\/www.ufsm.br\/orgaos-executivos\/caed\/2020\/12\/14\/atualizacoes-no-comite-de-politica-de-comunicacao\/<\/a><\/p>\n<p>14-12-2020 <a href=\"https:\/\/www.ufsm.br\/orgaos-executivos\/caed\/2020\/12\/14\/guia-de-eventos-sustentaveis\/\">https:\/\/www.ufsm.br\/orgaos-executivos\/caed\/2020\/12\/14\/guia-de-eventos-sustentaveis\/<\/a><\/p>\n<p>14-12-2020 <a href=\"https:\/\/www.ufsm.br\/orgaos-executivos\/caed\/2020\/12\/14\/relatorios-de-gestao-da-ufsm\/\">https:\/\/www.ufsm.br\/orgaos-executivos\/caed\/2020\/12\/14\/relatorios-de-gestao-da-ufsm\/<\/a><\/p>\n<p>14-12-2020 <a href=\"https:\/\/www.ufsm.br\/orgaos-executivos\/caed\/2020\/12\/14\/edital-004-2020-selecao-de-bolsistas-de-pos-graduacao-para-o-projeto-redes-de-aprendizagem-da-caed\/\">https:\/\/www.ufsm.br\/orgaos-executivos\/caed\/2020\/12\/14\/edital-004-2020-selecao-de-bolsistas-de-pos-graduacao-para-o-projeto-redes-de-aprendizagem-da-caed\/<\/a><\/p>\n<p>14-12-2020 <a href=\"https:\/\/www.ufsm.br\/orgaos-executivos\/caed\/2020\/12\/14\/live-movimento-negro-diversidade-e-multiculturalismo-com-o-professor-mestre-pedro-ivo-silva-ifb\/\">https:\/\/www.ufsm.br\/orgaos-executivos\/caed\/2020\/12\/14\/live-movimento-negro-diversidade-e-multiculturalismo-com-o-professor-mestre-pedro-ivo-silva-ifb\/<\/a><\/p>\n<p>14-12-2020 <a href=\"https:\/\/www.ufsm.br\/orgaos-executivos\/caed\/2020\/12\/14\/descubra-ufsm-2020-site-e-programacao\/\">https:\/\/www.ufsm.br\/orgaos-executivos\/caed\/2020\/12\/14\/descubra-ufsm-2020-site-e-programacao\/<\/a><\/p>\n<p>14-12-2020 https:\/\/www.ufsm.br\/orgaos-executivos\/caed\/2020\/12\/14\/ufsm-60-anos-universidade-da-minha-historia\/<\/p>\n<p>14-12-2020 <a href=\"https:\/\/www.ufsm.br\/orgaos-executivos\/caed\/2020\/12\/14\/ufsm-lacos-60-anos-exposicao-on-line\/\">https:\/\/www.ufsm.br\/orgaos-executivos\/caed\/2020\/12\/14\/ufsm-lacos-60-anos-exposicao-on-line\/<\/a><\/p>\n<p>14-12-2020 <a href=\"https:\/\/www.ufsm.br\/orgaos-executivos\/caed\/2020\/12\/14\/live-covid-psiq-a-pandemia-sob-a-optica-das-pessoas-com-deficiencia\/\">https:\/\/www.ufsm.br\/orgaos-executivos\/caed\/2020\/12\/14\/live-covid-psiq-a-pandemia-sob-a-optica-das-pessoas-com-deficiencia\/<\/a><\/p>\n<p>14-12-2020 <a href=\"https:\/\/www.ufsm.br\/orgaos-executivos\/caed\/2020\/12\/14\/live-covid-psiq-encerramento-de-2020-resultados-da-terceira-fase-da-pesquisa-covid-psiq-e-lancamento-do-projeto-resilieight\/\">https:\/\/www.ufsm.br\/orgaos-executivos\/caed\/2020\/12\/14\/live-covid-psiq-encerramento-de-2020-resultados-da-terceira-fase-da-pesquisa-covid-psiq-e-lancamento-do-projeto-resilieight\/<\/a><\/p>\n<p>04-12-2020 <a href=\"https:\/\/www.ufsm.br\/orgaos-executivos\/caed\/2020\/12\/04\/guia-pratico-de-lingua-inglesa-para-o-exame-nacional-do-ensino-medio-enem\/\">https:\/\/www.ufsm.br\/orgaos-executivos\/caed\/2020\/12\/04\/guia-pratico-de-lingua-inglesa-para-o-exame-nacional-do-ensino-medio-enem\/<\/a><\/p>\n<p>29-11-20 <a href=\"https:\/\/www.ufsm.br\/orgaos-executivos\/caed\/2020\/11\/29\/1-forum-latino-americano-sobre-saude-mental-em-tempos-de-pandemia\/\">https:\/\/www.ufsm.br\/orgaos-executivos\/caed\/2020\/11\/29\/1-forum-latino-americano-sobre-saude-mental-em-tempos-de-pandemia\/<\/a><\/p>\n<p>27-11-20 <a href=\"https:\/\/www.ufsm.br\/orgaos-executivos\/caed\/2020\/11\/27\/live-covid-psiq-saude-mental-dos-profissionais-da-saude\/\">https:\/\/www.ufsm.br\/orgaos-executivos\/caed\/2020\/11\/27\/live-covid-psiq-saude-mental-dos-profissionais-da-saude\/<\/a><\/p>\n<p>27-11-2020 <a href=\"https:\/\/www.ufsm.br\/orgaos-executivos\/caed\/2020\/11\/27\/palestra-deficiencia-intelectual-na-educacao-profissional-superior-alternativas-e-adaptacoes-pedagogicas\/\">https:\/\/www.ufsm.br\/orgaos-executivos\/caed\/2020\/11\/27\/palestra-deficiencia-intelectual-na-educacao-profissional-superior-alternativas-e-adaptacoes-pedagogicas\/<\/a><\/p>\n<p>26-11-20 <a href=\"https:\/\/www.ufsm.br\/orgaos-executivos\/caed\/2020\/11\/26\/edital-003-2020-resultado-final\/\">https:\/\/www.ufsm.br\/orgaos-executivos\/caed\/2020\/11\/26\/edital-003-2020-resultado-final\/<\/a><\/p>\n<p>23-11-20 <a href=\"https:\/\/www.ufsm.br\/orgaos-executivos\/caed\/2020\/11\/24\/edital-do-projeto-alunos-conectados-chip-com-pacote-de-dados-moveis\/\">https:\/\/www.ufsm.br\/orgaos-executivos\/caed\/2020\/11\/24\/edital-do-projeto-alunos-conectados-chip-com-pacote-de-dados-moveis\/<\/a><\/p>\n<p>23-11-20 <a href=\"https:\/\/www.ufsm.br\/orgaos-executivos\/caed\/2020\/11\/24\/edital-003-2020-listagem-dos-candidatos-classificados-antes-do-prazo-de-recursos\/\">https:\/\/www.ufsm.br\/orgaos-executivos\/caed\/2020\/11\/24\/edital-003-2020-listagem-dos-candidatos-classificados-antes-do-prazo-de-recursos\/<\/a><\/p>\n<p>23-11-20 <a href=\"https:\/\/www.ufsm.br\/orgaos-executivos\/caed\/2020\/11\/24\/video-aulas-em-diversas-areas-da-matematica-professor-thiago-filipe-da-silva-dmat-ufes\/\">https:\/\/www.ufsm.br\/orgaos-executivos\/caed\/2020\/11\/24\/video-aulas-em-diversas-areas-da-matematica-professor-thiago-filipe-da-silva-dmat-ufes\/<\/a><\/p>\n<p>21-11-20 <a href=\"https:\/\/www.ufsm.br\/orgaos-executivos\/caed\/2020\/11\/21\/live-covid-psiq-pandemia-e-ganho-de-peso-pandemia-e-ganho-de-peso-comida-como-valvula-de-escape-e-consequencias-a-longo-prazo\/\">https:\/\/www.ufsm.br\/orgaos-executivos\/caed\/2020\/11\/21\/live-covid-psiq-pandemia-e-ganho-de-peso-pandemia-e-ganho-de-peso-comida-como-valvula-de-escape-e-consequencias-a-longo-prazo\/<\/a><\/p>\n<p>20-11-20 <a href=\"https:\/\/www.ufsm.br\/orgaos-executivos\/caed\/2020\/11\/20\/mes-da-consciencia-negra-2020-ufsm\/\">https:\/\/www.ufsm.br\/orgaos-executivos\/caed\/2020\/11\/20\/mes-da-consciencia-negra-2020-ufsm\/<\/a><\/p>\n<p>20-11-20 <a href=\"https:\/\/www.ufsm.br\/orgaos-executivos\/caed\/2020\/11\/20\/novembro-azul-ufsm-2020\/\">https:\/\/www.ufsm.br\/orgaos-executivos\/caed\/2020\/11\/20\/novembro-azul-ufsm-2020\/<\/a><\/p>\n<p>20-11-20 <a href=\"https:\/\/www.ufsm.br\/orgaos-executivos\/caed\/2020\/11\/20\/descubra-2020-em-rede-14-a-18-de-dezembro-de-2020\/\">https:\/\/www.ufsm.br\/orgaos-executivos\/caed\/2020\/11\/20\/descubra-2020-em-rede-14-a-18-de-dezembro-de-2020\/<\/a><\/p>\n<p>19-11-20 <a href=\"https:\/\/www.ufsm.br\/orgaos-executivos\/caed\/2020\/11\/19\/edital-003-2020-cronograma-de-entrevistas\/\">https:\/\/www.ufsm.br\/orgaos-executivos\/caed\/2020\/11\/19\/edital-003-2020-cronograma-de-entrevistas\/<\/a><\/p>\n<p>18-11-20 <a href=\"https:\/\/www.ufsm.br\/orgaos-executivos\/caed\/2020\/11\/18\/edital-003-2020-lista-de-inscritos-apos-a-expiracao-do-prazo-de-recurso\/\">https:\/\/www.ufsm.br\/orgaos-executivos\/caed\/2020\/11\/18\/edital-003-2020-lista-de-inscritos-apos-a-expiracao-do-prazo-de-recurso\/<\/a><\/p>\n<p>16-11-20<a href=\"https:\/\/www.ufsm.br\/orgaos-executivos\/caed\/2020\/11\/16\/edital-003-2020-lista-de-inscritos\/\"> https:\/\/www.ufsm.br\/orgaos-executivos\/caed\/2020\/11\/16\/edital-003-2020-lista-de-inscritos\/<\/a><\/p>\n<p>13-11-2020 <a href=\"https:\/\/www.ufsm.br\/orgaos-executivos\/caed\/2020\/11\/13\/live-covid-psiq-a-influencia-do-sono-na-saude-mental\/\">https:\/\/www.ufsm.br\/orgaos-executivos\/caed\/2020\/11\/13\/live-covid-psiq-a-influencia-do-sono-na-saude-mental\/<\/a><\/p>\n<p>12-11-2020 <a href=\"https:\/\/www.ufsm.br\/orgaos-executivos\/caed\/2020\/11\/12\/palestra-transtorno-do-espectro-autista-na-educacao-profissional-e-superior-alternativas-e-adaptacoes-pedagogicas\/\">https:\/\/www.ufsm.br\/orgaos-executivos\/caed\/2020\/11\/12\/palestra-transtorno-do-espectro-autista-na-educacao-profissional-e-superior-alternativas-e-adaptacoes-pedagogicas\/<\/a><\/p>\n<p>08-11-20 <a href=\"https:\/\/www.ufsm.br\/orgaos-executivos\/caed\/2020\/11\/08\/live-covid-psiq-pandemia-e-infancia\/\">https:\/\/www.ufsm.br\/orgaos-executivos\/caed\/2020\/11\/08\/live-covid-psiq-pandemia-e-infancia\/<\/a><\/p>\n<p>06-11-20 https:\/\/www.ufsm.br\/orgaos-executivos\/caed\/2020\/11\/06\/edita-003-2020-selecao-de-bolsistas-caed-para-o-descubra-ufsm-em-rede-2020\/<\/p>\n<p>30-10-2020 <a href=\"https:\/\/www.ufsm.br\/orgaos-executivos\/caed\/2020\/10\/30\/edital-para-selecao-de-membros-para-o-projeto-covid-psiq\/\">https:\/\/www.ufsm.br\/orgaos-executivos\/caed\/2020\/10\/30\/edital-para-selecao-de-membros-para-o-projeto-covid-psiq\/<\/a><\/p>\n<p>30-10-2020 <a href=\"https:\/\/www.ufsm.br\/orgaos-executivos\/caed\/2020\/10\/30\/live-covid-psiq-saude-mental-dos-idosos-na-pandemia-de-covid-19\/\">https:\/\/www.ufsm.br\/orgaos-executivos\/caed\/2020\/10\/30\/live-covid-psiq-saude-mental-dos-idosos-na-pandemia-de-covid-19\/<\/a><\/p>\n<p>27-10-2020: <a href=\"https:\/\/www.ufsm.br\/orgaos-executivos\/caed\/2020\/10\/27\/live-covid-psiq-o-uso-de-alcool-e-drogas-na-pandemia\/\">https:\/\/www.ufsm.br\/orgaos-executivos\/caed\/2020\/10\/27\/live-covid-psiq-o-uso-de-alcool-e-drogas-na-pandemia\/<\/a><\/p>\n<p>22-10-2020 <a href=\"https:\/\/www.ufsm.br\/orgaos-executivos\/caed\/2020\/10\/22\/roda-de-conversa-dificuldades-e-transtornos-de-aprendizagem-na-educacao-profissional-e-superior-alternativas-e-adaptacoes-pedagogicas\/\">https:\/\/www.ufsm.br\/orgaos-executivos\/caed\/2020\/10\/22\/roda-de-conversa-dificuldades-e-transtornos-de-aprendizagem-na-educacao-profissional-e-superior-alternativas-e-adaptacoes-pedagogicas\/<\/a><\/p>\n<p>22-10-2020 <a href=\"https:\/\/www.ufsm.br\/orgaos-executivos\/caed\/2020\/10\/22\/semana-do-servidor-2020\/\">https:\/\/www.ufsm.br\/orgaos-executivos\/caed\/2020\/10\/22\/semana-do-servidor-2020\/<\/a><\/p>\n<p>19-10-2020<a href=\"https:\/\/www.ufsm.br\/orgaos-executivos\/caed\/2020\/10\/19\/guia-de-servicos-da-ufsm\/\"> https:\/\/www.ufsm.br\/orgaos-executivos\/caed\/2020\/10\/19\/guia-de-servicos-da-ufsm\/<\/a><\/p>\n<p>18-10-2020 <a href=\"https:\/\/www.ufsm.br\/orgaos-executivos\/caed\/2020\/10\/18\/live-covid-psiq-live-covid-psiq-violencia-no-contexto-da-pandemia\/\">https:\/\/www.ufsm.br\/orgaos-executivos\/caed\/2020\/10\/18\/live-covid-psiq-live-covid-psiq-violencia-no-contexto-da-pandemia\/<\/a><\/p>\n<p>11-10-20 <a href=\"https:\/\/www.ufsm.br\/orgaos-executivos\/caed\/2020\/10\/11\/live-covid-psiq-relacionamentos-amorosos-e-vida-sexual-na-pandemia\/\">https:\/\/www.ufsm.br\/orgaos-executivos\/caed\/2020\/10\/11\/live-covid-psiq-relacionamentos-amorosos-e-vida-sexual-na-pandemia\/<\/a><\/p>\n<p>10-10-20 <a href=\"https:\/\/www.ufsm.br\/orgaos-executivos\/caed\/2020\/10\/10\/campanha-outubro-rosa-2020\/\">https:\/\/www.ufsm.br\/orgaos-executivos\/caed\/2020\/10\/10\/campanha-outubro-rosa-2020\/<\/a><\/p>\n<p>10-10-20 <a href=\"https:\/\/www.ufsm.br\/orgaos-executivos\/caed\/2020\/10\/10\/calourada-2020-ii-programacao\/\">https:\/\/www.ufsm.br\/orgaos-executivos\/caed\/2020\/10\/10\/calourada-2020-ii-programacao\/<\/a><\/p>\n<p>10-10-20 <a href=\"https:\/\/www.ufsm.br\/orgaos-executivos\/caed\/2020\/10\/10\/jornada-academica-integrada-jai-programacao\/\">https:\/\/www.ufsm.br\/orgaos-executivos\/caed\/2020\/10\/10\/jornada-academica-integrada-jai-programacao\/<\/a><\/p>\n<p>05-10-20 <a href=\"https:\/\/www.ufsm.br\/orgaos-executivos\/caed\/2020\/10\/05\/publicacao-do-livro-os-servicos-de-apoio-pedagogico-aos-discentes-no-ensino-superior-brasileiro-com-a-colaboracao-da-caed\/\">https:\/\/www.ufsm.br\/orgaos-executivos\/caed\/2020\/10\/05\/publicacao-do-livro-os-servicos-de-apoio-pedagogico-aos-discentes-no-ensino-superior-brasileiro-com-a-colaboracao-da-caed\/<\/a><\/p>\n<p>04-10-20 <a href=\"https:\/\/www.ufsm.br\/orgaos-executivos\/caed\/2020\/10\/04\/live-covid-psiq-dependencia-de-internet-em-tempos-de-pandemia\/\">https:\/\/www.ufsm.br\/orgaos-executivos\/caed\/2020\/10\/04\/live-covid-psiq-dependencia-de-internet-em-tempos-de-pandemia\/<\/a><\/p>\n<p>29-09-20 <a href=\"https:\/\/www.ufsm.br\/orgaos-executivos\/caed\/2020\/09\/29\/live-covid-psiq-reapresentacao-da-tese-de-doutorado-o-incendio-da-boate-kiss-investigacao-da-relacao-entre-personalidade-psicopatologia-e-resiliencia\/\">https:\/\/www.ufsm.br\/orgaos-executivos\/caed\/2020\/09\/29\/live-covid-psiq-reapresentacao-da-tese-de-doutorado-o-incendio-da-boate-kiss-investigacao-da-relacao-entre-personalidade-psicopatologia-e-resiliencia\/<\/a><\/p>\n<p>27-09-2020 <a href=\"https:\/\/www.ufsm.br\/orgaos-executivos\/caed\/2020\/09\/27\/live-covid-psiq-pesquisas-sobre-covid-19-e-saude-mental-no-brasil\/\">https:\/\/www.ufsm.br\/orgaos-executivos\/caed\/2020\/09\/27\/live-covid-psiq-pesquisas-sobre-covid-19-e-saude-mental-no-brasil\/<\/a><\/p>\n<p>23-09-20 <a href=\"https:\/\/www.ufsm.br\/orgaos-executivos\/caed\/2020\/09\/23\/palestra-acessibilidade-e-deficiencia-visual-a-importancia-da-descricao-de-imagem-e-da-audiodescricao\/\">https:\/\/www.ufsm.br\/orgaos-executivos\/caed\/2020\/09\/23\/palestra-acessibilidade-e-deficiencia-visual-a-importancia-da-descricao-de-imagem-e-da-audiodescricao\/<\/a><\/p>\n<p>21-09-2020 <a href=\"https:\/\/www.ufsm.br\/orgaos-executivos\/caed\/2020\/09\/21\/guia-sitios-tutoriais-e-orientacoes-para-os-sitios-institucionais\/\">https:\/\/www.ufsm.br\/orgaos-executivos\/caed\/2020\/09\/21\/guia-sitios-tutoriais-e-orientacoes-para-os-sitios-institucionais\/<\/a><\/p>\n<p>21-09-2020 <a href=\"https:\/\/www.ufsm.br\/orgaos-executivos\/caed\/2020\/09\/21\/acessibilidade-nas-redes-sociais-guia-para-descricao-de-imagens\/\">https:\/\/www.ufsm.br\/orgaos-executivos\/caed\/2020\/09\/21\/acessibilidade-nas-redes-sociais-guia-para-descricao-de-imagens\/<\/a><\/p>\n<p>21-09-2020 <a href=\"https:\/\/www.ufsm.br\/orgaos-executivos\/caed\/2020\/09\/21\/guia-de-orientacoes-editoriais-da-ufsm-para-o-periodo-eleitoral-de-2020\/\">https:\/\/www.ufsm.br\/orgaos-executivos\/caed\/2020\/09\/21\/guia-de-orientacoes-editoriais-da-ufsm-para-o-periodo-eleitoral-de-2020\/<\/a><\/p>\n<p>21-09-2020 <a href=\"https:\/\/www.ufsm.br\/orgaos-executivos\/caed\/2020\/09\/21\/setembro-amarelo-2020-na-ufsm-webinar-estrategias-de-prevencao-ao-suicidio-no-contexto-da-pandemia-do-covid-19\/\">https:\/\/www.ufsm.br\/orgaos-executivos\/caed\/2020\/09\/21\/setembro-amarelo-2020-na-ufsm-webinar-estrategias-de-prevencao-ao-suicidio-no-contexto-da-pandemia-do-covid-19\/<\/a><\/p>\n<p>21-09-2020 <a href=\"https:\/\/www.ufsm.br\/orgaos-executivos\/caed\/2020\/09\/21\/mes-da-ciberseguranca-na-ufsm\/\">https:\/\/www.ufsm.br\/orgaos-executivos\/caed\/2020\/09\/21\/mes-da-ciberseguranca-na-ufsm\/<\/a><\/p>\n<p>21-09-2020 <a href=\"https:\/\/www.ufsm.br\/orgaos-executivos\/caed\/2020\/09\/21\/inscricoes-para-o-processo-seletivo-de-especializacao-mestrado-doutorado-da-ufsm-no-segundo-semestre-de-2020\/\">https:\/\/www.ufsm.br\/orgaos-executivos\/caed\/2020\/09\/21\/inscricoes-para-o-processo-seletivo-de-especializacao-mestrado-doutorado-da-ufsm-no-segundo-semestre-de-2020\/<\/a><\/p>\n<p>21-09-2020 <a href=\"https:\/\/www.ufsm.br\/orgaos-executivos\/caed\/2020\/09\/21\/ufsm-oferta-864-vagas-nos-cursos-de-graduacao-presencial-para-reingresso-transferencias-externas-e-internas-e-portadores-de-diploma-superior\/\">https:\/\/www.ufsm.br\/orgaos-executivos\/caed\/2020\/09\/21\/ufsm-oferta-864-vagas-nos-cursos-de-graduacao-presencial-para-reingresso-transferencias-externas-e-internas-e-portadores-de-diploma-superior\/<\/a><\/p>\n<p>21-09-2020 <a href=\"https:\/\/www.ufsm.br\/orgaos-executivos\/caed\/2020\/09\/21\/35o-festival-internacional-de-inverno-da-ufsm\/\">https:\/\/www.ufsm.br\/orgaos-executivos\/caed\/2020\/09\/21\/35o-festival-internacional-de-inverno-da-ufsm\/<\/a><\/p>\n<p>21-09-2020 <a href=\"https:\/\/www.ufsm.br\/orgaos-executivos\/caed\/2020\/09\/21\/caminhos-do-saber-60-anos-da-ufsm-webinar-integracao-da-educacao-ibero-americana-uma-visao-universitaria\/\">https:\/\/www.ufsm.br\/orgaos-executivos\/caed\/2020\/09\/21\/caminhos-do-saber-60-anos-da-ufsm-webinar-integracao-da-educacao-ibero-americana-uma-visao-universitaria\/<\/a><\/p>\n<p>21-09-2020 <a href=\"https:\/\/www.ufsm.br\/orgaos-executivos\/caed\/2020\/09\/21\/live-covid-psiq-estrategias-em-saude-mental-para-enfrentar-a-pandemia-reapresentacao\/\">https:\/\/www.ufsm.br\/orgaos-executivos\/caed\/2020\/09\/21\/live-covid-psiq-estrategias-em-saude-mental-para-enfrentar-a-pandemia-reapresentacao\/<\/a><\/p>\n<p>21-09-20 <a href=\"https:\/\/www.ufsm.br\/orgaos-executivos\/caed\/2020\/09\/21\/palestra-como-esta-a-sua-comunicacao-no-meios-digitais\/\">https:\/\/www.ufsm.br\/orgaos-executivos\/caed\/2020\/09\/21\/palestra-como-esta-a-sua-comunicacao-no-meios-digitais\/<\/a><\/p>\n<p>21-09-20 <a href=\"https:\/\/www.ufsm.br\/orgaos-executivos\/caed\/2020\/09\/21\/edital-02-2020-resultado-final\/\">https:\/\/www.ufsm.br\/orgaos-executivos\/caed\/2020\/09\/21\/edital-02-2020-resultado-final\/<\/a><\/p>\n<p>20-09-20 <a href=\"https:\/\/www.ufsm.br\/orgaos-executivos\/caed\/2020\/09\/20\/educaz-educacao-para-a-paz\/\">https:\/\/www.ufsm.br\/orgaos-executivos\/caed\/2020\/09\/20\/educaz-educacao-para-a-paz\/<\/a><\/p>\n<p>19-09-20 <a href=\"https:\/\/www.ufsm.br\/orgaos-executivos\/caed\/2020\/09\/19\/live-covid-psiq-desafios-do-trabalho-na-pandemia-home-office\/\">https:\/\/www.ufsm.br\/orgaos-executivos\/caed\/2020\/09\/19\/live-covid-psiq-desafios-do-trabalho-na-pandemia-home-office\/<\/a><\/p>\n<p>17-09-20 <a href=\"https:\/\/www.ufsm.br\/orgaos-executivos\/caed\/2020\/09\/17\/edital-02-2020-resultado-antes-do-prazo-de-recursos\/\">https:\/\/www.ufsm.br\/orgaos-executivos\/caed\/2020\/09\/17\/edital-02-2020-resultado-antes-do-prazo-de-recursos\/<\/a><\/p>\n<p>16-09-20 <a href=\"https:\/\/www.ufsm.br\/orgaos-executivos\/caed\/2020\/09\/16\/live-covid-psiq-exercicio-fisico-e-saude-mental-em-tempos-de-pandemia-reapresentacao\/\">https:\/\/www.ufsm.br\/orgaos-executivos\/caed\/2020\/09\/16\/live-covid-psiq-exercicio-fisico-e-saude-mental-em-tempos-de-pandemia-reapresentacao\/<\/a><\/p>\n<p>15-09-20 <a href=\"https:\/\/www.ufsm.br\/orgaos-executivos\/caed\/2020\/09\/15\/curso-de-formacao-para-inclusao-digital-aspectos-basicos-de-acessibilidade-turma-i-2020\/\">https:\/\/www.ufsm.br\/orgaos-executivos\/caed\/2020\/09\/15\/curso-de-formacao-para-inclusao-digital-aspectos-basicos-de-acessibilidade-turma-i-2020\/<\/a><\/p>\n<p>15-09-20 <a href=\"https:\/\/www.ufsm.br\/orgaos-executivos\/caed\/2020\/09\/15\/adaptacao-de-materiais-didaticos-para-estudantes-com-deficiencia-visual-palestra\/\">https:\/\/www.ufsm.br\/orgaos-executivos\/caed\/2020\/09\/15\/adaptacao-de-materiais-didaticos-para-estudantes-com-deficiencia-visual-palestra\/<\/a><\/p>\n<p>15-09-20 <a href=\"https:\/\/www.ufsm.br\/orgaos-executivos\/caed\/2020\/09\/15\/edital-002-2020-cronograma-de-entrevistas\/\">https:\/\/www.ufsm.br\/orgaos-executivos\/caed\/2020\/09\/15\/edital-002-2020-cronograma-de-entrevistas\/<\/a><\/p>\n<p>11-09-20 <a href=\"https:\/\/www.ufsm.br\/orgaos-executivos\/caed\/2020\/09\/11\/live-covid-psiq-estudando-remotamente-as-angustias-dos-estudantes\/\">https:\/\/www.ufsm.br\/orgaos-executivos\/caed\/2020\/09\/11\/live-covid-psiq-estudando-remotamente-as-angustias-dos-estudantes\/<\/a><\/p>\n<p>10-09-20 https:\/\/www.ufsm.br\/orgaos-executivos\/caed\/2020\/09\/10\/edital-02-2020-classificados-para-a-entrevista\/<\/p>\n<p>05-09-20 <a href=\"https:\/\/www.ufsm.br\/orgaos-executivos\/caed\/2020\/09\/05\/live-covid-psiq-o-papel-da-midia-na-veiculacao-de-noticias-dificeis\/\">https:\/\/www.ufsm.br\/orgaos-executivos\/caed\/2020\/09\/05\/live-covid-psiq-o-papel-da-midia-na-veiculacao-de-noticias-dificeis\/<\/a><\/p>\n<p>02-09-20 <a href=\"https:\/\/www.ufsm.br\/orgaos-executivos\/caed\/2020\/09\/02\/resolucao-n-024-de-11-de-agosto-de-2020-regula-o-regime-de-exercicios-domiciliares-especiais-rede\/\">https:\/\/www.ufsm.br\/orgaos-executivos\/caed\/2020\/09\/02\/resolucao-n-024-de-11-de-agosto-de-2020-regula-o-regime-de-exercicios-domiciliares-especiais-rede\/<\/a><\/p>\n<p>02-09-20 <a href=\"https:\/\/www.ufsm.br\/orgaos-executivos\/caed\/2020\/09\/02\/manual-de-biosseguranca-da-ufsm-durante-a-pandemia-do-covid-19\/\">https:\/\/www.ufsm.br\/orgaos-executivos\/caed\/2020\/09\/02\/manual-de-biosseguranca-da-ufsm-durante-a-pandemia-do-covid-19\/<\/a><\/p>\n<p>01-09-20 <a href=\"https:\/\/www.ufsm.br\/orgaos-executivos\/caed\/2020\/09\/01\/producao-e-doacao-de-alcool-gel-na-ufsm\/\">https:\/\/www.ufsm.br\/orgaos-executivos\/caed\/2020\/09\/01\/producao-e-doacao-de-alcool-gel-na-ufsm\/<\/a><\/p>\n<p>01-09-20 <a href=\"https:\/\/www.ufsm.br\/orgaos-executivos\/caed\/2020\/09\/01\/plantao-social-e-grupo-de-saude-mental-programa-de-acompanhamento-aos-estudantes-e-suas-familias-em-situacao-de-vulnerabilidade-social\/\">https:\/\/www.ufsm.br\/orgaos-executivos\/caed\/2020\/09\/01\/plantao-social-e-grupo-de-saude-mental-programa-de-acompanhamento-aos-estudantes-e-suas-familias-em-situacao-de-vulnerabilidade-social\/<\/a><\/p>\n<p>01-09-20 <a href=\"https:\/\/www.ufsm.br\/orgaos-executivos\/caed\/2020\/09\/01\/setembro-amarelo-o-que-te-produz-vida\/\">https:\/\/www.ufsm.br\/orgaos-executivos\/caed\/2020\/09\/01\/setembro-amarelo-o-que-te-produz-vida\/<\/a><\/p>\n<p>31-08-20 <a href=\"https:\/\/www.ufsm.br\/orgaos-executivos\/caed\/2020\/08\/31\/edital-gepedusi-2020-selecao-de-trabalhos-para-publicacao-em-livro\/\">https:\/\/www.ufsm.br\/orgaos-executivos\/caed\/2020\/08\/31\/edital-gepedusi-2020-selecao-de-trabalhos-para-publicacao-em-livro\/<\/a><\/p>\n<p>30-08-20 <a href=\"https:\/\/www.ufsm.br\/orgaos-executivos\/caed\/2020\/08\/30\/peguntas-e-respostas-sobre-o-rede-regime-de-exercicios-domiciliares\/\">https:\/\/www.ufsm.br\/orgaos-executivos\/caed\/2020\/08\/30\/peguntas-e-respostas-sobre-o-rede-regime-de-exercicios-domiciliares\/<\/a><\/p>\n<p>30-08-20 <a href=\"https:\/\/www.ufsm.br\/orgaos-executivos\/caed\/2020\/08\/30\/orientacoes-sobre-o-uso-dos-recursos-de-identidade-visual-da-ufsm\/\">https:\/\/www.ufsm.br\/orgaos-executivos\/caed\/2020\/08\/30\/orientacoes-sobre-o-uso-dos-recursos-de-identidade-visual-da-ufsm\/<\/a><\/p>\n<p>30-08-20 <a href=\"https:\/\/www.ufsm.br\/orgaos-executivos\/caed\/2020\/08\/30\/ufsm-divulga-guia-de-midias-sociais\/\">https:\/\/www.ufsm.br\/orgaos-executivos\/caed\/2020\/08\/30\/ufsm-divulga-guia-de-midias-sociais\/<\/a><\/p>\n<p>30-08-20 <a href=\"https:\/\/www.ufsm.br\/orgaos-executivos\/caed\/2020\/08\/30\/live-covid-psiq-aula-aberta-luto-e-perda-no-contexto-de-pandemia\/\">https:\/\/www.ufsm.br\/orgaos-executivos\/caed\/2020\/08\/30\/live-covid-psiq-aula-aberta-luto-e-perda-no-contexto-de-pandemia\/<\/a><\/p>\n<p>31-08-20 <a href=\"https:\/\/www.ufsm.br\/orgaos-executivos\/caed\/2020\/08\/31\/7o-encontro-regional-de-promocao-da-vida-e-prevencao-do-suicidio-edicao-online\/\">https:\/\/www.ufsm.br\/orgaos-executivos\/caed\/2020\/08\/31\/7o-encontro-regional-de-promocao-da-vida-e-prevencao-do-suicidio-edicao-online\/<\/a><\/p>\n<p>30-08-20 <a href=\"https:\/\/www.ufsm.br\/orgaos-executivos\/caed\/2020\/08\/30\/60-anos-da-ufsm\/\">https:\/\/www.ufsm.br\/orgaos-executivos\/caed\/2020\/08\/30\/60-anos-da-ufsm\/<\/a><\/p>\n<p>30-08-20 <a href=\"https:\/\/www.ufsm.br\/orgaos-executivos\/caed\/2020\/08\/30\/50-anos-do-centro-de-ciencias-rurais-ccr\/\">https:\/\/www.ufsm.br\/orgaos-executivos\/caed\/2020\/08\/30\/50-anos-do-centro-de-ciencias-rurais-ccr\/<\/a><\/p>\n<p>27-08-20 https:\/\/www.ufsm.br\/orgaos-executivos\/caed\/2020\/08\/27\/roda-de-conversa-condicoes-sociais-e-de-saude-mental-no-contexto-da-pandemia\/<\/p>\n<p>26-08-20 <a href=\"https:\/\/www.ufsm.br\/orgaos-executivos\/caed\/2020\/08\/26\/curso-basico-de-libras-inscricoes\/\">https:\/\/www.ufsm.br\/orgaos-executivos\/caed\/2020\/08\/26\/curso-basico-de-libras-inscricoes\/<\/a><\/p>\n<p>12-08-20 <a href=\"https:\/\/www.ufsm.br\/orgaos-executivos\/caed\/2020\/08\/14\/live-covid-psiq-a-culpa-e-da-pandemia-como-seus-pensamentos-interferem-no-seu-humor\/\">https:\/\/www.ufsm.br\/orgaos-executivos\/caed\/2020\/08\/14\/live-covid-psiq-a-culpa-e-da-pandemia-como-seus-pensamentos-interferem-no-seu-humor\/<\/a><\/p>\n<p>12-08-20 <a href=\"https:\/\/www.ufsm.br\/orgaos-executivos\/caed\/2020\/08\/14\/ii-workshop-saberes-e-estrategias-para-a-inclusao-de-alunos-surdos-na-educacao-superior\/\">https:\/\/www.ufsm.br\/orgaos-executivos\/caed\/2020\/08\/14\/ii-workshop-saberes-e-estrategias-para-a-inclusao-de-alunos-surdos-na-educacao-superior\/<\/a>\u00a0<\/p>\n<p>12-08-20 <a href=\"https:\/\/www.ufsm.br\/orgaos-executivos\/caed\/2020\/08\/14\/convite-para-a-palestra-nocoes-basicas-sobre-o-surdo-e-a-libras-i\/\">https:\/\/www.ufsm.br\/orgaos-executivos\/caed\/2020\/08\/14\/convite-para-a-palestra-nocoes-basicas-sobre-o-surdo-e-a-libras-i\/<\/a>\u00a0<\/p>\n<p>12-08-20 <a href=\"https:\/\/www.ufsm.br\/orgaos-executivos\/caed\/2020\/08\/14\/convite-para-o-evento-alternativas-e-adaptacoes-pedagogicas-deficiencia-auditiva-na-educacao-profissional-e-superior\/\">https:\/\/www.ufsm.br\/orgaos-executivos\/caed\/2020\/08\/14\/convite-para-o-evento-alternativas-e-adaptacoes-pedagogicas-deficiencia-auditiva-na-educacao-profissional-e-superior\/<\/a>\u00a0<\/p>\n<p>12-08-20 <a href=\"https:\/\/www.ufsm.br\/orgaos-executivos\/caed\/2020\/08\/14\/edital-002-2020-selecao-de-bolsistas-da-pos-graduacao-projeto-redes-de-aprendizagem\/\">https:\/\/www.ufsm.br\/orgaos-executivos\/caed\/2020\/08\/14\/edital-002-2020-selecao-de-bolsistas-da-pos-graduacao-projeto-redes-de-aprendizagem\/<\/a>\u00a0<\/p>\n<p>12-08-20 <a href=\"https:\/\/www.ufsm.br\/orgaos-executivos\/caed\/2020\/08\/12\/questionario-do-centro-de-processamento-de-dados-cpd-sobre-o-uso-de-tecnologias-de-informacao-e-comunicacao-tics-na-educacao\/\">https:\/\/www.ufsm.br\/orgaos-executivos\/caed\/2020\/08\/12\/questionario-do-centro-de-processamento-de-dados-cpd-sobre-o-uso-de-tecnologias-de-informacao-e-comunicacao-tics-na-educacao\/<\/a><\/p>\n<p>12-08-20 <a href=\"https:\/\/www.ufsm.br\/orgaos-executivos\/caed\/2020\/08\/12\/ufsm-sem-assedio\/\">https:\/\/www.ufsm.br\/orgaos-executivos\/caed\/2020\/08\/12\/ufsm-sem-assedio\/<\/a><\/p>\n<p>12-08-20 <a href=\"https:\/\/www.ufsm.br\/orgaos-executivos\/caed\/2020\/08\/12\/jornada-academica-integrada-jai-envio-de-videos-sobre-a-experiencia-no-evento\/\">https:\/\/www.ufsm.br\/orgaos-executivos\/caed\/2020\/08\/12\/jornada-academica-integrada-jai-envio-de-videos-sobre-a-experiencia-no-evento\/<\/a><\/p>\n<p>12-08-20 <a href=\"https:\/\/www.ufsm.br\/orgaos-executivos\/caed\/2020\/08\/12\/questionario-de-trabalho-de-conclusao-de-curso-tcc-a-representacao-da-pessoa-com-deficiencia-nas-producoes-audiovisuais-ao-redor-do-mundo\/\">https:\/\/www.ufsm.br\/orgaos-executivos\/caed\/2020\/08\/12\/questionario-de-trabalho-de-conclusao-de-curso-tcc-a-representacao-da-pessoa-com-deficiencia-nas-producoes-audiovisuais-ao-redor-do-mundo\/<\/a><\/p>\n<p>10-08-2020 <a href=\"https:\/\/www.ufsm.br\/orgaos-executivos\/caed\/2020\/08\/10\/live-covidpsiq-apresentacao-dos-resultados-da-segunda-fase-do-projeto-covidpsiq\/\">https:\/\/www.ufsm.br\/orgaos-executivos\/caed\/2020\/08\/10\/live-covidpsiq-apresentacao-dos-resultados-da-segunda-fase-do-projeto-covidpsiq\/<\/a><\/p>\n<p>07-08-20 <a href=\"https:\/\/www.ufsm.br\/orgaos-executivos\/caed\/2020\/08\/07\/homenagem-aos-dias-dos-pais-familia-e-amor\/\">https:\/\/www.ufsm.br\/orgaos-executivos\/caed\/2020\/08\/07\/homenagem-aos-dias-dos-pais-familia-e-amor\/<\/a><\/p>\n<p>07-08-20 <a href=\"https:\/\/www.ufsm.br\/orgaos-executivos\/caed\/2020\/08\/07\/mes-do-estudante-recordacoes-da-casa-do-estudante-universitario-da-ufsm\/\">https:\/\/www.ufsm.br\/orgaos-executivos\/caed\/2020\/08\/07\/mes-do-estudante-recordacoes-da-casa-do-estudante-universitario-da-ufsm\/<\/a><\/p>\n<p>04-08-20 <a href=\"https:\/\/www.ufsm.br\/orgaos-executivos\/caed\/2020\/08\/04\/abertura-de-edital-extraordinario-de-pos-graduacao-da-ufsm-2020-ii\/\">https:\/\/www.ufsm.br\/orgaos-executivos\/caed\/2020\/08\/04\/abertura-de-edital-extraordinario-de-pos-graduacao-da-ufsm-2020-ii\/<\/a><\/p>\n<p>04-08-20 <a href=\"https:\/\/www.ufsm.br\/orgaos-executivos\/caed\/2020\/08\/04\/jornada-academica-integrada-jai-2020-2\/\">https:\/\/www.ufsm.br\/orgaos-executivos\/caed\/2020\/08\/04\/jornada-academica-integrada-jai-2020-2\/<\/a><\/p>\n<p>04-08-20 <a href=\"https:\/\/www.ufsm.br\/orgaos-executivos\/caed\/2020\/08\/04\/ufsm-60-anos-conte-sua-historia-nos-60-anos-da-ufsm\/\">https:\/\/www.ufsm.br\/orgaos-executivos\/caed\/2020\/08\/04\/ufsm-60-anos-conte-sua-historia-nos-60-anos-da-ufsm\/<\/a><\/p>\n<p>04-08-20 <a href=\"https:\/\/www.ufsm.br\/orgaos-executivos\/caed\/2020\/08\/04\/convite-para-live-diagnostico-de-tept-pos-pandemia-por-covid-19-quando-o-estresse-passa-a-ser-uma-doenca\/\">https:\/\/www.ufsm.br\/orgaos-executivos\/caed\/2020\/08\/04\/convite-para-live-diagnostico-de-tept-pos-pandemia-por-covid-19-quando-o-estresse-passa-a-ser-uma-doenca\/<\/a><\/p>\n<p>31-07-20 <a href=\"https:\/\/www.ufsm.br\/orgaos-executivos\/caed\/2020\/07\/31\/edital-para-selecao-de-bolsista-do-observatorio-de-direitos-humanos-da-ufsm-interpretes-indigenas-pluralidade-linguistica-e-acesso-a-justica\/\">https:\/\/www.ufsm.br\/orgaos-executivos\/caed\/2020\/07\/31\/edital-para-selecao-de-bolsista-do-observatorio-de-direitos-humanos-da-ufsm-interpretes-indigenas-pluralidade-linguistica-e-acesso-a-justica\/<\/a><\/p>\n<p>28-07-20 <a href=\"https:\/\/www.ufsm.br\/orgaos-executivos\/caed\/2020\/07\/28\/edital-da-jornada-academica-integrada-jai-2020\/\">https:\/\/www.ufsm.br\/orgaos-executivos\/caed\/2020\/07\/28\/edital-da-jornada-academica-integrada-jai-2020\/<\/a><\/p>\n<p>27-07-20 <a href=\"https:\/\/www.ufsm.br\/orgaos-executivos\/caed\/2020\/07\/27\/webinar-proposta-de-aprimoramento-do-modelo-de-avaliacao-da-pos-graduacao\/\">https:\/\/www.ufsm.br\/orgaos-executivos\/caed\/2020\/07\/27\/webinar-proposta-de-aprimoramento-do-modelo-de-avaliacao-da-pos-graduacao\/<\/a><\/p>\n<p>27-07-20 <a href=\"https:\/\/www.ufsm.br\/orgaos-executivos\/caed\/2020\/07\/27\/jornada-academica-integrada-jai-2020\/\">https:\/\/www.ufsm.br\/orgaos-executivos\/caed\/2020\/07\/27\/jornada-academica-integrada-jai-2020\/<\/a><\/p>\n<p>27-07-20 <a href=\"https:\/\/www.ufsm.br\/orgaos-executivos\/caed\/2020\/07\/27\/memorando-circular-orienta-sobre-o-uso-de-ferramentas-de-webconferencia\/\">https:\/\/www.ufsm.br\/orgaos-executivos\/caed\/2020\/07\/27\/memorando-circular-orienta-sobre-o-uso-de-ferramentas-de-webconferencia\/<\/a><\/p>\n<p>27-07-20 <a href=\"https:\/\/www.ufsm.br\/orgaos-executivos\/caed\/2020\/07\/27\/ufsm-60-anos-espaco-para-depoimentos-da-comunidade-universitaria\/\">https:\/\/www.ufsm.br\/orgaos-executivos\/caed\/2020\/07\/27\/ufsm-60-anos-espaco-para-depoimentos-da-comunidade-universitaria\/<\/a><\/p>\n<p>27-07-20 <a href=\"https:\/\/www.ufsm.br\/orgaos-executivos\/caed\/2020\/07\/27\/tv-campus-25-anos\/\">https:\/\/www.ufsm.br\/orgaos-executivos\/caed\/2020\/07\/27\/tv-campus-25-anos\/<\/a><\/p>\n<p>24-07-20 <a href=\"https:\/\/www.ufsm.br\/orgaos-executivos\/caed\/2020\/07\/24\/centro-de-convencoes-cc-palco-online-divulgacao-das-transmissoes\/\">https:\/\/www.ufsm.br\/orgaos-executivos\/caed\/2020\/07\/24\/centro-de-convencoes-cc-palco-online-divulgacao-das-transmissoes\/<\/a><\/p>\n<p>24-07-20 <a href=\"https:\/\/www.ufsm.br\/orgaos-executivos\/caed\/2020\/07\/24\/estudantes-da-ufsm-avaliam-o-regime-de-exercicios-domiciliares-especiais-rede\/\">https:\/\/www.ufsm.br\/orgaos-executivos\/caed\/2020\/07\/24\/estudantes-da-ufsm-avaliam-o-regime-de-exercicios-domiciliares-especiais-rede\/<\/a><\/p>\n<p>17-07-20 <a href=\"https:\/\/www.ufsm.br\/orgaos-executivos\/caed\/2020\/07\/17\/galeria-de-arte-virtual-do-centro-de-convencoes-da-ufsm\/\">https:\/\/www.ufsm.br\/orgaos-executivos\/caed\/2020\/07\/17\/galeria-de-arte-virtual-do-centro-de-convencoes-da-ufsm\/<\/a><\/p>\n<p>17-07-20 <a href=\"https:\/\/www.ufsm.br\/orgaos-executivos\/caed\/2020\/07\/17\/webinar-ufsm-60-anos-historia-criacao-e-interiorizacao-do-ensino\/\">https:\/\/www.ufsm.br\/orgaos-executivos\/caed\/2020\/07\/17\/webinar-ufsm-60-anos-historia-criacao-e-interiorizacao-do-ensino\/<\/a><\/p>\n<p>17-07-20 <a href=\"https:\/\/www.ufsm.br\/orgaos-executivos\/caed\/2020\/07\/17\/11o-encontro-de-talentos-dos-servidores-da-ufsm\/\">https:\/\/www.ufsm.br\/orgaos-executivos\/caed\/2020\/07\/17\/11o-encontro-de-talentos-dos-servidores-da-ufsm\/<\/a><\/p>\n<p>17-07-20 <a href=\"https:\/\/www.ufsm.br\/orgaos-executivos\/caed\/2020\/07\/17\/lancamento-do-minidoc-da-tv-campus-sobre-discurso-de-odio\/\">https:\/\/www.ufsm.br\/orgaos-executivos\/caed\/2020\/07\/17\/lancamento-do-minidoc-da-tv-campus-sobre-discurso-de-odio\/<\/a><\/p>\n<p>17-07-20 <a href=\"https:\/\/www.ufsm.br\/orgaos-executivos\/caed\/2020\/07\/17\/atividades-presenciais-seguem-suspensas-na-ufsm-ate-13-de-agosto\/\">https:\/\/www.ufsm.br\/orgaos-executivos\/caed\/2020\/07\/17\/atividades-presenciais-seguem-suspensas-na-ufsm-ate-13-de-agosto\/<\/a><\/p>\n<p>09-07-20 <a href=\"https:\/\/www.ufsm.br\/orgaos-executivos\/caed\/2020\/07\/08\/ufsm-publica-termo-de-adesao-ao-sisu-para-o-segundo-semestre-de-2020\/\">https:\/\/www.ufsm.br\/orgaos-executivos\/caed\/2020\/07\/08\/ufsm-publica-termo-de-adesao-ao-sisu-para-o-segundo-semestre-de-2020\/<\/a><\/p>\n<p>24-06-20 <a href=\"https:\/\/www.ufsm.br\/orgaos-executivos\/caed\/2020\/06\/24\/palco-online-chamada-publica-destinada-a-artistas-de-santa-maria-rs\/\">https:\/\/www.ufsm.br\/orgaos-executivos\/caed\/2020\/06\/24\/palco-online-chamada-publica-destinada-a-artistas-de-santa-maria-rs\/<\/a><\/p>\n<p>22-06-20 <a href=\"https:\/\/www.ufsm.br\/orgaos-executivos\/caed\/2020\/06\/22\/ufsm-promove-webinar-sobre-estrategias-de-avaliacao-online\/\">https:\/\/www.ufsm.br\/orgaos-executivos\/caed\/2020\/06\/22\/ufsm-promove-webinar-sobre-estrategias-de-avaliacao-online\/<\/a>\u00a0<\/p>\n<p>22-06-20\u00a0<a href=\"https:\/\/www.ufsm.br\/orgaos-executivos\/caed\/2020\/06\/22\/percepcao-do-discente-sobre-o-rede-regime-de-exercicios-domiciliares-especiais-convite-aos-estudantes\/\" data-saferedirecturl=\"https:\/\/www.google.com\/url?q=https:\/\/www.ufsm.br\/orgaos-executivos\/caed\/2020\/06\/22\/percepcao-do-discente-sobre-o-rede-regime-de-exercicios-domiciliares-especiais-convite-aos-estudantes\/&amp;source=gmail&amp;ust=1592947431875000&amp;usg=AFQjCNH_VEsvue2bDF9x-x0FJojL9yJsOw\">https:\/\/www.ufsm.br\/orgaos-executivos\/caed\/2020\/06\/22\/percepcao-do-discente-sobre-o-rede-regime-de-exercicios-domiciliares-especiais-convite-aos-estudantes\/<\/a>\u00a0<\/p>\n<p>16-06-20 <a href=\"https:\/\/www.ufsm.br\/orgaos-executivos\/caed\/2020\/06\/16\/percepcao-do-discente-sobre-o-redes-avaliacao-do-regime-de-exercicios-domiciliares\/\">https:\/\/www.ufsm.br\/orgaos-executivos\/caed\/2020\/06\/16\/percepcao-do-discente-sobre-o-redes-avaliacao-do-regime-de-exercicios-domiciliares\/<\/a><\/p>\n<p>15-06-20<a href=\"https:\/\/www.ufsm.br\/orgaos-executivos\/caed\/2020\/06\/15\/revista-arco-meio-de-divulgacao-do-jornalismo-cientifico-e-cultural-da-ufsm\/\"> https:\/\/www.ufsm.br\/orgaos-executivos\/caed\/2020\/06\/15\/revista-arco-meio-de-divulgacao-do-jornalismo-cientifico-e-cultural-da-ufsm\/<\/a><\/p>\n<p>15-06-20 <a href=\"https:\/\/www.ufsm.br\/orgaos-executivos\/caed\/2020\/06\/15\/ufsm-realiza-live-no-dia-16-de-junho-de-2020\/\">https:\/\/www.ufsm.br\/orgaos-executivos\/caed\/2020\/06\/15\/ufsm-realiza-live-no-dia-16-de-junho-de-2020\/<\/a><\/p>\n<p>12-06-20 <a href=\"https:\/\/www.ufsm.br\/orgaos-executivos\/caed\/2020\/06\/12\/edital-de-selecao-para-bolsistas-de-graduacao-programa-probic-fapergs\/\">https:\/\/www.ufsm.br\/orgaos-executivos\/caed\/2020\/06\/12\/edital-de-selecao-para-bolsistas-de-graduacao-programa-probic-fapergs\/<\/a><\/p>\n<p>12-06-20 <a href=\"https:\/\/www.ufsm.br\/orgaos-executivos\/caed\/2020\/06\/12\/crise-do-covid-19-dicas-para-cuidar-de-voce-mesmo\/\">https:\/\/www.ufsm.br\/orgaos-executivos\/caed\/2020\/06\/12\/crise-do-covid-19-dicas-para-cuidar-de-voce-mesmo\/<\/a><\/p>\n<p>12-06-20 <a href=\"https:\/\/www.ufsm.br\/orgaos-executivos\/caed\/2020\/06\/12\/saude-bucal-em-tempos-de-pandemia-da-covid-19\/\">https:\/\/www.ufsm.br\/orgaos-executivos\/caed\/2020\/06\/12\/saude-bucal-em-tempos-de-pandemia-da-covid-19\/<\/a><\/p>\n<p>12-06-20 <a href=\"https:\/\/www.ufsm.br\/orgaos-executivos\/caed\/wp-admin\/post.php?post=3061&amp;action=edit\">https:\/\/www.ufsm.br\/orgaos-executivos\/caed\/wp-admin\/post.php?post=3061&amp;action=edit<\/a><\/p>\n<p>05-06-20 <a href=\"https:\/\/www.ufsm.br\/orgaos-executivos\/caed\/2020\/06\/05\/cicloficinas-na-caed\/\">https:\/\/www.ufsm.br\/orgaos-executivos\/caed\/2020\/06\/05\/cicloficinas-na-caed\/<\/a><\/p>\n<p>02-06-20 https:\/\/www.ufsm.br\/orgaos-executivos\/caed\/2020\/06\/02\/parceiros-da-ufsm-no-c<a href=\"https:\/\/www.ufsm.br\/orgaos-executivos\/caed\/2020\/06\/02\/parceiros-da-ufsm-no-combate-a-covid-19\/\">ombate-a-covid-19\/<\/a><\/p>\n<p>26-05-20 <a href=\"https:\/\/www.ufsm.br\/orgaos-executivos\/caed\/2020\/05\/26\/ufsm-inicia-o-projeto-em-tempos-de-distanciamento-social-qualidade-de-vida-e-essencial\/\">https:\/\/www.ufsm.br\/orgaos-executivos\/caed\/2020\/05\/26\/ufsm-inicia-o-projeto-em-tempos-de-distanciamento-social-qualidade-de-vida-e-essencial\/<\/a><\/p>\n<p>26-05-20 <a href=\"https:\/\/www.ufsm.br\/orgaos-executivos\/caed\/2020\/05\/26\/ufsm-60-anos\/\">https:\/\/www.ufsm.br\/orgaos-executivos\/caed\/2020\/05\/26\/ufsm-60-anos\/<\/a><\/p>\n<p>26-05-20 <a href=\"https:\/\/www.ufsm.br\/orgaos-executivos\/caed\/2020\/05\/26\/beneficios-da-meditacao-durante-o-isolamento-social\/\">https:\/\/www.ufsm.br\/orgaos-executivos\/caed\/2020\/05\/26\/beneficios-da-meditacao-durante-o-isolamento-social\/<\/a><\/p>\n<p>01-05-20: <a href=\"https:\/\/www.ufsm.br\/orgaos-executivos\/caed\/2020\/05\/01\/psiquiatria-em-tempos-de-coronavirus\/\">https:\/\/www.ufsm.br\/orgaos-executivos\/caed\/2020\/05\/01\/psiquiatria-em-tempos-de-coronavirus\/<\/a><\/p>\n<p>16-04-20: <a href=\"https:\/\/www.ufsm.br\/orgaos-executivos\/caed\/2020\/04\/16\/acessibilidade-linguistica-em-tempos-de-covid-19\/\">https:\/\/www.ufsm.br\/orgaos-executivos\/caed\/2020\/04\/16\/acessibilidade-linguistica-em-tempos-de-covid-19\/<\/a><\/p>\n<p>30-03-20: <a href=\"https:\/\/www.ufsm.br\/orgaos-executivos\/caed\/2020\/03\/30\/pro-reitoria-de-graduacao-prograd-publica-orientacoes-para-as-atividades-do-regime-de-exercicios-domiciliares-especiais-rede\/\">https:\/\/www.ufsm.br\/orgaos-executivos\/caed\/2020\/03\/30\/pro-reitoria-de-graduacao-prograd-publica-orientacoes-para-as-atividades-do-regime-de-exercicios-domiciliares-especiais-rede\/<\/a><\/p>\n<p>28-03-20: <a href=\"https:\/\/www.ufsm.br\/orgaos-executivos\/caed\/2020\/03\/28\/tradutores-e-interpretes-de-lingua-de-sinais-gravam-videos-em-libras-com-informacoes-sobre-o-coronavirus\/\">https:\/\/www.ufsm.br\/orgaos-executivos\/caed\/2020\/03\/28\/tradutores-e-interpretes-de-lingua-de-sinais-gravam-videos-em-libras-com-informacoes-sobre-o-coronavirus\/<\/a><\/p>\n<p>27-03-20: <a href=\"https:\/\/www.ufsm.br\/orgaos-executivos\/caed\/2020\/03\/27\/2810\/\">https:\/\/www.ufsm.br\/orgaos-executivos\/caed\/2020\/03\/27\/2810\/<\/a><\/p>\n<p>25-03-20: <a href=\"https:\/\/www.ufsm.br\/orgaos-executivos\/caed\/2020\/03\/25\/interpretacao-em-lingua-de-sinais-das-principais-informacoes-do-video-ufsm-responde-ufsm-e-husm-frente-ao-coronavirus\/\">https:\/\/www.ufsm.br\/orgaos-executivos\/caed\/2020\/03\/25\/interpretacao-em-lingua-de-sinais-das-principais-informacoes-do-video-ufsm-responde-ufsm-e-husm-frente-ao-coronavirus\/<\/a><\/p>\n<p>25-03-20: <a href=\"https:\/\/www.ufsm.br\/orgaos-executivos\/caed\/2020\/03\/25\/infeccao-humana-pelo-coronavirus-covid-19-orientacoes-da-coordenadoria-de-acoes-educacionais-caed-ufsm\/\">https:\/\/www.ufsm.br\/orgaos-executivos\/caed\/2020\/03\/25\/infeccao-humana-pelo-coronavirus-covid-19-orientacoes-da-coordenadoria-de-acoes-educacionais-caed-ufsm\/<\/a><\/p>\n<p>16-03-20: <a href=\"https:\/\/www.ufsm.br\/orgaos-executivos\/caed\/2020\/03\/16\/coronavirus-esclarecimentos-e-prevencao\/\">https:\/\/www.ufsm.br\/orgaos-executivos\/caed\/2020\/03\/16\/coronavirus-esclarecimentos-e-prevencao\/<\/a><\/p>\n","protected":false},"excerpt":{"rendered":"<p>A Universidade Federal de Santa Maria (UFSM)\/Coordenadoria de A\u00e7\u00f5es Educacionais (CAEd) condensa as publica\u00e7\u00f5es realizadas que est\u00e3o sendo realizadas durante o per\u00edodo de suspens\u00e3o das atividades presenciais na UFSM, fato esse decorrente da pandemia do COVID-19, para facilitar o acesso a todas as informa\u00e7\u00f5es j\u00e1 prestadas via este meio de comunica\u00e7\u00e3o.\u00a0 27-10-2021 https:\/\/www.ufsm.br\/orgaos-executivos\/caed\/2021\/10\/27\/4826\/ 27-10-2021 https:\/\/www.ufsm.br\/orgaos-executivos\/caed\/2021\/10\/27\/selecao-para-bolsista-subdivisao-de-acessibilidade\/ [&hellip;]<\/p>\n","protected":false},"author":252,"featured_media":0,"comment_status":"closed","ping_status":"closed","sticky":true,"template":"","format":"standard","meta":{"footnotes":""},"categories":[1],"tags":[],"class_list":["post-4425","post","type-post","status-publish","format-standard","hentry","category-sem-categoria"],"acf":[],"_links":{"self":[{"href":"https:\/\/www.ufsm.br\/pro-reitorias\/prograd\/caed\/wp-json\/wp\/v2\/posts\/4425","targetHints":{"allow":["GET"]}}],"collection":[{"href":"https:\/\/www.ufsm.br\/pro-reitorias\/prograd\/caed\/wp-json\/wp\/v2\/posts"}],"about":[{"href":"https:\/\/www.ufsm.br\/pro-reitorias\/prograd\/caed\/wp-json\/wp\/v2\/types\/post"}],"author":[{"embeddable":true,"href":"https:\/\/www.ufsm.br\/pro-reitorias\/prograd\/caed\/wp-json\/wp\/v2\/users\/252"}],"replies":[{"embeddable":true,"href":"https:\/\/www.ufsm.br\/pro-reitorias\/prograd\/caed\/wp-json\/wp\/v2\/comments?post=4425"}],"version-history":[{"count":0,"href":"https:\/\/www.ufsm.br\/pro-reitorias\/prograd\/caed\/wp-json\/wp\/v2\/posts\/4425\/revisions"}],"wp:attachment":[{"href":"https:\/\/www.ufsm.br\/pro-reitorias\/prograd\/caed\/wp-json\/wp\/v2\/media?parent=4425"}],"wp:term":[{"taxonomy":"category","embeddable":true,"href":"https:\/\/www.ufsm.br\/pro-reitorias\/prograd\/caed\/wp-json\/wp\/v2\/categories?post=4425"},{"taxonomy":"post_tag","embeddable":true,"href":"https:\/\/www.ufsm.br\/pro-reitorias\/prograd\/caed\/wp-json\/wp\/v2\/tags?post=4425"}],"curies":[{"name":"wp","href":"https:\/\/api.w.org\/{rel}","templated":true}]}}