{"id":4429,"date":"2021-07-01T15:37:22","date_gmt":"2021-07-01T18:37:22","guid":{"rendered":"https:\/\/www.ufsm.br\/orgaos-executivos\/caed\/?p=4429"},"modified":"2021-07-01T15:52:48","modified_gmt":"2021-07-01T18:52:48","slug":"palestra-nocoes-basicas-sobre-os-surdos-e-a-libras","status":"publish","type":"post","link":"https:\/\/www.ufsm.br\/pro-reitorias\/prograd\/caed\/2021\/07\/01\/palestra-nocoes-basicas-sobre-os-surdos-e-a-libras","title":{"rendered":"PALESTRA \u201cNO\u00c7\u00d5ES B\u00c1SICAS SOBRE OS SURDOS E A LIBRAS\u201d"},"content":{"rendered":"\n<p>A Universidade Federal de Santa Maria(UFSM)\/Coordenadoria de A\u00e7\u00f5es Educacionais (CAEd)\/Subdivis\u00e3o de Acessibilidade estar\u00e1 promovendo a palestra \u201cNo\u00e7\u00f5es B\u00e1sicas sobre os Surdos e a Libras\u201d.<\/p>\n<p><strong>O evento acontecer\u00e1 no dia 09 de julho de 2021, \u00e0s 10h00min, via Google Meeet, \u00a0sendo ministrado pelas Tradutoras e Int\u00e9rpretes de LIBRAS (TILS) Ravele Bueno Goularte e Di\u00e9ssica Zacarias Vargas Lopes.<\/strong><\/p>\n<p>Podem participar do evento tanto a comunidade interna da UFSM, servidores e estudantes, quanto a comunidade externa.\u00a0<\/p>\n<p>Inscri\u00e7\u00f5es s\u00e3o gratuitas e podem ser realizadas at\u00e9 08 de julho de 2021, pelo formul\u00e1rio dispon\u00edvel <a href=\"https:\/\/forms.gle\/ys1qPGPXTu1LpKbC8\">AQUI<\/a><\/p>\n<p>O link do evento ser\u00e1 enviado para o e-mail dos inscritos.\u00a0<\/p>\n<p><strong>Descri\u00e7\u00e3o de imagem:<\/strong> cartaz virtual para divulga\u00e7\u00e3o de evento. Centralizado, em destaque, l\u00ea-se o t\u00edtulo \u201cNo\u00e7\u00f5es B\u00e1sicas sobre os surdos e a Libras\u201d, em cor terracota. Na sequ\u00eancia, e abaixo uma da outra, na cor preta, h\u00e1 as informa\u00e7\u00f5es: \u201cTradutoras Int\u00e9rpretes de Libras \u2013 Di\u00e9ssica Vargas e Ravele Goularte\u201d. Logo abaixo, centralizada, em letras grandes, h\u00e1 a informa\u00e7\u00e3o: \u201c09\/07 \/ 10h\u201d, em cor terracota. Abaixo, l\u00ea-se \u201cInscri\u00e7\u00f5es via formul\u00e1rio\u201d, na cor bege, inserido em um bal\u00e3o de di\u00e1logo, na cor cinza escuro. Na parte superior, centralizado, h\u00e1 o bras\u00e3o da UFSM. Ao lado do bras\u00e3o, l\u00e8-se \u201cUFSM\u201d e, abaixo, &#8220;Coordenadoria de A\u00e7\u00f5es Educacionais&#8221;. A imagem \u00e9 retangular, disposta verticalmente, com fundo bege. Na parte inferior, h\u00e1 tr\u00eas m\u00e3os femininas, em preto e branco, representando os sinais das letras A, B e C em Libras. Logo abaixo, h\u00e1 uma faixa retangular estreita, na cor terracota. Partindo dessa faixa retangular, h\u00e1 uma margem na cor terracota, envolvendo todo o conte\u00fado do cartaz.\u00a0<\/p>\n<p><img fetchpriority=\"high\" decoding=\"async\" class=\"alignnone size-medium wp-image-4430 aligncenter\" src=\"https:\/\/www.ufsm.br\/app\/uploads\/sites\/391\/2021\/07\/NOCOES-BASICA-SOBRE-OS-SURDOS-E-A-LIBRAS-212x300.jpg\" alt=\"\" width=\"212\" height=\"300\" srcset=\"https:\/\/www.ufsm.br\/app\/uploads\/sites\/391\/2021\/07\/NOCOES-BASICA-SOBRE-OS-SURDOS-E-A-LIBRAS-212x300.jpg 212w, https:\/\/www.ufsm.br\/app\/uploads\/sites\/391\/2021\/07\/NOCOES-BASICA-SOBRE-OS-SURDOS-E-A-LIBRAS-724x1024.jpg 724w, https:\/\/www.ufsm.br\/app\/uploads\/sites\/391\/2021\/07\/NOCOES-BASICA-SOBRE-OS-SURDOS-E-A-LIBRAS-768x1086.jpg 768w, https:\/\/www.ufsm.br\/app\/uploads\/sites\/391\/2021\/07\/NOCOES-BASICA-SOBRE-OS-SURDOS-E-A-LIBRAS-1086x1536.jpg 1086w, https:\/\/www.ufsm.br\/app\/uploads\/sites\/391\/2021\/07\/NOCOES-BASICA-SOBRE-OS-SURDOS-E-A-LIBRAS-1448x2048.jpg 1448w, https:\/\/www.ufsm.br\/app\/uploads\/sites\/391\/2021\/07\/NOCOES-BASICA-SOBRE-OS-SURDOS-E-A-LIBRAS.jpg 1587w\" sizes=\"(max-width: 212px) 100vw, 212px\" \/><\/p>\n<p>\u00a0<\/p>\n","protected":false},"excerpt":{"rendered":"<p>A Universidade Federal de Santa Maria(UFSM)\/Coordenadoria de A\u00e7\u00f5es Educacionais (CAEd)\/Subdivis\u00e3o de Acessibilidade estar\u00e1 promovendo a palestra \u201cNo\u00e7\u00f5es B\u00e1sicas sobre os Surdos e a Libras\u201d. O evento acontecer\u00e1 no dia 09 de julho de 2021, \u00e0s 10h00min, via Google Meeet, \u00a0sendo ministrado pelas Tradutoras e Int\u00e9rpretes de LIBRAS (TILS) Ravele Bueno Goularte e Di\u00e9ssica Zacarias Vargas [&hellip;]<\/p>\n","protected":false},"author":252,"featured_media":0,"comment_status":"closed","ping_status":"closed","sticky":false,"template":"","format":"standard","meta":{"footnotes":""},"categories":[1],"tags":[],"class_list":["post-4429","post","type-post","status-publish","format-standard","hentry","category-sem-categoria"],"acf":[],"_links":{"self":[{"href":"https:\/\/www.ufsm.br\/pro-reitorias\/prograd\/caed\/wp-json\/wp\/v2\/posts\/4429","targetHints":{"allow":["GET"]}}],"collection":[{"href":"https:\/\/www.ufsm.br\/pro-reitorias\/prograd\/caed\/wp-json\/wp\/v2\/posts"}],"about":[{"href":"https:\/\/www.ufsm.br\/pro-reitorias\/prograd\/caed\/wp-json\/wp\/v2\/types\/post"}],"author":[{"embeddable":true,"href":"https:\/\/www.ufsm.br\/pro-reitorias\/prograd\/caed\/wp-json\/wp\/v2\/users\/252"}],"replies":[{"embeddable":true,"href":"https:\/\/www.ufsm.br\/pro-reitorias\/prograd\/caed\/wp-json\/wp\/v2\/comments?post=4429"}],"version-history":[{"count":0,"href":"https:\/\/www.ufsm.br\/pro-reitorias\/prograd\/caed\/wp-json\/wp\/v2\/posts\/4429\/revisions"}],"wp:attachment":[{"href":"https:\/\/www.ufsm.br\/pro-reitorias\/prograd\/caed\/wp-json\/wp\/v2\/media?parent=4429"}],"wp:term":[{"taxonomy":"category","embeddable":true,"href":"https:\/\/www.ufsm.br\/pro-reitorias\/prograd\/caed\/wp-json\/wp\/v2\/categories?post=4429"},{"taxonomy":"post_tag","embeddable":true,"href":"https:\/\/www.ufsm.br\/pro-reitorias\/prograd\/caed\/wp-json\/wp\/v2\/tags?post=4429"}],"curies":[{"name":"wp","href":"https:\/\/api.w.org\/{rel}","templated":true}]}}