{"id":4779,"date":"2021-09-21T21:30:51","date_gmt":"2021-09-22T00:30:51","guid":{"rendered":"https:\/\/www.ufsm.br\/orgaos-executivos\/caed\/?p=4779"},"modified":"2021-09-21T21:41:15","modified_gmt":"2021-09-22T00:41:15","slug":"setembro-amarelo-com-o-esporte-universitario","status":"publish","type":"post","link":"https:\/\/www.ufsm.br\/pro-reitorias\/prograd\/caed\/2021\/09\/21\/setembro-amarelo-com-o-esporte-universitario","title":{"rendered":"SETEMBRO AMARELO COM O ESPORTE UNIVERSIT\u00c1RIO\u00a0"},"content":{"rendered":"\n<p>A Universidade Federal de Santa Maria(UFSM)\/Pr\u00f3-Reitoria de Gradua\u00e7\u00e3o(PROGRAD)\/Coordenadoria de A\u00e7\u00f5es Educacionais(CAEd) junta-se \u00e0 divulga\u00e7\u00e3o das a\u00e7\u00f5es do Setembro Amarelo com o Esporte Universit\u00e1rio.\u00a0<\/p>\n<p>DESCRI\u00c7\u00c3O DE IMAGEM: imagens contidas no texto, na ordem que aparecem nos par\u00e1grafos: dois girass\u00f3is, bola de futebol, notebook, serpentina de carnaval, figura feminina em posi\u00e7\u00e3o de ioga, figura feminina em posi\u00e7\u00e3o de alongamento, figura masculina fazendo muscula\u00e7\u00e3o, figura masculina dan\u00e7ando, t\u00eanis azul, pe\u00e7a de xadrez, s\u00edmbolo da radia\u00e7\u00e3o.\u00a0<\/p>\n<p>\u00a0<\/p>\n<p><img decoding=\"async\" class=\"an1 CToWUd\" src=\"https:\/\/fonts.gstatic.com\/s\/e\/notoemoji\/13.1.1\/1f33b\/72.png\" alt=\"\ud83c\udf3b\" data-emoji=\"\ud83c\udf3b\" aria-label=\"\ud83c\udf3b\" \/>SETEMBRO AMARELO COM O ESPORTE UNIVERSIT\u00c1RIO<img decoding=\"async\" class=\"an1 CToWUd\" src=\"https:\/\/fonts.gstatic.com\/s\/e\/notoemoji\/13.1.1\/1f33b\/72.png\" alt=\"\ud83c\udf3b\" data-emoji=\"\ud83c\udf3b\" aria-label=\"\ud83c\udf3b\" \/><br \/><br \/><img decoding=\"async\" class=\"an1 CToWUd\" src=\"https:\/\/fonts.gstatic.com\/s\/e\/notoemoji\/13.1.1\/26bd\/72.png\" alt=\"\u26bd\" data-emoji=\"\u26bd\" aria-label=\"\u26bd\" \/>\ufe0f O projeto institucional Esporte Universit\u00e1rio, organizado pelo Centro de Educa\u00e7\u00e3o F\u00edsica e Desportos (CEFD) com o apoio da Pr\u00f3-Reitoria de Assuntos Estudantis (PRAE) vai promover uma semana de atividades em alus\u00e3o ao setembro amarelo, que \u00e9 o m\u00eas escolhido para promover a preven\u00e7\u00e3o \u00e0 depress\u00e3o e ao suic\u00eddio.<br \/><br \/><img decoding=\"async\" class=\"an1 CToWUd\" src=\"https:\/\/fonts.gstatic.com\/s\/e\/notoemoji\/13.1.1\/1f4bb\/72.png\" alt=\"\ud83d\udcbb\" data-emoji=\"\ud83d\udcbb\" aria-label=\"\ud83d\udcbb\" \/>O evento que acontecer\u00e1 pelo Instagram do Projeto @esporteuniversitarioufsm tamb\u00e9m marca o in\u00edcio das atividades do projeto para segundo semestre de 2021, que acontecer\u00e1 no dia 27 de setembro. Para participar do evento basta acessar o Instagram no dia e hor\u00e1rio marcado da modalidade desejada.<br \/><br \/><img decoding=\"async\" class=\"an1 CToWUd\" src=\"https:\/\/fonts.gstatic.com\/s\/e\/notoemoji\/13.1.1\/1f38a\/72.png\" alt=\"\ud83c\udf8a\" data-emoji=\"\ud83c\udf8a\" aria-label=\"\ud83c\udf8a\" \/>\u00a0Programa\u00e7\u00e3o das Lives pelo Instagram<br \/><br \/><img decoding=\"async\" class=\"an1 CToWUd\" src=\"https:\/\/fonts.gstatic.com\/s\/e\/notoemoji\/13.1.1\/1f9d8_1f3fb_200d_2640_fe0f\/72.png\" alt=\"\ud83e\uddd8\ud83c\udffb\u200d\u2640\ufe0f\" data-emoji=\"\ud83e\uddd8\ud83c\udffb\u200d\u2640\ufe0f\" aria-label=\"\ud83e\uddd8\ud83c\udffb\u200d\u2640\ufe0f\" \/>\u00a0Yoga &#8211; 26\/09 Domingo \u00e0s 18 horas<br \/><br \/><img decoding=\"async\" class=\"an1 CToWUd\" src=\"https:\/\/fonts.gstatic.com\/s\/e\/notoemoji\/13.1.1\/1f646_1f3fe\/72.png\" alt=\"\ud83d\ude46\ud83c\udffe\" data-emoji=\"\ud83d\ude46\ud83c\udffe\" aria-label=\"\ud83d\ude46\ud83c\udffe\" \/>\u00a0Alongamento &#8211; 27\/09 Segunda-feira \u00e0s 19 horas<br \/><br \/><img decoding=\"async\" class=\"an1 CToWUd\" src=\"https:\/\/fonts.gstatic.com\/s\/e\/notoemoji\/13.1.1\/1f3cb_fe0f\/72.png\" alt=\"\ud83c\udfcb\ufe0f\" data-emoji=\"\ud83c\udfcb\ufe0f\" aria-label=\"\ud83c\udfcb\ufe0f\" \/>\u00a0Treinamento Funcional &#8211; 28\/09 Ter\u00e7a-feira \u00e0s 18 horas<br \/><br \/><img decoding=\"async\" class=\"an1 CToWUd\" src=\"https:\/\/fonts.gstatic.com\/s\/e\/notoemoji\/13.1.1\/1f57a_1f3fc\/72.png\" alt=\"\ud83d\udd7a\ud83c\udffc\" data-emoji=\"\ud83d\udd7a\ud83c\udffc\" aria-label=\"\ud83d\udd7a\ud83c\udffc\" \/>\u00a0Ritmos\/Dan\u00e7a &#8211; 29\/09 Quarta-feira \u00e0s 19 horas<br \/><br \/><img decoding=\"async\" class=\"an1 CToWUd\" src=\"https:\/\/fonts.gstatic.com\/s\/e\/notoemoji\/13.1.1\/1f45f\/72.png\" alt=\"\ud83d\udc5f\" data-emoji=\"\ud83d\udc5f\" aria-label=\"\ud83d\udc5f\" \/>\u00a0Gin\u00e1stica localizada &#8211; 30\/09 Quinta-feira \u00e0s 18 horas<br \/><br \/><img decoding=\"async\" class=\"an1 CToWUd\" src=\"https:\/\/fonts.gstatic.com\/s\/e\/notoemoji\/13.1.1\/265f\/72.png\" alt=\"\u265f\" data-emoji=\"\u265f\" aria-label=\"\u265f\" \/>\u00a0Xadrez &#8211; 01\/10 Sexta-feira \u00e0s 19 horas<br \/><br \/><img decoding=\"async\" class=\"an1 CToWUd\" src=\"https:\/\/fonts.gstatic.com\/s\/e\/notoemoji\/13.1.1\/2622_fe0f\/72.png\" alt=\"\u2622\ufe0f\" data-emoji=\"\u2622\ufe0f\" aria-label=\"\u2622\ufe0f\" \/>\u00a0J\u00e1 para participar do projeto basta acessar o link do grupo de WhatsApp da modalidade desejada. Lembrando que todas as atividades acontecem de forma online, abertas para toda comunidade e s\u00e3o gratuitas. As atividades s\u00e3o ministradas por acad\u00eamicos da Educa\u00e7\u00e3o F\u00edsica, atrav\u00e9s de diferentes plataformas, porem a comunica\u00e7\u00e3o entre aluno e professor acontece inicialmente atrav\u00e9s de grupos de WhatsApp, onde v\u00eddeos s\u00e3o enviados explicando as atividades, como devem ser executadas e\/ou o link para as aulas ao vivo ou gravadas no YouTube. Para os alunos da UFSM que tiverem 70% de presen\u00e7a nas aulas as atividades podem ser utilizadas como Atividades Complementares de Gradua\u00e7\u00e3o (ACG).<\/p>\n<div>\u00a0<\/div>\n<div><br \/>\n<div>\n<div dir=\"ltr\" data-smartmail=\"gmail_signature\">\n<div dir=\"ltr\">SA\u00daDE DA CEU\n<div>PR\u00d3-REITORIA DE ASSUNTOS ESTUDANTIS (PRAE)<\/div>\n<div>UFSM<\/div>\n<div>Av. Roraima, 1000 &#8211; Camobi<\/div>\n<div>Pr\u00e9dio 48 D &#8211; Terceiro Andar<\/div>\n<div>(55) 3220-8311<\/div>\n<div>WhatsApp: (55) 9 9147-2757<\/div>\n<div>\u00a0 \u00a0 \u00a0 \u00a0 \u00a0 \u00a0 \u00a0 \u00a0 \u00a0 \u00a0(55) 9 9188-0393<\/div>\n<\/div>\n<\/div>\n<\/div>\n<\/div>\n","protected":false},"excerpt":{"rendered":"<p>A Universidade Federal de Santa Maria(UFSM)\/Pr\u00f3-Reitoria de Gradua\u00e7\u00e3o(PROGRAD)\/Coordenadoria de A\u00e7\u00f5es Educacionais(CAEd) junta-se \u00e0 divulga\u00e7\u00e3o das a\u00e7\u00f5es do Setembro Amarelo com o Esporte Universit\u00e1rio.\u00a0 DESCRI\u00c7\u00c3O DE IMAGEM: imagens contidas no texto, na ordem que aparecem nos par\u00e1grafos: dois girass\u00f3is, bola de futebol, notebook, serpentina de carnaval, figura feminina em posi\u00e7\u00e3o de ioga, figura feminina em posi\u00e7\u00e3o [&hellip;]<\/p>\n","protected":false},"author":252,"featured_media":0,"comment_status":"closed","ping_status":"closed","sticky":false,"template":"","format":"standard","meta":{"footnotes":""},"categories":[1],"tags":[],"class_list":["post-4779","post","type-post","status-publish","format-standard","hentry","category-sem-categoria"],"acf":[],"_links":{"self":[{"href":"https:\/\/www.ufsm.br\/pro-reitorias\/prograd\/caed\/wp-json\/wp\/v2\/posts\/4779","targetHints":{"allow":["GET"]}}],"collection":[{"href":"https:\/\/www.ufsm.br\/pro-reitorias\/prograd\/caed\/wp-json\/wp\/v2\/posts"}],"about":[{"href":"https:\/\/www.ufsm.br\/pro-reitorias\/prograd\/caed\/wp-json\/wp\/v2\/types\/post"}],"author":[{"embeddable":true,"href":"https:\/\/www.ufsm.br\/pro-reitorias\/prograd\/caed\/wp-json\/wp\/v2\/users\/252"}],"replies":[{"embeddable":true,"href":"https:\/\/www.ufsm.br\/pro-reitorias\/prograd\/caed\/wp-json\/wp\/v2\/comments?post=4779"}],"version-history":[{"count":0,"href":"https:\/\/www.ufsm.br\/pro-reitorias\/prograd\/caed\/wp-json\/wp\/v2\/posts\/4779\/revisions"}],"wp:attachment":[{"href":"https:\/\/www.ufsm.br\/pro-reitorias\/prograd\/caed\/wp-json\/wp\/v2\/media?parent=4779"}],"wp:term":[{"taxonomy":"category","embeddable":true,"href":"https:\/\/www.ufsm.br\/pro-reitorias\/prograd\/caed\/wp-json\/wp\/v2\/categories?post=4779"},{"taxonomy":"post_tag","embeddable":true,"href":"https:\/\/www.ufsm.br\/pro-reitorias\/prograd\/caed\/wp-json\/wp\/v2\/tags?post=4779"}],"curies":[{"name":"wp","href":"https:\/\/api.w.org\/{rel}","templated":true}]}}