{"id":4791,"date":"2021-09-28T09:41:10","date_gmt":"2021-09-28T12:41:10","guid":{"rendered":"https:\/\/www.ufsm.br\/orgaos-executivos\/caed\/?p=4791"},"modified":"2021-09-28T09:41:12","modified_gmt":"2021-09-28T12:41:12","slug":"edital-003-2021-resultado-final-projeto-redes-de-aprendizagem","status":"publish","type":"post","link":"https:\/\/www.ufsm.br\/pro-reitorias\/prograd\/caed\/2021\/09\/28\/edital-003-2021-resultado-final-projeto-redes-de-aprendizagem","title":{"rendered":"EDITAL 003\/2021 &#8211; RESULTADO FINAL  &#8211; PROJETO REDES DE APRENDIZAGEM"},"content":{"rendered":"\n<p>A Universidade Federal de Santa Maria(UFSM)\/Pr\u00f3-Reitoria de Gradua\u00e7\u00e3o(PROGRAD)\/Coordenadoria de A\u00e7\u00f5es Educacionais(CAEd) divulga o resultado final do Edital 003\/2021 &#8211; Projeto Redes de Aprendizagem.\u00a0<\/p>\n<p><a href=\"https:\/\/www.ufsm.br\/app\/uploads\/sites\/391\/2021\/09\/CANDIDATOS-CLASSIFICADOS-FINAL.pdf\">CANDIDATOS CLASSIFICADOS &#8211; FINAL<\/a><\/p>\n","protected":false},"excerpt":{"rendered":"<p>A Universidade Federal de Santa Maria(UFSM)\/Pr\u00f3-Reitoria de Gradua\u00e7\u00e3o(PROGRAD)\/Coordenadoria de A\u00e7\u00f5es Educacionais(CAEd) divulga o resultado final do Edital 003\/2021 &#8211; Projeto Redes de Aprendizagem.\u00a0 CANDIDATOS CLASSIFICADOS &#8211; FINAL<\/p>\n","protected":false},"author":252,"featured_media":0,"comment_status":"closed","ping_status":"closed","sticky":false,"template":"","format":"standard","meta":{"footnotes":""},"categories":[1],"tags":[],"class_list":["post-4791","post","type-post","status-publish","format-standard","hentry","category-sem-categoria"],"acf":[],"_links":{"self":[{"href":"https:\/\/www.ufsm.br\/pro-reitorias\/prograd\/caed\/wp-json\/wp\/v2\/posts\/4791","targetHints":{"allow":["GET"]}}],"collection":[{"href":"https:\/\/www.ufsm.br\/pro-reitorias\/prograd\/caed\/wp-json\/wp\/v2\/posts"}],"about":[{"href":"https:\/\/www.ufsm.br\/pro-reitorias\/prograd\/caed\/wp-json\/wp\/v2\/types\/post"}],"author":[{"embeddable":true,"href":"https:\/\/www.ufsm.br\/pro-reitorias\/prograd\/caed\/wp-json\/wp\/v2\/users\/252"}],"replies":[{"embeddable":true,"href":"https:\/\/www.ufsm.br\/pro-reitorias\/prograd\/caed\/wp-json\/wp\/v2\/comments?post=4791"}],"version-history":[{"count":0,"href":"https:\/\/www.ufsm.br\/pro-reitorias\/prograd\/caed\/wp-json\/wp\/v2\/posts\/4791\/revisions"}],"wp:attachment":[{"href":"https:\/\/www.ufsm.br\/pro-reitorias\/prograd\/caed\/wp-json\/wp\/v2\/media?parent=4791"}],"wp:term":[{"taxonomy":"category","embeddable":true,"href":"https:\/\/www.ufsm.br\/pro-reitorias\/prograd\/caed\/wp-json\/wp\/v2\/categories?post=4791"},{"taxonomy":"post_tag","embeddable":true,"href":"https:\/\/www.ufsm.br\/pro-reitorias\/prograd\/caed\/wp-json\/wp\/v2\/tags?post=4791"}],"curies":[{"name":"wp","href":"https:\/\/api.w.org\/{rel}","templated":true}]}}