{"id":4804,"date":"2021-10-18T22:34:41","date_gmt":"2021-10-19T01:34:41","guid":{"rendered":"https:\/\/www.ufsm.br\/orgaos-executivos\/caed\/?p=4804"},"modified":"2021-10-18T22:38:54","modified_gmt":"2021-10-19T01:38:54","slug":"ii-forum-integrado-de-acoes-afirmativas-e-assistencia-estudantil","status":"publish","type":"post","link":"https:\/\/www.ufsm.br\/pro-reitorias\/prograd\/caed\/2021\/10\/18\/ii-forum-integrado-de-acoes-afirmativas-e-assistencia-estudantil","title":{"rendered":"II F\u00d3RUM INTEGRADO DE A\u00c7\u00d5ES AFIRMATIVAS E ASSIST\u00caNCIA ESTUDANTIL"},"content":{"rendered":"\n<p>A Universidade Federal de Santa Maria (UFSM)\/Pr\u00f3-Reitoria de Gradua\u00e7\u00e3o(PROGRAD)\/Coordenadoria de A\u00e7\u00f5es Educacionais(CAEd) soma-se \u00e0 divulga\u00e7\u00e3o do II F\u00f3rum Integrado de A\u00e7\u00f5es Afirmativas e Assist\u00eancia Estudantil, a ser realizado dia 19 de outubro de 2021, \u00e0s 17h00min, com a palestrante Ravele Bueno Goularte e transmiss\u00e3o pelo YOUTUBE.\u00a0<\/p>\n<p><strong>DESCRI\u00c7\u00c3O DE IMAGEM:<\/strong> imagem de divulga\u00e7\u00e3o de evento, em formato retangular, com fundo na cor bord\u00f4, em dois tons de intensidade. Na parte superior esquerda, l\u00ea-se: &#8220;II F\u00f3rum Integrado em A\u00e7\u00f5es Afirmativas e Assist\u00eancia Estudantil&#8221;. Abaixo, l\u00ea-se: &#8220;Mesa tem\u00e1tica: Acessibilidade e e ensino superior: um di\u00e1logo intersetorial e interinstitucional&#8221;. Abaixo, l\u00ea-se: &#8220;Data: 19\/10\/2021, Hora: 17h, Evento online: Transmiss\u00e3o no Canal do Youtube da Jornada Acad\u00eamica&#8221;. \u00c0 esquerda data, h\u00e1 a imagem de uma agenda de folhas destac\u00e1veis. H\u00e1 uma linha branca, seccionada, \u00e0 esquerda, delimitando o espa\u00e7o. \u00c1 direito, sobre um tom bord\u00f4 mais escuro, h\u00e1 a foto e um breve curr\u00edculo da palestrante, Ravele Bueno Goularte. Trata-se de mulher de pele clara, cabelos e olhos castanhos, com express\u00e3o sorridente, usando brincos de p\u00e9rola e vestindo blusa listrada. A foto est\u00e1 dentro do c\u00edrculo, abaixo do qual l\u00ea-se: &#8220;PALESTRANTE, Prof\u00aa. Me. Ravele Bueno Goularte (UFSM), Formada em Educa\u00e7\u00e3o Especial e Mestra em Educa\u00e7\u00e3o pela Universidade Federal de Santa Maria (UFSM). Atuou como Professora do Departamento de Educa\u00e7\u00e3o Especial da UFSM. Atualmente \u00e9 Tradutora e Int\u00e9rprete de Libras na UFSM e Chefe na subdivis\u00e3o de acessibilidade da Coordenadoria de A\u00e7\u00f5es Educacionais (CAED) desta institui\u00e7\u00e3o.\u00a0<\/p>\n<p>\u00a0<\/p>\n<p><img fetchpriority=\"high\" decoding=\"async\" class=\"size-medium wp-image-4806 aligncenter\" src=\"https:\/\/www.ufsm.br\/app\/uploads\/sites\/391\/2021\/10\/II-FORUM-DE-ACOES-AFIRMATIVASE-ASSISTENCIA-ESTUDANTIL--300x212.jpg\" alt=\"\" width=\"300\" height=\"212\" srcset=\"https:\/\/www.ufsm.br\/app\/uploads\/sites\/391\/2021\/10\/II-FORUM-DE-ACOES-AFIRMATIVASE-ASSISTENCIA-ESTUDANTIL--300x212.jpg 300w, https:\/\/www.ufsm.br\/app\/uploads\/sites\/391\/2021\/10\/II-FORUM-DE-ACOES-AFIRMATIVASE-ASSISTENCIA-ESTUDANTIL--1024x725.jpg 1024w, https:\/\/www.ufsm.br\/app\/uploads\/sites\/391\/2021\/10\/II-FORUM-DE-ACOES-AFIRMATIVASE-ASSISTENCIA-ESTUDANTIL--768x543.jpg 768w, https:\/\/www.ufsm.br\/app\/uploads\/sites\/391\/2021\/10\/II-FORUM-DE-ACOES-AFIRMATIVASE-ASSISTENCIA-ESTUDANTIL--1536x1087.jpg 1536w, https:\/\/www.ufsm.br\/app\/uploads\/sites\/391\/2021\/10\/II-FORUM-DE-ACOES-AFIRMATIVASE-ASSISTENCIA-ESTUDANTIL-.jpg 1754w\" sizes=\"(max-width: 300px) 100vw, 300px\" \/><\/p>\n","protected":false},"excerpt":{"rendered":"<p>A Universidade Federal de Santa Maria (UFSM)\/Pr\u00f3-Reitoria de Gradua\u00e7\u00e3o(PROGRAD)\/Coordenadoria de A\u00e7\u00f5es Educacionais(CAEd) soma-se \u00e0 divulga\u00e7\u00e3o do II F\u00f3rum Integrado de A\u00e7\u00f5es Afirmativas e Assist\u00eancia Estudantil, a ser realizado dia 19 de outubro de 2021, \u00e0s 17h00min, com a palestrante Ravele Bueno Goularte e transmiss\u00e3o pelo YOUTUBE.\u00a0 DESCRI\u00c7\u00c3O DE IMAGEM: imagem de divulga\u00e7\u00e3o de evento, em [&hellip;]<\/p>\n","protected":false},"author":252,"featured_media":0,"comment_status":"closed","ping_status":"closed","sticky":false,"template":"","format":"standard","meta":{"footnotes":""},"categories":[1],"tags":[],"class_list":["post-4804","post","type-post","status-publish","format-standard","hentry","category-sem-categoria"],"acf":[],"_links":{"self":[{"href":"https:\/\/www.ufsm.br\/pro-reitorias\/prograd\/caed\/wp-json\/wp\/v2\/posts\/4804","targetHints":{"allow":["GET"]}}],"collection":[{"href":"https:\/\/www.ufsm.br\/pro-reitorias\/prograd\/caed\/wp-json\/wp\/v2\/posts"}],"about":[{"href":"https:\/\/www.ufsm.br\/pro-reitorias\/prograd\/caed\/wp-json\/wp\/v2\/types\/post"}],"author":[{"embeddable":true,"href":"https:\/\/www.ufsm.br\/pro-reitorias\/prograd\/caed\/wp-json\/wp\/v2\/users\/252"}],"replies":[{"embeddable":true,"href":"https:\/\/www.ufsm.br\/pro-reitorias\/prograd\/caed\/wp-json\/wp\/v2\/comments?post=4804"}],"version-history":[{"count":0,"href":"https:\/\/www.ufsm.br\/pro-reitorias\/prograd\/caed\/wp-json\/wp\/v2\/posts\/4804\/revisions"}],"wp:attachment":[{"href":"https:\/\/www.ufsm.br\/pro-reitorias\/prograd\/caed\/wp-json\/wp\/v2\/media?parent=4804"}],"wp:term":[{"taxonomy":"category","embeddable":true,"href":"https:\/\/www.ufsm.br\/pro-reitorias\/prograd\/caed\/wp-json\/wp\/v2\/categories?post=4804"},{"taxonomy":"post_tag","embeddable":true,"href":"https:\/\/www.ufsm.br\/pro-reitorias\/prograd\/caed\/wp-json\/wp\/v2\/tags?post=4804"}],"curies":[{"name":"wp","href":"https:\/\/api.w.org\/{rel}","templated":true}]}}