{"id":5079,"date":"2022-01-18T16:26:09","date_gmt":"2022-01-18T19:26:09","guid":{"rendered":"https:\/\/www.ufsm.br\/orgaos-executivos\/caed\/?p=5079"},"modified":"2022-01-19T13:29:49","modified_gmt":"2022-01-19T16:29:49","slug":"inscricoes-abertas-para-a-roda-de-conversa-gestao-do-tempo-no-processo-de-aprendizagem","status":"publish","type":"post","link":"https:\/\/www.ufsm.br\/pro-reitorias\/prograd\/caed\/2022\/01\/18\/inscricoes-abertas-para-a-roda-de-conversa-gestao-do-tempo-no-processo-de-aprendizagem","title":{"rendered":"Inscri\u00e7\u00f5es abertas para a Roda de conversa &#8220;Gest\u00e3o do tempo no processo de aprendizagem&#8221;"},"content":{"rendered":"\t\t<div data-elementor-type=\"wp-post\" data-elementor-id=\"5079\" class=\"elementor elementor-5079\">\n\t\t\t\t\t\t<section class=\"elementor-section elementor-top-section elementor-element elementor-element-51230152 elementor-section-boxed elementor-section-height-default elementor-section-height-default\" data-id=\"51230152\" data-element_type=\"section\">\n\t\t\t\t\t\t<div class=\"elementor-container elementor-column-gap-default\">\n\t\t\t\t\t<div class=\"elementor-column elementor-col-100 elementor-top-column elementor-element elementor-element-16d54d03\" data-id=\"16d54d03\" data-element_type=\"column\">\n\t\t\t<div class=\"elementor-widget-wrap elementor-element-populated\">\n\t\t\t\t\t\t<div class=\"elementor-element elementor-element-25c7e26f elementor-widget elementor-widget-text-editor\" data-id=\"25c7e26f\" data-element_type=\"widget\" data-widget_type=\"text-editor.default\">\n\t\t\t\t<div class=\"elementor-widget-container\">\n\t\t\t\t\t\t\t<!-- wp:tadv\/classic-paragraph \/-->\t\t\t\t\t\t<\/div>\n\t\t\t\t<\/div>\n\t\t\t\t\t<\/div>\n\t\t<\/div>\n\t\t\t\t\t<\/div>\n\t\t<\/section>\n\t\t\t\t<section class=\"elementor-section elementor-top-section elementor-element elementor-element-c9439af elementor-section-boxed elementor-section-height-default elementor-section-height-default\" data-id=\"c9439af\" data-element_type=\"section\">\n\t\t\t\t\t\t<div class=\"elementor-container elementor-column-gap-default\">\n\t\t\t\t\t<div class=\"elementor-column elementor-col-50 elementor-top-column elementor-element elementor-element-24d7b38\" data-id=\"24d7b38\" data-element_type=\"column\">\n\t\t\t<div class=\"elementor-widget-wrap elementor-element-populated\">\n\t\t\t\t\t\t<div class=\"elementor-element elementor-element-efc6889 elementor-widget elementor-widget-text-editor\" data-id=\"efc6889\" data-element_type=\"widget\" data-widget_type=\"text-editor.default\">\n\t\t\t\t<div class=\"elementor-widget-container\">\n\t\t\t\t\t\t\t<p>A\u00a0<strong>Subdivis\u00e3o de Apoio \u00e0 Aprendizagem<\/strong> da Coordenadoria de A\u00e7\u00f5es Educacionais (CAEd-PROGRAD) divulga a abertura de inscri\u00e7\u00f5es para a Roda de conversa <strong>\u201cGest\u00e3o do tempo no processo de aprendizagem\u201d<\/strong><\/p>\n<p>O evento, via Google Meet, acontecer\u00e1 no dia<strong> 25 de janeiro de 2022<\/strong>, \u00e0s\u00a0<strong>18 horas.<\/strong><\/p>\n<p>Ministrantes:<\/p>\n<ul>\n<li class=\"_04xlpA direction-ltr align-start para-style-body\">\n<p>Pedagoga Iris Datsch Toebe<\/p>\n<\/li>\n<li class=\"_04xlpA direction-ltr align-start para-style-body\">\n<p>Pedagoga Luana Dettmer Cabreira<\/p>\n<p>\u00a0<\/p>\n<\/li>\n<\/ul>\n<p>Podem participar:<\/p>\n<ul>\n<li>Estudantes e servidores da UFSM e comunidade externa.<\/li>\n<\/ul>\n<p><strong>Inscri\u00e7\u00f5es gratuitas at\u00e9 24\/01<\/strong>, pelo formul\u00e1rio dispon\u00edvel\u00a0<a href=\"https:\/\/forms.gle\/YwemgEMEyes5xvTa8\"><strong>AQUI<\/strong><\/a><\/p>\n<p>Vagas limitadas!<\/p>\t\t\t\t\t\t<\/div>\n\t\t\t\t<\/div>\n\t\t\t\t\t<\/div>\n\t\t<\/div>\n\t\t\t\t<div class=\"elementor-column elementor-col-50 elementor-top-column elementor-element elementor-element-878330d\" data-id=\"878330d\" data-element_type=\"column\">\n\t\t\t<div class=\"elementor-widget-wrap elementor-element-populated\">\n\t\t\t\t\t\t<div class=\"elementor-element elementor-element-da9f7d6 elementor-widget elementor-widget-image\" data-id=\"da9f7d6\" data-element_type=\"widget\" data-widget_type=\"image.default\">\n\t\t\t\t<div class=\"elementor-widget-container\">\n\t\t\t\t\t\t\t\t\t\t<figure class=\"wp-caption\">\n\t\t\t\t\t\t\t\t\t\t<img fetchpriority=\"high\" decoding=\"async\" width=\"724\" height=\"1024\" src=\"https:\/\/www.ufsm.br\/app\/uploads\/sites\/391\/2022\/01\/Gestao-do-tempo-no-processo-de-aprendizagem-2-724x1024.jpg\" class=\"attachment-large size-large wp-image-5080\" alt=\"\" srcset=\"https:\/\/www.ufsm.br\/app\/uploads\/sites\/391\/2022\/01\/Gestao-do-tempo-no-processo-de-aprendizagem-2-724x1024.jpg 724w, https:\/\/www.ufsm.br\/app\/uploads\/sites\/391\/2022\/01\/Gestao-do-tempo-no-processo-de-aprendizagem-2-212x300.jpg 212w, https:\/\/www.ufsm.br\/app\/uploads\/sites\/391\/2022\/01\/Gestao-do-tempo-no-processo-de-aprendizagem-2-768x1086.jpg 768w, https:\/\/www.ufsm.br\/app\/uploads\/sites\/391\/2022\/01\/Gestao-do-tempo-no-processo-de-aprendizagem-2-1086x1536.jpg 1086w, https:\/\/www.ufsm.br\/app\/uploads\/sites\/391\/2022\/01\/Gestao-do-tempo-no-processo-de-aprendizagem-2-1448x2048.jpg 1448w, https:\/\/www.ufsm.br\/app\/uploads\/sites\/391\/2022\/01\/Gestao-do-tempo-no-processo-de-aprendizagem-2.jpg 1587w\" sizes=\"(max-width: 724px) 100vw, 724px\" \/>\t\t\t\t\t\t\t\t\t\t\t<figcaption class=\"widget-image-caption wp-caption-text\">Descri\u00e7\u00e3o da imagem: imagem retangular em formato vertical. A imagem enquadra o antebra\u00e7o at\u00e9 as m\u00e3os de uma pessoa de pele clara, vestindo uma roupa de manga longa na cor branca, com o punho dobrado. Na m\u00e3o direita, escreve com uma caneta em caderno de folhas brancas aberto, sob uma mesa na cor branca. Com a m\u00e3o esquerda, segura uma x\u00edcara de caf\u00e9 preto. Nessa m\u00e3o, possui um anel dourado e um rel\u00f3gio quadrado com a pulseira cinza e a tela preta. Ao lado est\u00e1 um livro aberto. Sobre a imagem descrita est\u00e3o os dados do evento: Na parte superior, alinhado \u00e0 direta, o logo da CAEd. Abaixo, na cor preta, \u201cSubdivis\u00e3o de Apoio \u00e0 Aprendizagem\u201d e, na sequ\u00eancia, \u201cCAEd - PROGRAD\u201d. Centralizados na imagem e um embaixo do outro, os textos: \u201cRoda de conversa\u201d; \u201cGest\u00e3o do tempo no processo de aprendizagem\u201d, ambos na cor preta. Abaixo, alinhados \u00e0 esquerda e um embaixo do outro, os textos: \u201cMinistrantes\u201d; \u201cPedagogas\u201d; \u201cIris Datsch Toebe\u201d; \u201cLuana Dettmer Cabreira\u201d. Na parte inferior, alinhado \u00e0 direita, figura vazada de um rel\u00f3gio de ponteiro com um boneco \u00e0 frente. Abaixo, na cor preta, \u201c25 de janeiro \u00e0s 18h\u201d; \u201cInscri\u00e7\u00f5es at\u00e9 dia 24\/01 pela p\u00e1gina da CAEd\u201d; \u201cEvento via Google Meet\u201d. <\/figcaption>\n\t\t\t\t\t\t\t\t\t\t<\/figure>\n\t\t\t\t\t\t\t<\/div>\n\t\t\t\t<\/div>\n\t\t\t\t\t<\/div>\n\t\t<\/div>\n\t\t\t\t\t<\/div>\n\t\t<\/section>\n\t\t\t\t<\/div>\n\t\t","protected":false},"excerpt":{"rendered":"<p>A\u00a0Subdivis\u00e3o de Apoio \u00e0 Aprendizagem da Coordenadoria de A\u00e7\u00f5es Educacionais (CAEd-PROGRAD) divulga a abertura de inscri\u00e7\u00f5es para a Roda de conversa \u201cGest\u00e3o do tempo no processo de aprendizagem\u201d O evento, via Google Meet, acontecer\u00e1 no dia 25 de janeiro de 2022, \u00e0s\u00a018 horas. Ministrantes: Pedagoga Iris Datsch Toebe Pedagoga Luana Dettmer Cabreira \u00a0 Podem participar: [&hellip;]<\/p>\n","protected":false},"author":281,"featured_media":5081,"comment_status":"closed","ping_status":"closed","sticky":false,"template":"","format":"standard","meta":{"footnotes":""},"categories":[45,1],"tags":[],"class_list":["post-5079","post","type-post","status-publish","format-standard","has-post-thumbnail","hentry","category-noticias-anima","category-sem-categoria"],"acf":[],"_links":{"self":[{"href":"https:\/\/www.ufsm.br\/pro-reitorias\/prograd\/caed\/wp-json\/wp\/v2\/posts\/5079","targetHints":{"allow":["GET"]}}],"collection":[{"href":"https:\/\/www.ufsm.br\/pro-reitorias\/prograd\/caed\/wp-json\/wp\/v2\/posts"}],"about":[{"href":"https:\/\/www.ufsm.br\/pro-reitorias\/prograd\/caed\/wp-json\/wp\/v2\/types\/post"}],"author":[{"embeddable":true,"href":"https:\/\/www.ufsm.br\/pro-reitorias\/prograd\/caed\/wp-json\/wp\/v2\/users\/281"}],"replies":[{"embeddable":true,"href":"https:\/\/www.ufsm.br\/pro-reitorias\/prograd\/caed\/wp-json\/wp\/v2\/comments?post=5079"}],"version-history":[{"count":0,"href":"https:\/\/www.ufsm.br\/pro-reitorias\/prograd\/caed\/wp-json\/wp\/v2\/posts\/5079\/revisions"}],"wp:featuredmedia":[{"embeddable":true,"href":"https:\/\/www.ufsm.br\/pro-reitorias\/prograd\/caed\/wp-json\/wp\/v2\/media\/5081"}],"wp:attachment":[{"href":"https:\/\/www.ufsm.br\/pro-reitorias\/prograd\/caed\/wp-json\/wp\/v2\/media?parent=5079"}],"wp:term":[{"taxonomy":"category","embeddable":true,"href":"https:\/\/www.ufsm.br\/pro-reitorias\/prograd\/caed\/wp-json\/wp\/v2\/categories?post=5079"},{"taxonomy":"post_tag","embeddable":true,"href":"https:\/\/www.ufsm.br\/pro-reitorias\/prograd\/caed\/wp-json\/wp\/v2\/tags?post=5079"}],"curies":[{"name":"wp","href":"https:\/\/api.w.org\/{rel}","templated":true}]}}