{"id":5378,"date":"2022-05-30T15:00:00","date_gmt":"2022-05-30T18:00:00","guid":{"rendered":"https:\/\/www.ufsm.br\/pro-reitorias\/prograd\/caed\/?p=5378"},"modified":"2022-05-30T15:00:11","modified_gmt":"2022-05-30T18:00:11","slug":"edital-004-2022-data-e-horario-da-entrevista","status":"publish","type":"post","link":"https:\/\/www.ufsm.br\/pro-reitorias\/prograd\/caed\/2022\/05\/30\/edital-004-2022-data-e-horario-da-entrevista","title":{"rendered":"EDITAL 004\/2022 &#8211; DATA E HOR\u00c1RIO DA ENTREVISTA"},"content":{"rendered":"\n<p>A Universidade Federal de Santa Maria(UFSM)\/Pr\u00f3-Reitoria de Gradua\u00e7\u00e3o(PROGRAD)\/Coordenadoria de A\u00e7\u00f5es Educacionais(CAEd) divulga, em anexo, data e hor\u00e1rio da entrevista do edital de p\u00f3s-gradua\u00e7\u00e3o, para o projeto Redes de Aprendizagem.\u00a0<\/p>\n<p><a href=\"https:\/\/www.ufsm.br\/app\/uploads\/sites\/391\/2022\/05\/DATA-E-HORARIO-DA-ENTREVISTA.pdf\">EDITAL 004\/2022 &#8211; DATA E HOR\u00c1RIO DA ENTREVISTA<\/a><\/p>\n","protected":false},"excerpt":{"rendered":"<p>A Universidade Federal de Santa Maria(UFSM)\/Pr\u00f3-Reitoria de Gradua\u00e7\u00e3o(PROGRAD)\/Coordenadoria de A\u00e7\u00f5es Educacionais(CAEd) divulga, em anexo, data e hor\u00e1rio da entrevista do edital de p\u00f3s-gradua\u00e7\u00e3o, para o projeto Redes de Aprendizagem.\u00a0 EDITAL 004\/2022 &#8211; DATA E HOR\u00c1RIO DA ENTREVISTA<\/p>\n","protected":false},"author":252,"featured_media":0,"comment_status":"closed","ping_status":"closed","sticky":false,"template":"","format":"standard","meta":{"footnotes":""},"categories":[1],"tags":[],"class_list":["post-5378","post","type-post","status-publish","format-standard","hentry","category-sem-categoria"],"acf":[],"_links":{"self":[{"href":"https:\/\/www.ufsm.br\/pro-reitorias\/prograd\/caed\/wp-json\/wp\/v2\/posts\/5378","targetHints":{"allow":["GET"]}}],"collection":[{"href":"https:\/\/www.ufsm.br\/pro-reitorias\/prograd\/caed\/wp-json\/wp\/v2\/posts"}],"about":[{"href":"https:\/\/www.ufsm.br\/pro-reitorias\/prograd\/caed\/wp-json\/wp\/v2\/types\/post"}],"author":[{"embeddable":true,"href":"https:\/\/www.ufsm.br\/pro-reitorias\/prograd\/caed\/wp-json\/wp\/v2\/users\/252"}],"replies":[{"embeddable":true,"href":"https:\/\/www.ufsm.br\/pro-reitorias\/prograd\/caed\/wp-json\/wp\/v2\/comments?post=5378"}],"version-history":[{"count":0,"href":"https:\/\/www.ufsm.br\/pro-reitorias\/prograd\/caed\/wp-json\/wp\/v2\/posts\/5378\/revisions"}],"wp:attachment":[{"href":"https:\/\/www.ufsm.br\/pro-reitorias\/prograd\/caed\/wp-json\/wp\/v2\/media?parent=5378"}],"wp:term":[{"taxonomy":"category","embeddable":true,"href":"https:\/\/www.ufsm.br\/pro-reitorias\/prograd\/caed\/wp-json\/wp\/v2\/categories?post=5378"},{"taxonomy":"post_tag","embeddable":true,"href":"https:\/\/www.ufsm.br\/pro-reitorias\/prograd\/caed\/wp-json\/wp\/v2\/tags?post=5378"}],"curies":[{"name":"wp","href":"https:\/\/api.w.org\/{rel}","templated":true}]}}