{"id":5484,"date":"2022-07-26T09:15:21","date_gmt":"2022-07-26T12:15:21","guid":{"rendered":"https:\/\/www.ufsm.br\/pro-reitorias\/prograd\/caed\/?p=5484"},"modified":"2022-07-26T10:08:27","modified_gmt":"2022-07-26T13:08:27","slug":"caed-subdivisao-de-acessibilidade-lanca-guia","status":"publish","type":"post","link":"https:\/\/www.ufsm.br\/pro-reitorias\/prograd\/caed\/2022\/07\/26\/caed-subdivisao-de-acessibilidade-lanca-guia","title":{"rendered":"CAEd &#8211; Subdivis\u00e3o de Acessibilidade lan\u00e7a guia sobre &#8220;Estudantes com Defici\u00eancia Auditiva na Educa\u00e7\u00e3o Superior&#8221;"},"content":{"rendered":"\t\t<div data-elementor-type=\"wp-post\" data-elementor-id=\"5484\" class=\"elementor elementor-5484\">\n\t\t\t\t\t\t<section class=\"elementor-section elementor-top-section elementor-element elementor-element-731fa37e elementor-section-boxed elementor-section-height-default elementor-section-height-default\" data-id=\"731fa37e\" data-element_type=\"section\">\n\t\t\t\t\t\t<div class=\"elementor-container elementor-column-gap-default\">\n\t\t\t\t\t<div class=\"elementor-column elementor-col-100 elementor-top-column elementor-element elementor-element-54c5587b\" data-id=\"54c5587b\" data-element_type=\"column\">\n\t\t\t<div class=\"elementor-widget-wrap elementor-element-populated\">\n\t\t\t\t\t\t\t<\/div>\n\t\t<\/div>\n\t\t\t\t\t<\/div>\n\t\t<\/section>\n\t\t\t\t<section class=\"elementor-section elementor-top-section elementor-element elementor-element-85150aa elementor-section-boxed elementor-section-height-default elementor-section-height-default\" data-id=\"85150aa\" data-element_type=\"section\">\n\t\t\t\t\t\t<div class=\"elementor-container elementor-column-gap-default\">\n\t\t\t\t\t<div class=\"elementor-column elementor-col-50 elementor-top-column elementor-element elementor-element-146e102\" data-id=\"146e102\" data-element_type=\"column\">\n\t\t\t<div class=\"elementor-widget-wrap elementor-element-populated\">\n\t\t\t\t\t\t<div class=\"elementor-element elementor-element-602ca3d elementor-widget elementor-widget-image\" data-id=\"602ca3d\" data-element_type=\"widget\" data-widget_type=\"image.default\">\n\t\t\t\t<div class=\"elementor-widget-container\">\n\t\t\t\t\t\t\t\t\t\t<figure class=\"wp-caption\">\n\t\t\t\t\t\t\t\t\t\t<img fetchpriority=\"high\" decoding=\"async\" width=\"1024\" height=\"724\" src=\"https:\/\/www.ufsm.br\/app\/uploads\/sites\/391\/2022\/07\/Guia-deficiencia-auditiva2022-pagina-1-Para-site-1024x724.jpg\" class=\"attachment-large size-large wp-image-5488\" alt=\"\" srcset=\"https:\/\/www.ufsm.br\/app\/uploads\/sites\/391\/2022\/07\/Guia-deficiencia-auditiva2022-pagina-1-Para-site-1024x724.jpg 1024w, https:\/\/www.ufsm.br\/app\/uploads\/sites\/391\/2022\/07\/Guia-deficiencia-auditiva2022-pagina-1-Para-site-300x212.jpg 300w, https:\/\/www.ufsm.br\/app\/uploads\/sites\/391\/2022\/07\/Guia-deficiencia-auditiva2022-pagina-1-Para-site-768x543.jpg 768w, https:\/\/www.ufsm.br\/app\/uploads\/sites\/391\/2022\/07\/Guia-deficiencia-auditiva2022-pagina-1-Para-site-1536x1086.jpg 1536w, https:\/\/www.ufsm.br\/app\/uploads\/sites\/391\/2022\/07\/Guia-deficiencia-auditiva2022-pagina-1-Para-site.jpg 1920w\" sizes=\"(max-width: 1024px) 100vw, 1024px\" \/>\t\t\t\t\t\t\t\t\t\t\t<figcaption class=\"widget-image-caption wp-caption-text\">Descri\u00e7\u00e3o de imagem: Capa do guia. Centralizado superiormente, o bras\u00e3o da Universidade Federal de Santa Maria e \u201cCoordenadoria de A\u00e7\u00f5es Educacionais\u201d abaixo. A seguir, o t\u00edtulo: \"ESTUDANTES COM DEFICI\u00caNCIA AUDITIVA NA EDUCA\u00c7\u00c3O SUPERIOR. Como favorecer a comunica\u00e7\u00e3o e a aprendizagem?\" No canto inferior esquerdo, a ilustra\u00e7\u00e3o de um menino de pele marrom e cabelos curtos pretos. Est\u00e1 com os olhos fechados e esbo\u00e7a um leve sorriso. A m\u00e3o esquerda est\u00e1 em formato de concha atr\u00e1s da orelha esquerda. Desta orelha parte uma linha ligada a um c\u00edrculo contendo a ilustra\u00e7\u00e3o de uma orelha com um aparelho auditivo. Usa macac\u00e3o azul claro e camisa amarela. Fundo cinza, letras em preto.<\/figcaption>\n\t\t\t\t\t\t\t\t\t\t<\/figure>\n\t\t\t\t\t\t\t<\/div>\n\t\t\t\t<\/div>\n\t\t\t\t\t<\/div>\n\t\t<\/div>\n\t\t\t\t<div class=\"elementor-column elementor-col-50 elementor-top-column elementor-element elementor-element-4beda1b\" data-id=\"4beda1b\" data-element_type=\"column\">\n\t\t\t<div class=\"elementor-widget-wrap elementor-element-populated\">\n\t\t\t\t\t\t<div class=\"elementor-element elementor-element-0fe9280 elementor-widget elementor-widget-text-editor\" data-id=\"0fe9280\" data-element_type=\"widget\" data-widget_type=\"text-editor.default\">\n\t\t\t\t<div class=\"elementor-widget-container\">\n\t\t\t\t\t\t\t<p>\u00a0<\/p>\n<p>\u00a0<\/p>\n<p>ESTUDANTES COM DEFICI\u00caNCIA AUDITIVA NA EDUCA\u00c7\u00c3O SUPERIOR<\/p>\n<p>Como favorecer a comunica\u00e7\u00e3o\u00a0<span style=\"color: #000000;font-size: 1rem;background-color: var(--bs-body-bg);text-align: var(--bs-body-text-align)\">e a aprendizagem?<\/span><\/p>\n<p>Quando um estudante com defici\u00eancia auditiva (DA) ingressa na Universidade, podem surgir d\u00favidas por parte dos docentes em rela\u00e7\u00e3o \u00e0 acessibilidade de suas aulas, bem como em rela\u00e7\u00e3o<br \/>\u00e0 comunica\u00e7\u00e3o com estes estudantes.<\/p>\n<p>Neste material, elaborado pela equipe da Subdivis\u00e3o de Acessibilidade, da Coordenadoria de A\u00e7\u00f5es Educacionais da UFSM (CAEd), apresentamos\u00a0<span style=\"background-color: var(--bs-body-bg);color: #000000;font-size: 1rem;text-align: var(--bs-body-text-align)\">algumas dicas que poder\u00e3o auxiliar nesse trabalho.<\/span><\/p>\n<p><a href=\"https:\/\/www.ufsm.br\/app\/uploads\/sites\/391\/2022\/07\/Guia-deficiencia-auditiva2022-2.pdf\">Guia Estudantes com Defici\u00eancia Auditiva na Educa\u00e7\u00e3o Superior<\/a><\/p>\t\t\t\t\t\t<\/div>\n\t\t\t\t<\/div>\n\t\t\t\t\t<\/div>\n\t\t<\/div>\n\t\t\t\t\t<\/div>\n\t\t<\/section>\n\t\t\t\t<\/div>\n\t\t","protected":false},"excerpt":{"rendered":"<p>Descri\u00e7\u00e3o de imagem: Capa do guia. Centralizado superiormente, o bras\u00e3o da Universidade Federal de Santa Maria e \u201cCoordenadoria de A\u00e7\u00f5es Educacionais\u201d abaixo. A seguir, o t\u00edtulo: &#8220;ESTUDANTES COM DEFICI\u00caNCIA AUDITIVA NA EDUCA\u00c7\u00c3O SUPERIOR. Como favorecer a comunica\u00e7\u00e3o e a aprendizagem?&#8221; No canto inferior esquerdo, a ilustra\u00e7\u00e3o de um menino de pele marrom e cabelos curtos [&hellip;]<\/p>\n","protected":false},"author":5008,"featured_media":0,"comment_status":"closed","ping_status":"closed","sticky":false,"template":"","format":"standard","meta":{"footnotes":""},"categories":[1],"tags":[],"class_list":["post-5484","post","type-post","status-publish","format-standard","hentry","category-sem-categoria"],"acf":[],"_links":{"self":[{"href":"https:\/\/www.ufsm.br\/pro-reitorias\/prograd\/caed\/wp-json\/wp\/v2\/posts\/5484","targetHints":{"allow":["GET"]}}],"collection":[{"href":"https:\/\/www.ufsm.br\/pro-reitorias\/prograd\/caed\/wp-json\/wp\/v2\/posts"}],"about":[{"href":"https:\/\/www.ufsm.br\/pro-reitorias\/prograd\/caed\/wp-json\/wp\/v2\/types\/post"}],"author":[{"embeddable":true,"href":"https:\/\/www.ufsm.br\/pro-reitorias\/prograd\/caed\/wp-json\/wp\/v2\/users\/5008"}],"replies":[{"embeddable":true,"href":"https:\/\/www.ufsm.br\/pro-reitorias\/prograd\/caed\/wp-json\/wp\/v2\/comments?post=5484"}],"version-history":[{"count":0,"href":"https:\/\/www.ufsm.br\/pro-reitorias\/prograd\/caed\/wp-json\/wp\/v2\/posts\/5484\/revisions"}],"wp:attachment":[{"href":"https:\/\/www.ufsm.br\/pro-reitorias\/prograd\/caed\/wp-json\/wp\/v2\/media?parent=5484"}],"wp:term":[{"taxonomy":"category","embeddable":true,"href":"https:\/\/www.ufsm.br\/pro-reitorias\/prograd\/caed\/wp-json\/wp\/v2\/categories?post=5484"},{"taxonomy":"post_tag","embeddable":true,"href":"https:\/\/www.ufsm.br\/pro-reitorias\/prograd\/caed\/wp-json\/wp\/v2\/tags?post=5484"}],"curies":[{"name":"wp","href":"https:\/\/api.w.org\/{rel}","templated":true}]}}