{"id":5568,"date":"2022-09-09T10:36:36","date_gmt":"2022-09-09T13:36:36","guid":{"rendered":"https:\/\/www.ufsm.br\/pro-reitorias\/prograd\/caed\/?p=5568"},"modified":"2022-09-09T10:36:37","modified_gmt":"2022-09-09T13:36:37","slug":"inscricoes-para-o-curso-de-libras","status":"publish","type":"post","link":"https:\/\/www.ufsm.br\/pro-reitorias\/prograd\/caed\/2022\/09\/09\/inscricoes-para-o-curso-de-libras","title":{"rendered":"Inscri\u00e7\u00f5es para o Curso de Libras"},"content":{"rendered":"\n<p>O\u00a0<strong>curso\u00a0presencial de\u00a0Libras\u00a0<\/strong>para acad\u00eamicos, servidores da UFSM e comunidade em geral estar\u00e1 com inscri\u00e7\u00f5es abertas a partir de segunda-feira, dia 12 de setembro de 2022.<\/p>\n<p>As aulas acontecer\u00e3o <strong>presencialmente<\/strong> durante todo o semestre letivo.<\/p>\n<p>\u00a0<\/p>\n<p><strong>Per\u00edodo de inscri\u00e7\u00f5es:<\/strong> 12\/09\/2022 a 15\/09\/2022<strong>.<\/strong><\/p>\n<p><strong>\u00a0<\/strong>O curso de Libras possui uma taxa de inscri\u00e7\u00e3o no valor de R$ 50,00 (cinquenta reais).\u00a0<\/p>\n<p>O preenchimento do formul\u00e1rio n\u00e3o garante a inscri\u00e7\u00e3o, pois as inscri\u00e7\u00f5es ser\u00e3o validadas somente ap\u00f3s a confirma\u00e7\u00e3o do pagamento e conforme o n\u00famero de vagas.<\/p>\n<p>Em caso de desist\u00eancia ap\u00f3s o pagamento (ou no decorrer do curso), n\u00e3o haver\u00e1 devolu\u00e7\u00e3o do valor da taxa de inscri\u00e7\u00e3o.<\/p>\n<p>\u00a0<\/p>\n<p><strong>Curso B\u00e1sico de Libras<\/strong><\/p>\n<p>As aulas iniciam dia 28\/09 e ser\u00e3o realizadas todas as quartas-feiras, das\u00a009:30 \u00e0s 11:30.<\/p>\n<p>O curso se encerra no dia 25\/01\/2023.<\/p>\n<p>Total de vagas: 30 vagas.<\/p>\n<p><strong>\u00a0<\/strong><strong>Link para realizar a inscri\u00e7\u00e3o &#8211; curso b\u00e1sico (a partir do dia 12\/09):<\/strong><\/p>\n<p><a href=\"https:\/\/portal.ufsm.br\/concursos\/inscricao\/opcoes.html?edicao=4526\">https:\/\/portal.ufsm.br\/concursos\/inscricao\/opcoes.html?edicao=4526<\/a><\/p>\n<p>\u00a0<\/p>\n<p><strong>\u00a0Ap\u00f3s o pagamento, enviar o nome e comprovante para o e-mail:\u00a0<\/strong><a href=\"mailto:libras.ufsm2018@gmail.com\">libras.ufsm2018@gmail.com<\/a><\/p>\n<p>\u00a0<\/p>\n<p><strong>Curso Intermedi\u00e1rio de Libras<\/strong><\/p>\n<p>Para realizar a inscri\u00e7\u00e3o no curso intermedi\u00e1rio, voc\u00ea deve anexar o certificado de curso b\u00e1sico de Libras (ou comprovante de aprova\u00e7\u00e3o em disciplina de Libras) no local indicado no momento da inscri\u00e7\u00e3o.<\/p>\n<p>As aulas iniciam dia 06\/10 e ser\u00e3o realizadas todas as quintas-feiras, das 14h \u00e0s 16h.<\/p>\n<p>O curso se encerra no dia 26\/01\/2023.<\/p>\n<p>Total de vagas: 30 vagas.<\/p>\n<p><strong>Link para realizar a inscri\u00e7\u00e3o &#8211; curso intermedi\u00e1rio (a partir do dia 04\/04):<\/strong><\/p>\n<p><a href=\"https:\/\/portal.ufsm.br\/concursos\/inscricao\/opcoes.html?edicao=4541\">https:\/\/portal.ufsm.br\/concursos\/inscricao\/opcoes.html?edicao=4541<\/a><\/p>\n<p>\u00a0<\/p>\n<p><strong>Ap\u00f3s o pagamento, enviar o nome e comprovante para o e-mail:\u00a0<\/strong><a href=\"mailto:libras.ufsm2018@gmail.com\">libras.ufsm2018@gmail.com<\/a><\/p>\n<p>\u00a0<\/p>\n<figure id=\"attachment_5569\" aria-describedby=\"caption-attachment-5569\" style=\"width: 595px\" class=\"wp-caption aligncenter\"><img fetchpriority=\"high\" decoding=\"async\" class=\"wp-image-5569\" src=\"https:\/\/www.ufsm.br\/app\/uploads\/sites\/391\/2022\/09\/Divulgacao-Curso-Libras-2020-2-819x1024.jpeg\" alt=\"\" width=\"595\" height=\"744\" srcset=\"https:\/\/www.ufsm.br\/app\/uploads\/sites\/391\/2022\/09\/Divulgacao-Curso-Libras-2020-2-819x1024.jpeg 819w, https:\/\/www.ufsm.br\/app\/uploads\/sites\/391\/2022\/09\/Divulgacao-Curso-Libras-2020-2-240x300.jpeg 240w, https:\/\/www.ufsm.br\/app\/uploads\/sites\/391\/2022\/09\/Divulgacao-Curso-Libras-2020-2-768x960.jpeg 768w, https:\/\/www.ufsm.br\/app\/uploads\/sites\/391\/2022\/09\/Divulgacao-Curso-Libras-2020-2.jpeg 1080w\" sizes=\"(max-width: 595px) 100vw, 595px\" \/><figcaption id=\"caption-attachment-5569\" class=\"wp-caption-text\">Descri\u00e7\u00e3o de imagem: Card vertical de divulga\u00e7\u00e3o de curso. Centralizado superiormente, o t\u00edtulo: \u201cInscri\u00e7\u00f5es para o CURSO DE LIBRAS\u201d, abaixo: \u201cB\u00c1SICO E INTERMEDI\u00c1RIO\u201d. No centro da imagem as respectivas informa\u00e7\u00f5es, uma abaixo da outra: \u201cAULAS PRESENCIAIS\u201d, \u201cLocal: UFSM \u2013 Campus Santa Maria\u201d, \u201cInscri\u00e7\u00f5es: 12\/09\/2022 a 15\/09\/2022\u201d, \u201cRealiza\u00e7\u00e3o: PROGRAD \u2013 CAEd\u201d e \u201cSubdivis\u00e3o de Acessibilidade\u201d. Na parte inferior, \u00e0 esquerda, o bras\u00e3o da Universidade Federal de Santa Maria e \u201cUFSM\u201d \u201cCoordenadoria de A\u00e7\u00f5es Educacionais\u201d ao lado. No canto inferior direito, a imagem de um homem negro sorrindo. Ele est\u00e1 com o polegar da m\u00e3o direita levantado, m\u00e3o direita apoiada sobre a palma da m\u00e3o esquerda. Fundo em degrad\u00ea de tons roxos em marrons.<\/figcaption><\/figure>\n","protected":false},"excerpt":{"rendered":"<p>O\u00a0curso\u00a0presencial de\u00a0Libras\u00a0para acad\u00eamicos, servidores da UFSM e comunidade em geral estar\u00e1 com inscri\u00e7\u00f5es abertas a partir de segunda-feira, dia 12 de setembro de 2022. As aulas acontecer\u00e3o presencialmente durante todo o semestre letivo. \u00a0 Per\u00edodo de inscri\u00e7\u00f5es: 12\/09\/2022 a 15\/09\/2022. \u00a0O curso de Libras possui uma taxa de inscri\u00e7\u00e3o no valor de R$ 50,00 (cinquenta [&hellip;]<\/p>\n","protected":false},"author":5008,"featured_media":0,"comment_status":"closed","ping_status":"closed","sticky":false,"template":"","format":"standard","meta":{"footnotes":""},"categories":[1],"tags":[],"class_list":["post-5568","post","type-post","status-publish","format-standard","hentry","category-sem-categoria"],"acf":[],"_links":{"self":[{"href":"https:\/\/www.ufsm.br\/pro-reitorias\/prograd\/caed\/wp-json\/wp\/v2\/posts\/5568","targetHints":{"allow":["GET"]}}],"collection":[{"href":"https:\/\/www.ufsm.br\/pro-reitorias\/prograd\/caed\/wp-json\/wp\/v2\/posts"}],"about":[{"href":"https:\/\/www.ufsm.br\/pro-reitorias\/prograd\/caed\/wp-json\/wp\/v2\/types\/post"}],"author":[{"embeddable":true,"href":"https:\/\/www.ufsm.br\/pro-reitorias\/prograd\/caed\/wp-json\/wp\/v2\/users\/5008"}],"replies":[{"embeddable":true,"href":"https:\/\/www.ufsm.br\/pro-reitorias\/prograd\/caed\/wp-json\/wp\/v2\/comments?post=5568"}],"version-history":[{"count":0,"href":"https:\/\/www.ufsm.br\/pro-reitorias\/prograd\/caed\/wp-json\/wp\/v2\/posts\/5568\/revisions"}],"wp:attachment":[{"href":"https:\/\/www.ufsm.br\/pro-reitorias\/prograd\/caed\/wp-json\/wp\/v2\/media?parent=5568"}],"wp:term":[{"taxonomy":"category","embeddable":true,"href":"https:\/\/www.ufsm.br\/pro-reitorias\/prograd\/caed\/wp-json\/wp\/v2\/categories?post=5568"},{"taxonomy":"post_tag","embeddable":true,"href":"https:\/\/www.ufsm.br\/pro-reitorias\/prograd\/caed\/wp-json\/wp\/v2\/tags?post=5568"}],"curies":[{"name":"wp","href":"https:\/\/api.w.org\/{rel}","templated":true}]}}