{"id":5767,"date":"2022-11-23T10:47:38","date_gmt":"2022-11-23T13:47:38","guid":{"rendered":"https:\/\/www.ufsm.br\/pro-reitorias\/prograd\/caed\/?p=5767"},"modified":"2022-11-23T10:55:33","modified_gmt":"2022-11-23T13:55:33","slug":"estabelecendo-uma-organizacao-para-os-estudos","status":"publish","type":"post","link":"https:\/\/www.ufsm.br\/pro-reitorias\/prograd\/caed\/2022\/11\/23\/estabelecendo-uma-organizacao-para-os-estudos","title":{"rendered":"Estabelecendo uma organiza\u00e7\u00e3o para os estudos"},"content":{"rendered":"\n<p>Voc\u00ea precisa estudar e n\u00e3o sabe por onde come\u00e7ar? Ent\u00e3o, confira as dicas que a Subdivis\u00e3o de Apoio \u00e0 Aprendizagem (CAEd-PROGRAD) preparou para voc\u00ea estabelecer uma organiza\u00e7\u00e3o para os estudos.<\/p>\n\n\n<div class=\"wp-block-image\">\n<figure class=\"aligncenter size-large is-resized\"><img fetchpriority=\"high\" decoding=\"async\" src=\"https:\/\/www.ufsm.br\/app\/uploads\/sites\/391\/2022\/11\/1-11-1024x1024.jpg\" alt=\"\" class=\"wp-image-5773\" width=\"768\" height=\"768\" srcset=\"https:\/\/www.ufsm.br\/app\/uploads\/sites\/391\/2022\/11\/1-11-1024x1024.jpg 1024w, https:\/\/www.ufsm.br\/app\/uploads\/sites\/391\/2022\/11\/1-11-300x300.jpg 300w, https:\/\/www.ufsm.br\/app\/uploads\/sites\/391\/2022\/11\/1-11-150x150.jpg 150w, https:\/\/www.ufsm.br\/app\/uploads\/sites\/391\/2022\/11\/1-11-768x768.jpg 768w, https:\/\/www.ufsm.br\/app\/uploads\/sites\/391\/2022\/11\/1-11.jpg 1080w\" sizes=\"(max-width: 768px) 100vw, 768px\" \/><figcaption>Descri\u00e7\u00e3o da imagem: Card horizontal e colorido em formato quadrado. Centralizado, o texto: \u201cEstabelecendo uma organiza\u00e7\u00e3o para os estudos\u201d, na cor preta e roxa. Abaixo, ilustra\u00e7\u00e3o de tr\u00eas mulheres, duas sentadas e uma em p\u00e9. Olham para uma l\u00e2mpada no centro. Uma das mulheres segura dois livros e h\u00e1 outro sobre a mesa. Na parte inferior, o texto: \u201cSubdivis\u00e3o de Apoio \u00e0 Aprendizagem. CAEd &#8211; PROGRAD\u201d e bras\u00e3o da UFSM. O card possui fundo branco com as laterais amarelas.<\/figcaption><\/figure>\n<\/div>\n\n<div class=\"wp-block-image\">\n<figure class=\"aligncenter size-large is-resized\"><img decoding=\"async\" src=\"https:\/\/www.ufsm.br\/app\/uploads\/sites\/391\/2022\/11\/2-1024x1024.png\" alt=\"\" class=\"wp-image-5769\" width=\"768\" height=\"768\" srcset=\"https:\/\/www.ufsm.br\/app\/uploads\/sites\/391\/2022\/11\/2-1024x1024.png 1024w, https:\/\/www.ufsm.br\/app\/uploads\/sites\/391\/2022\/11\/2-300x300.png 300w, https:\/\/www.ufsm.br\/app\/uploads\/sites\/391\/2022\/11\/2-150x150.png 150w, https:\/\/www.ufsm.br\/app\/uploads\/sites\/391\/2022\/11\/2-768x768.png 768w, https:\/\/www.ufsm.br\/app\/uploads\/sites\/391\/2022\/11\/2.png 1080w\" sizes=\"(max-width: 768px) 100vw, 768px\" \/><figcaption>Descri\u00e7\u00e3o da imagem: Centralizado, o texto: \u201cFa\u00e7a um check list\u201d, na cor preta. Abaixo: \u201cNo domingo, organize seu check list para a semana. Separe os materiais que ser\u00e3o necess\u00e1rios, organize os textos que precisar\u00e1 ler, anote as datas das avalia\u00e7\u00f5es e dias de estudo para cada conte\u00fado, estabele\u00e7a prioridades, defina metas e datas a serem cumpridas\u201d, na cor roxa. Na parte inferior direita, ilustra\u00e7\u00e3o de calend\u00e1rio.<\/figcaption><\/figure>\n<\/div>\n\n<div class=\"wp-block-image\">\n<figure class=\"aligncenter size-large is-resized\"><img decoding=\"async\" src=\"https:\/\/www.ufsm.br\/app\/uploads\/sites\/391\/2022\/11\/3-1024x1024.png\" alt=\"\" class=\"wp-image-5770\" width=\"768\" height=\"768\" srcset=\"https:\/\/www.ufsm.br\/app\/uploads\/sites\/391\/2022\/11\/3-1024x1024.png 1024w, https:\/\/www.ufsm.br\/app\/uploads\/sites\/391\/2022\/11\/3-300x300.png 300w, https:\/\/www.ufsm.br\/app\/uploads\/sites\/391\/2022\/11\/3-150x150.png 150w, https:\/\/www.ufsm.br\/app\/uploads\/sites\/391\/2022\/11\/3-768x768.png 768w, https:\/\/www.ufsm.br\/app\/uploads\/sites\/391\/2022\/11\/3.png 1080w\" sizes=\"(max-width: 768px) 100vw, 768px\" \/><figcaption>Descri\u00e7\u00e3o da imagem: Centralizado, o texto: \u201cEscolha o local\u201d, na cor preta. Abaixo: \u201cTer um local organizado facilita o estudo, pois voc\u00ea evita perder tempo procurando materiais. Assim, voc\u00ea agiliza o seu aprendizado e diminui a possibilidade de procrastina\u00e7\u00e3o\u201d, na cor roxa. Abaixo, ilustra\u00e7\u00e3o de uma escrivaninha com computador e livros.<\/figcaption><\/figure>\n<\/div>\n\n<div class=\"wp-block-image\">\n<figure class=\"aligncenter size-large is-resized\"><img loading=\"lazy\" decoding=\"async\" src=\"https:\/\/www.ufsm.br\/app\/uploads\/sites\/391\/2022\/11\/4-1024x1024.png\" alt=\"\" class=\"wp-image-5771\" width=\"768\" height=\"768\" srcset=\"https:\/\/www.ufsm.br\/app\/uploads\/sites\/391\/2022\/11\/4-1024x1024.png 1024w, https:\/\/www.ufsm.br\/app\/uploads\/sites\/391\/2022\/11\/4-300x300.png 300w, https:\/\/www.ufsm.br\/app\/uploads\/sites\/391\/2022\/11\/4-150x150.png 150w, https:\/\/www.ufsm.br\/app\/uploads\/sites\/391\/2022\/11\/4-768x768.png 768w, https:\/\/www.ufsm.br\/app\/uploads\/sites\/391\/2022\/11\/4.png 1080w\" sizes=\"(max-width: 768px) 100vw, 768px\" \/><figcaption>Descri\u00e7\u00e3o da imagem: Centralizado, o texto: \u201c\u00c9 hora de estudar\u201d, na cor preta. Abaixo: \u201cTenha a sua volta somente o essencial; atente-se para a luminosidade, conforto, temperatura e higiene do local de estudo; elimine ru\u00eddos e desligue-se das redes sociais\u201d, na cor roxa. Abaixo, ilustra\u00e7\u00e3o do \u00edcone da rede Wi-Fi com s\u00edmbolo de proibido.<\/figcaption><\/figure>\n<\/div>\n\n<div class=\"wp-block-image\">\n<figure class=\"aligncenter size-large is-resized\"><img loading=\"lazy\" decoding=\"async\" src=\"https:\/\/www.ufsm.br\/app\/uploads\/sites\/391\/2022\/11\/5-6-1024x1024.jpg\" alt=\"\" class=\"wp-image-5772\" width=\"768\" height=\"768\" srcset=\"https:\/\/www.ufsm.br\/app\/uploads\/sites\/391\/2022\/11\/5-6-1024x1024.jpg 1024w, https:\/\/www.ufsm.br\/app\/uploads\/sites\/391\/2022\/11\/5-6-300x300.jpg 300w, https:\/\/www.ufsm.br\/app\/uploads\/sites\/391\/2022\/11\/5-6-150x150.jpg 150w, https:\/\/www.ufsm.br\/app\/uploads\/sites\/391\/2022\/11\/5-6-768x768.jpg 768w, https:\/\/www.ufsm.br\/app\/uploads\/sites\/391\/2022\/11\/5-6.jpg 1080w\" sizes=\"(max-width: 768px) 100vw, 768px\" \/><figcaption>Descri\u00e7\u00e3o da imagem: Centralizado, bras\u00e3o da UFSM. Abaixo, o texto: \u201cConte com a CAEd para te ajudar nesse processo e\u201d, na cor roxa. Abaixo: \u201cBons estudos!\u201d, na cor preta. Abaixo, ilustra\u00e7\u00e3o de tr\u00eas mulheres, duas sentadas e uma em p\u00e9. Olham para uma l\u00e2mpada no centro. Uma das mulheres segura dois livros e h\u00e1 outro sobre a mesa.<\/figcaption><\/figure>\n<\/div>","protected":false},"excerpt":{"rendered":"<p>Voc\u00ea precisa estudar e n\u00e3o sabe por onde come\u00e7ar? Ent\u00e3o, confira as dicas que a Subdivis\u00e3o de Apoio \u00e0 Aprendizagem (CAEd-PROGRAD) preparou para voc\u00ea estabelecer uma organiza\u00e7\u00e3o para os estudos.<\/p>\n","protected":false},"author":281,"featured_media":0,"comment_status":"closed","ping_status":"closed","sticky":false,"template":"","format":"standard","meta":{"footnotes":""},"categories":[45,1],"tags":[],"class_list":["post-5767","post","type-post","status-publish","format-standard","hentry","category-noticias-anima","category-sem-categoria"],"acf":[],"_links":{"self":[{"href":"https:\/\/www.ufsm.br\/pro-reitorias\/prograd\/caed\/wp-json\/wp\/v2\/posts\/5767","targetHints":{"allow":["GET"]}}],"collection":[{"href":"https:\/\/www.ufsm.br\/pro-reitorias\/prograd\/caed\/wp-json\/wp\/v2\/posts"}],"about":[{"href":"https:\/\/www.ufsm.br\/pro-reitorias\/prograd\/caed\/wp-json\/wp\/v2\/types\/post"}],"author":[{"embeddable":true,"href":"https:\/\/www.ufsm.br\/pro-reitorias\/prograd\/caed\/wp-json\/wp\/v2\/users\/281"}],"replies":[{"embeddable":true,"href":"https:\/\/www.ufsm.br\/pro-reitorias\/prograd\/caed\/wp-json\/wp\/v2\/comments?post=5767"}],"version-history":[{"count":0,"href":"https:\/\/www.ufsm.br\/pro-reitorias\/prograd\/caed\/wp-json\/wp\/v2\/posts\/5767\/revisions"}],"wp:attachment":[{"href":"https:\/\/www.ufsm.br\/pro-reitorias\/prograd\/caed\/wp-json\/wp\/v2\/media?parent=5767"}],"wp:term":[{"taxonomy":"category","embeddable":true,"href":"https:\/\/www.ufsm.br\/pro-reitorias\/prograd\/caed\/wp-json\/wp\/v2\/categories?post=5767"},{"taxonomy":"post_tag","embeddable":true,"href":"https:\/\/www.ufsm.br\/pro-reitorias\/prograd\/caed\/wp-json\/wp\/v2\/tags?post=5767"}],"curies":[{"name":"wp","href":"https:\/\/api.w.org\/{rel}","templated":true}]}}