{"id":5808,"date":"2022-12-12T10:28:12","date_gmt":"2022-12-12T13:28:12","guid":{"rendered":"https:\/\/www.ufsm.br\/pro-reitorias\/prograd\/caed\/?p=5808"},"modified":"2022-12-12T10:30:09","modified_gmt":"2022-12-12T13:30:09","slug":"resultado-da-selecao-de-tutores-cursos-de-aee-e-aee-ah","status":"publish","type":"post","link":"https:\/\/www.ufsm.br\/pro-reitorias\/prograd\/caed\/2022\/12\/12\/resultado-da-selecao-de-tutores-cursos-de-aee-e-aee-ah","title":{"rendered":"Resultado da sele\u00e7\u00e3o de tutores para os Cursos de AEE e AEE\/AH"},"content":{"rendered":"\n<p>A Coordenadoria de A\u00e7\u00f5es Educacionais (CAEd-PROGRAD\/UFSM) divulga o resultado da sele\u00e7\u00e3o para tutores dos <strong>Cursos de Servi\u00e7o de Atendimento Educacional Especializado<\/strong> e <strong>Servi\u00e7o de<\/strong> <strong style=\"color: initial\">Atendimento Educacional Especializado para o educando com Altas Habilidades\/Superdota\u00e7\u00e3o.<\/strong><\/p>\n<p>Confira o resultado <a href=\"https:\/\/www.ufsm.br\/app\/uploads\/sites\/391\/2022\/12\/RESULTADO-DO-EDITAL-07-SELECAO-DE-TUTORES-PARA-OS-CURSOS-DE-SERVICO-DE-ATENDIMENTO-EDUCACIONAL-ESPECIALIZADO.pdf\"><strong>AQUI<\/strong><\/a>.<\/p>\n","protected":false},"excerpt":{"rendered":"<p>A Coordenadoria de A\u00e7\u00f5es Educacionais (CAEd-PROGRAD\/UFSM) divulga o resultado da sele\u00e7\u00e3o para tutores dos Cursos de Servi\u00e7o de Atendimento Educacional Especializado e Servi\u00e7o de Atendimento Educacional Especializado para o educando com Altas Habilidades\/Superdota\u00e7\u00e3o. Confira o resultado AQUI.<\/p>\n","protected":false},"author":281,"featured_media":0,"comment_status":"closed","ping_status":"closed","sticky":false,"template":"","format":"standard","meta":{"footnotes":""},"categories":[1],"tags":[],"class_list":["post-5808","post","type-post","status-publish","format-standard","hentry","category-sem-categoria"],"acf":[],"_links":{"self":[{"href":"https:\/\/www.ufsm.br\/pro-reitorias\/prograd\/caed\/wp-json\/wp\/v2\/posts\/5808","targetHints":{"allow":["GET"]}}],"collection":[{"href":"https:\/\/www.ufsm.br\/pro-reitorias\/prograd\/caed\/wp-json\/wp\/v2\/posts"}],"about":[{"href":"https:\/\/www.ufsm.br\/pro-reitorias\/prograd\/caed\/wp-json\/wp\/v2\/types\/post"}],"author":[{"embeddable":true,"href":"https:\/\/www.ufsm.br\/pro-reitorias\/prograd\/caed\/wp-json\/wp\/v2\/users\/281"}],"replies":[{"embeddable":true,"href":"https:\/\/www.ufsm.br\/pro-reitorias\/prograd\/caed\/wp-json\/wp\/v2\/comments?post=5808"}],"version-history":[{"count":0,"href":"https:\/\/www.ufsm.br\/pro-reitorias\/prograd\/caed\/wp-json\/wp\/v2\/posts\/5808\/revisions"}],"wp:attachment":[{"href":"https:\/\/www.ufsm.br\/pro-reitorias\/prograd\/caed\/wp-json\/wp\/v2\/media?parent=5808"}],"wp:term":[{"taxonomy":"category","embeddable":true,"href":"https:\/\/www.ufsm.br\/pro-reitorias\/prograd\/caed\/wp-json\/wp\/v2\/categories?post=5808"},{"taxonomy":"post_tag","embeddable":true,"href":"https:\/\/www.ufsm.br\/pro-reitorias\/prograd\/caed\/wp-json\/wp\/v2\/tags?post=5808"}],"curies":[{"name":"wp","href":"https:\/\/api.w.org\/{rel}","templated":true}]}}