{"id":6016,"date":"2023-04-04T09:38:01","date_gmt":"2023-04-04T12:38:01","guid":{"rendered":"https:\/\/www.ufsm.br\/pro-reitorias\/prograd\/caed\/?p=6016"},"modified":"2023-04-04T09:40:20","modified_gmt":"2023-04-04T12:40:20","slug":"resultado-candidatos-classificados-bolsistas-de-graduacao","status":"publish","type":"post","link":"https:\/\/www.ufsm.br\/pro-reitorias\/prograd\/caed\/2023\/04\/04\/resultado-candidatos-classificados-bolsistas-de-graduacao","title":{"rendered":"RESULTADO &#8211; CANDIDATOS CLASSIFICADOS BOLSISTAS DE GRADUA\u00c7\u00c3O"},"content":{"rendered":"\n<p>EDITAL N\u00ba 02\/2023 &#8211; CAEd<br \/>SELE\u00c7\u00c3O DE BOLSISTAS DE GRADUA\u00c7\u00c3O PARA SUBDIVIS\u00c3O DE ACESSIBILIDADE<\/p>\n<p><a href=\"https:\/\/www.ufsm.br\/app\/uploads\/sites\/391\/2023\/04\/Lista-classificados-bolsistas-graduacao-edital-02-2023.docx.pdf\">Lista classificados bolsistas gradua\u00e7\u00e3o edital 02 2023.docx<\/a><\/p>\n","protected":false},"excerpt":{"rendered":"<p>EDITAL N\u00ba 02\/2023 &#8211; CAEdSELE\u00c7\u00c3O DE BOLSISTAS DE GRADUA\u00c7\u00c3O PARA SUBDIVIS\u00c3O DE ACESSIBILIDADE Lista classificados bolsistas gradua\u00e7\u00e3o edital 02 2023.docx<\/p>\n","protected":false},"author":5008,"featured_media":0,"comment_status":"closed","ping_status":"closed","sticky":false,"template":"","format":"standard","meta":{"footnotes":""},"categories":[1],"tags":[],"class_list":["post-6016","post","type-post","status-publish","format-standard","hentry","category-sem-categoria"],"acf":[],"_links":{"self":[{"href":"https:\/\/www.ufsm.br\/pro-reitorias\/prograd\/caed\/wp-json\/wp\/v2\/posts\/6016","targetHints":{"allow":["GET"]}}],"collection":[{"href":"https:\/\/www.ufsm.br\/pro-reitorias\/prograd\/caed\/wp-json\/wp\/v2\/posts"}],"about":[{"href":"https:\/\/www.ufsm.br\/pro-reitorias\/prograd\/caed\/wp-json\/wp\/v2\/types\/post"}],"author":[{"embeddable":true,"href":"https:\/\/www.ufsm.br\/pro-reitorias\/prograd\/caed\/wp-json\/wp\/v2\/users\/5008"}],"replies":[{"embeddable":true,"href":"https:\/\/www.ufsm.br\/pro-reitorias\/prograd\/caed\/wp-json\/wp\/v2\/comments?post=6016"}],"version-history":[{"count":0,"href":"https:\/\/www.ufsm.br\/pro-reitorias\/prograd\/caed\/wp-json\/wp\/v2\/posts\/6016\/revisions"}],"wp:attachment":[{"href":"https:\/\/www.ufsm.br\/pro-reitorias\/prograd\/caed\/wp-json\/wp\/v2\/media?parent=6016"}],"wp:term":[{"taxonomy":"category","embeddable":true,"href":"https:\/\/www.ufsm.br\/pro-reitorias\/prograd\/caed\/wp-json\/wp\/v2\/categories?post=6016"},{"taxonomy":"post_tag","embeddable":true,"href":"https:\/\/www.ufsm.br\/pro-reitorias\/prograd\/caed\/wp-json\/wp\/v2\/tags?post=6016"}],"curies":[{"name":"wp","href":"https:\/\/api.w.org\/{rel}","templated":true}]}}