{"id":6115,"date":"2023-05-30T14:16:32","date_gmt":"2023-05-30T17:16:32","guid":{"rendered":"https:\/\/www.ufsm.br\/pro-reitorias\/prograd\/caed\/?p=6115"},"modified":"2023-05-30T14:17:08","modified_gmt":"2023-05-30T17:17:08","slug":"lancamento-da-cartilha-estudos-rotina-e-saude-mental-aprendendo-com-a-pandemia","status":"publish","type":"post","link":"https:\/\/www.ufsm.br\/pro-reitorias\/prograd\/caed\/2023\/05\/30\/lancamento-da-cartilha-estudos-rotina-e-saude-mental-aprendendo-com-a-pandemia","title":{"rendered":"Acesso \u00e0 Cartilha &#8220;Estudos, rotina e sa\u00fade Mental: aprendendo com a pandemia&#8221;"},"content":{"rendered":"\n<p>Durante a pandemia, a Coordenadoria de A\u00e7\u00f5es Educacionais buscou produzir materiais que auxiliassem estudantes e comunidade externa a manter boas pr\u00e1ticas de estudos e uma boa sa\u00fade. Alguns materiais foram reunidos na Cartilha &#8220;Estudos, rotina e sa\u00fade Mental: aprendendo com a pandemia&#8221;. Acesse no QR code abaixo ou clicando <strong><a href=\"https:\/\/repositorio.ufsm.br\/bitstream\/handle\/1\/28433\/Estudos%2C_rotina_e_sa%C3%BAde_mental_em_meio_%C3%A0_pandemia.pdf?sequence=1&amp;isAllowed=y\">AQUI.<\/a><\/strong><\/p>\n\n\n<div class=\"wp-block-image\">\n<figure class=\"aligncenter size-large\"><img fetchpriority=\"high\" decoding=\"async\" width=\"1024\" height=\"1024\" src=\"https:\/\/www.ufsm.br\/app\/uploads\/sites\/391\/2023\/05\/No-dia-12-de-maio-de-2023-foi-lancada-na-Feira-do-Livro-de-Santa-Maria-a-Cartilha-3-1-1024x1024.jpg\" alt=\"\" class=\"wp-image-6114\" srcset=\"https:\/\/www.ufsm.br\/app\/uploads\/sites\/391\/2023\/05\/No-dia-12-de-maio-de-2023-foi-lancada-na-Feira-do-Livro-de-Santa-Maria-a-Cartilha-3-1-1024x1024.jpg 1024w, https:\/\/www.ufsm.br\/app\/uploads\/sites\/391\/2023\/05\/No-dia-12-de-maio-de-2023-foi-lancada-na-Feira-do-Livro-de-Santa-Maria-a-Cartilha-3-1-300x300.jpg 300w, https:\/\/www.ufsm.br\/app\/uploads\/sites\/391\/2023\/05\/No-dia-12-de-maio-de-2023-foi-lancada-na-Feira-do-Livro-de-Santa-Maria-a-Cartilha-3-1-150x150.jpg 150w, https:\/\/www.ufsm.br\/app\/uploads\/sites\/391\/2023\/05\/No-dia-12-de-maio-de-2023-foi-lancada-na-Feira-do-Livro-de-Santa-Maria-a-Cartilha-3-1-768x768.jpg 768w, https:\/\/www.ufsm.br\/app\/uploads\/sites\/391\/2023\/05\/No-dia-12-de-maio-de-2023-foi-lancada-na-Feira-do-Livro-de-Santa-Maria-a-Cartilha-3-1.jpg 1080w\" sizes=\"(max-width: 1024px) 100vw, 1024px\" \/><figcaption class=\"wp-element-caption\">Descri\u00e7\u00e3o de imagem: Card com fundo cinza, centralizado, o texto: \u201cNo dia 12\/05\/2023 aconteceu, na Feira do Livro de Santa Maria, o lan\u00e7amento da cartilha \u2018Estudos, rotina e sa\u00fade mental: aprendendo com a pandemia\u2019, produzida por profissionais da CAED-PROGRAD-UFSM\u201d. Abaixo, duas fotografias e um QR code, um ao lado do outro. A primeira fotografia \u00e9 de um livro roxo sobre uma mesa, abaixo escrito: \u201cEstudos, rotina e sa\u00fade mental: aprendendo com a pandemia\u201d; a segunda \u00e9 de uma mulher loira, usa blusa de manga longa na cor verde e uma cal\u00e7a jeans azul, segura o livro nas m\u00e3os, em frente a pain\u00e9is com o bras\u00e3o da UFSM e alguns textos, abaixo escrito: \u201cPsic\u00f3loga Ana J\u00falia Vicentini representando a CAED na feira\u201d, a seguir o QR code, abaixo escrito: \u201cCartilha digital\u201d. Centralizado, na parte inferior, o bras\u00e3o da UFSM e \u201cUFSM Coordenadoria de A\u00e7\u00f5es Educacionais\u201d ao lado.<\/figcaption><\/figure>\n<\/div>","protected":false},"excerpt":{"rendered":"<p>Durante a pandemia, a Coordenadoria de A\u00e7\u00f5es Educacionais buscou produzir materiais que auxiliassem estudantes e comunidade externa a manter boas pr\u00e1ticas de estudos e uma boa sa\u00fade. Alguns materiais foram reunidos na Cartilha &#8220;Estudos, rotina e sa\u00fade Mental: aprendendo com a pandemia&#8221;. Acesse no QR code abaixo ou clicando AQUI.<\/p>\n","protected":false},"author":281,"featured_media":0,"comment_status":"closed","ping_status":"closed","sticky":false,"template":"","format":"standard","meta":{"footnotes":""},"categories":[45],"tags":[],"class_list":["post-6115","post","type-post","status-publish","format-standard","hentry","category-noticias-anima"],"acf":[],"_links":{"self":[{"href":"https:\/\/www.ufsm.br\/pro-reitorias\/prograd\/caed\/wp-json\/wp\/v2\/posts\/6115","targetHints":{"allow":["GET"]}}],"collection":[{"href":"https:\/\/www.ufsm.br\/pro-reitorias\/prograd\/caed\/wp-json\/wp\/v2\/posts"}],"about":[{"href":"https:\/\/www.ufsm.br\/pro-reitorias\/prograd\/caed\/wp-json\/wp\/v2\/types\/post"}],"author":[{"embeddable":true,"href":"https:\/\/www.ufsm.br\/pro-reitorias\/prograd\/caed\/wp-json\/wp\/v2\/users\/281"}],"replies":[{"embeddable":true,"href":"https:\/\/www.ufsm.br\/pro-reitorias\/prograd\/caed\/wp-json\/wp\/v2\/comments?post=6115"}],"version-history":[{"count":0,"href":"https:\/\/www.ufsm.br\/pro-reitorias\/prograd\/caed\/wp-json\/wp\/v2\/posts\/6115\/revisions"}],"wp:attachment":[{"href":"https:\/\/www.ufsm.br\/pro-reitorias\/prograd\/caed\/wp-json\/wp\/v2\/media?parent=6115"}],"wp:term":[{"taxonomy":"category","embeddable":true,"href":"https:\/\/www.ufsm.br\/pro-reitorias\/prograd\/caed\/wp-json\/wp\/v2\/categories?post=6115"},{"taxonomy":"post_tag","embeddable":true,"href":"https:\/\/www.ufsm.br\/pro-reitorias\/prograd\/caed\/wp-json\/wp\/v2\/tags?post=6115"}],"curies":[{"name":"wp","href":"https:\/\/api.w.org\/{rel}","templated":true}]}}