{"id":6149,"date":"2023-08-08T10:34:25","date_gmt":"2023-08-08T13:34:25","guid":{"rendered":"https:\/\/www.ufsm.br\/pro-reitorias\/prograd\/caed\/?p=6149"},"modified":"2023-08-08T12:15:03","modified_gmt":"2023-08-08T15:15:03","slug":"caed-promove-grupos-e-oficinas-de-prevencao-e-promocao-a-saude-mental-dos-academicos-da-ufsm","status":"publish","type":"post","link":"https:\/\/www.ufsm.br\/pro-reitorias\/prograd\/caed\/2023\/08\/08\/caed-promove-grupos-e-oficinas-de-prevencao-e-promocao-a-saude-mental-dos-academicos-da-ufsm","title":{"rendered":"CAEd promove: Grupos e Oficinas de preven\u00e7\u00e3o e promo\u00e7\u00e3o \u00e0 sa\u00fade mental aos acad\u00eamicos da UFSM"},"content":{"rendered":"\n\n\n<p>A equipe educa\u00e7\u00e3o-sa\u00fade da CAEd promove a\u00e7\u00f5es de preven\u00e7\u00e3o e promo\u00e7\u00e3o \u00e0 sa\u00fade mental aos acad\u00eamicos da UFSM. Est\u00e3o sendo ofertados grupos e oficinas, com tem\u00e1ticas variadas, que est\u00e3o com inscri\u00e7\u00f5es abertas e as atividades iniciam a partir da pr\u00f3xima semana. Cada atividade tem seu formato de funcionamento e formul\u00e1rio de inscri\u00e7\u00e3o espec\u00edfico. As propostas podem ser conferidas na aba: Educa\u00e7\u00e3o-Sa\u00fade &#8211; Servi\u00e7os &#8211; Grupos e Oficinas.<\/p>\n<p>A\u00e7\u00f5es com inscri\u00e7\u00f5es abertas:<\/p>\n<p><b>\u2192Lidando com a Ansiedade no Ambiente Acad\u00eamico:\u00a0 <a href=\"https:\/\/forms.gle\/56JVgySjG7bfSohGA\">https:\/\/forms.gle\/56JVgySjG7bfSohGA<\/a><\/b><\/p>\n<p><b>\u2192Oficina de escrita e sa\u00fade mental: Um corpo de letras: <a href=\"https:\/\/forms.gle\/fDz7kSx9ycdgxe6fA\">https:\/\/forms.gle\/fDz7kSx9ycdgxe6fA<\/a><\/b><\/p>\n<p><b>\u2192 Oficina de autoconhecimento e promo\u00e7\u00e3o de sa\u00fade para universit\u00e1rios: <a href=\"https:\/\/forms.gle\/Q54iR4MzQu8tBc5K7\">https:\/\/forms.gle\/Q54iR4MzQu8tBc5K7<\/a><\/b><\/p>\n<p><b>\u2192 Oficina de Arte e Sa\u00fade Mental: Pincelando Afetos: <a href=\"https:\/\/forms.gle\/Juog5PNmZkZnaXGP8\">https:\/\/forms.gle\/Juog5PNmZkZnaXGP8<\/a><\/b><\/p>\n<p>\u00a0<\/p>\n<p>\u00a0<\/p>\n","protected":false},"excerpt":{"rendered":"<p>A equipe educa\u00e7\u00e3o-sa\u00fade da CAEd promove a\u00e7\u00f5es de preven\u00e7\u00e3o e promo\u00e7\u00e3o \u00e0 sa\u00fade mental aos acad\u00eamicos da UFSM. Est\u00e3o sendo ofertados grupos e oficinas, com tem\u00e1ticas variadas, que est\u00e3o com inscri\u00e7\u00f5es abertas e as atividades iniciam a partir da pr\u00f3xima semana. Cada atividade tem seu formato de funcionamento e formul\u00e1rio de inscri\u00e7\u00e3o espec\u00edfico. As propostas [&hellip;]<\/p>\n","protected":false},"author":3626,"featured_media":0,"comment_status":"closed","ping_status":"closed","sticky":false,"template":"","format":"standard","meta":{"footnotes":""},"categories":[1],"tags":[],"class_list":["post-6149","post","type-post","status-publish","format-standard","hentry","category-sem-categoria"],"acf":[],"_links":{"self":[{"href":"https:\/\/www.ufsm.br\/pro-reitorias\/prograd\/caed\/wp-json\/wp\/v2\/posts\/6149","targetHints":{"allow":["GET"]}}],"collection":[{"href":"https:\/\/www.ufsm.br\/pro-reitorias\/prograd\/caed\/wp-json\/wp\/v2\/posts"}],"about":[{"href":"https:\/\/www.ufsm.br\/pro-reitorias\/prograd\/caed\/wp-json\/wp\/v2\/types\/post"}],"author":[{"embeddable":true,"href":"https:\/\/www.ufsm.br\/pro-reitorias\/prograd\/caed\/wp-json\/wp\/v2\/users\/3626"}],"replies":[{"embeddable":true,"href":"https:\/\/www.ufsm.br\/pro-reitorias\/prograd\/caed\/wp-json\/wp\/v2\/comments?post=6149"}],"version-history":[{"count":0,"href":"https:\/\/www.ufsm.br\/pro-reitorias\/prograd\/caed\/wp-json\/wp\/v2\/posts\/6149\/revisions"}],"wp:attachment":[{"href":"https:\/\/www.ufsm.br\/pro-reitorias\/prograd\/caed\/wp-json\/wp\/v2\/media?parent=6149"}],"wp:term":[{"taxonomy":"category","embeddable":true,"href":"https:\/\/www.ufsm.br\/pro-reitorias\/prograd\/caed\/wp-json\/wp\/v2\/categories?post=6149"},{"taxonomy":"post_tag","embeddable":true,"href":"https:\/\/www.ufsm.br\/pro-reitorias\/prograd\/caed\/wp-json\/wp\/v2\/tags?post=6149"}],"curies":[{"name":"wp","href":"https:\/\/api.w.org\/{rel}","templated":true}]}}