{"id":6498,"date":"2024-09-12T16:15:40","date_gmt":"2024-09-12T19:15:40","guid":{"rendered":"https:\/\/www.ufsm.br\/pro-reitorias\/prograd\/caed\/?p=6498"},"modified":"2024-09-12T16:15:41","modified_gmt":"2024-09-12T19:15:41","slug":"bom-inicio-de-semestre-3","status":"publish","type":"post","link":"https:\/\/www.ufsm.br\/pro-reitorias\/prograd\/caed\/2024\/09\/12\/bom-inicio-de-semestre-3","title":{"rendered":"Bom in\u00edcio de semestre!"},"content":{"rendered":"\n<p><img fetchpriority=\"high\" decoding=\"async\" class=\"aligncenter wp-image-6499 size-large\" src=\"https:\/\/www.ufsm.br\/app\/uploads\/sites\/391\/2024\/09\/CARD-BOAS-VINDAS-20242-1024x1024.jpg\" alt=\"Card em formato quadrado e fundo branco. Centralizado no meio do card, em letras ampliadas, &quot;Bom in\u00edcio de semestre!&quot;. Abaixo, &quot;Que o per\u00edodo que se inicia seja de muitas aprendizagens, intera\u00e7\u00f5es e descobertas&quot;. Centralizado na parte superior do card,  logo da CAED contendo bras\u00e3o da UFSM, &quot;UFSM&quot; &quot;Coordenadoria de A\u00e7\u00f5es Educacionais&quot;. Na parte inferior do card, &quot;Subdivis\u00e3o de Apoio \u00e0 Aprendizagem CAEd\/PROGRAD&quot;. No canto superior esquerdo e na parte inferior, meio c\u00edrculo na cor azul.\" width=\"1024\" height=\"1024\" srcset=\"https:\/\/www.ufsm.br\/app\/uploads\/sites\/391\/2024\/09\/CARD-BOAS-VINDAS-20242-1024x1024.jpg 1024w, https:\/\/www.ufsm.br\/app\/uploads\/sites\/391\/2024\/09\/CARD-BOAS-VINDAS-20242-300x300.jpg 300w, https:\/\/www.ufsm.br\/app\/uploads\/sites\/391\/2024\/09\/CARD-BOAS-VINDAS-20242-150x150.jpg 150w, https:\/\/www.ufsm.br\/app\/uploads\/sites\/391\/2024\/09\/CARD-BOAS-VINDAS-20242-768x768.jpg 768w, https:\/\/www.ufsm.br\/app\/uploads\/sites\/391\/2024\/09\/CARD-BOAS-VINDAS-20242.jpg 1080w\" sizes=\"(max-width: 1024px) 100vw, 1024px\" \/><\/p>\n","protected":false},"excerpt":{"rendered":"","protected":false},"author":281,"featured_media":0,"comment_status":"closed","ping_status":"closed","sticky":false,"template":"","format":"standard","meta":{"footnotes":""},"categories":[45],"tags":[],"class_list":["post-6498","post","type-post","status-publish","format-standard","hentry","category-noticias-anima"],"acf":[],"_links":{"self":[{"href":"https:\/\/www.ufsm.br\/pro-reitorias\/prograd\/caed\/wp-json\/wp\/v2\/posts\/6498","targetHints":{"allow":["GET"]}}],"collection":[{"href":"https:\/\/www.ufsm.br\/pro-reitorias\/prograd\/caed\/wp-json\/wp\/v2\/posts"}],"about":[{"href":"https:\/\/www.ufsm.br\/pro-reitorias\/prograd\/caed\/wp-json\/wp\/v2\/types\/post"}],"author":[{"embeddable":true,"href":"https:\/\/www.ufsm.br\/pro-reitorias\/prograd\/caed\/wp-json\/wp\/v2\/users\/281"}],"replies":[{"embeddable":true,"href":"https:\/\/www.ufsm.br\/pro-reitorias\/prograd\/caed\/wp-json\/wp\/v2\/comments?post=6498"}],"version-history":[{"count":0,"href":"https:\/\/www.ufsm.br\/pro-reitorias\/prograd\/caed\/wp-json\/wp\/v2\/posts\/6498\/revisions"}],"wp:attachment":[{"href":"https:\/\/www.ufsm.br\/pro-reitorias\/prograd\/caed\/wp-json\/wp\/v2\/media?parent=6498"}],"wp:term":[{"taxonomy":"category","embeddable":true,"href":"https:\/\/www.ufsm.br\/pro-reitorias\/prograd\/caed\/wp-json\/wp\/v2\/categories?post=6498"},{"taxonomy":"post_tag","embeddable":true,"href":"https:\/\/www.ufsm.br\/pro-reitorias\/prograd\/caed\/wp-json\/wp\/v2\/tags?post=6498"}],"curies":[{"name":"wp","href":"https:\/\/api.w.org\/{rel}","templated":true}]}}