{"id":6713,"date":"2025-05-12T14:59:30","date_gmt":"2025-05-12T17:59:30","guid":{"rendered":"https:\/\/www.ufsm.br\/pro-reitorias\/prograd\/caed\/?p=6713"},"modified":"2025-05-12T15:03:21","modified_gmt":"2025-05-12T18:03:21","slug":"edital-07-2025-bolsistas-de-pos-graduacao-cursos-de-psicologia-enfermagem-e-servico-social","status":"publish","type":"post","link":"https:\/\/www.ufsm.br\/pro-reitorias\/prograd\/caed\/2025\/05\/12\/edital-07-2025-bolsistas-de-pos-graduacao-cursos-de-psicologia-enfermagem-e-servico-social","title":{"rendered":"EDITAL 07\/2025 \u2013 BOLSISTAS DE P\u00d3S-GRADUA\u00c7\u00c3O \u2013 CURSOS DE PSICOLOGIA, ENFERMAGEM E SERVI\u00c7O SOCIAL"},"content":{"rendered":"\n<p>A Coordenadoria de A\u00e7\u00f5es Educacionais (CAEd-PROGRAD\/UFSM) divulga a abertura de inscri\u00e7\u00f5es para o Edital 07\/2025, que visa selecionar bolsistas de p\u00f3s-gradua\u00e7\u00e3o oriundos dos cursos Psicologia, Enfermagem e Servi\u00e7o Social.\u00a0<\/p>\n<p><a href=\"https:\/\/www.ufsm.br\/app\/uploads\/sites\/391\/2025\/05\/EDITAL-007-2025.pdf\">EDITAL 007 2025 &#8211; BOLSISTAS DE P\u00d3S-GRADUA\u00c7\u00c3O<\/a><\/p>\n\n\n\n\n\n\n","protected":false},"excerpt":{"rendered":"<p>A Coordenadoria de A\u00e7\u00f5es Educacionais (CAEd-PROGRAD\/UFSM) divulga a abertura de inscri\u00e7\u00f5es para o Edital 07\/2025, que visa selecionar bolsistas de p\u00f3s-gradua\u00e7\u00e3o oriundos dos cursos Psicologia, Enfermagem e Servi\u00e7o Social.\u00a0 EDITAL 007 2025 &#8211; BOLSISTAS DE P\u00d3S-GRADUA\u00c7\u00c3O<\/p>\n","protected":false},"author":252,"featured_media":0,"comment_status":"closed","ping_status":"closed","sticky":false,"template":"","format":"standard","meta":{"footnotes":""},"categories":[1],"tags":[],"class_list":["post-6713","post","type-post","status-publish","format-standard","hentry","category-sem-categoria"],"acf":[],"_links":{"self":[{"href":"https:\/\/www.ufsm.br\/pro-reitorias\/prograd\/caed\/wp-json\/wp\/v2\/posts\/6713","targetHints":{"allow":["GET"]}}],"collection":[{"href":"https:\/\/www.ufsm.br\/pro-reitorias\/prograd\/caed\/wp-json\/wp\/v2\/posts"}],"about":[{"href":"https:\/\/www.ufsm.br\/pro-reitorias\/prograd\/caed\/wp-json\/wp\/v2\/types\/post"}],"author":[{"embeddable":true,"href":"https:\/\/www.ufsm.br\/pro-reitorias\/prograd\/caed\/wp-json\/wp\/v2\/users\/252"}],"replies":[{"embeddable":true,"href":"https:\/\/www.ufsm.br\/pro-reitorias\/prograd\/caed\/wp-json\/wp\/v2\/comments?post=6713"}],"version-history":[{"count":0,"href":"https:\/\/www.ufsm.br\/pro-reitorias\/prograd\/caed\/wp-json\/wp\/v2\/posts\/6713\/revisions"}],"wp:attachment":[{"href":"https:\/\/www.ufsm.br\/pro-reitorias\/prograd\/caed\/wp-json\/wp\/v2\/media?parent=6713"}],"wp:term":[{"taxonomy":"category","embeddable":true,"href":"https:\/\/www.ufsm.br\/pro-reitorias\/prograd\/caed\/wp-json\/wp\/v2\/categories?post=6713"},{"taxonomy":"post_tag","embeddable":true,"href":"https:\/\/www.ufsm.br\/pro-reitorias\/prograd\/caed\/wp-json\/wp\/v2\/tags?post=6713"}],"curies":[{"name":"wp","href":"https:\/\/api.w.org\/{rel}","templated":true}]}}