{"id":6824,"date":"2025-08-05T15:55:00","date_gmt":"2025-08-05T18:55:00","guid":{"rendered":"https:\/\/www.ufsm.br\/pro-reitorias\/prograd\/caed\/?p=6824"},"modified":"2025-08-05T15:57:30","modified_gmt":"2025-08-05T18:57:30","slug":"edital-012-2025-bolsistas-de-pos-graduacao-com-formacao-em-educacao-especial-psicologia-terapia-ocupacional-fonoaudiologia-e-pedagogia","status":"publish","type":"post","link":"https:\/\/www.ufsm.br\/pro-reitorias\/prograd\/caed\/2025\/08\/05\/edital-012-2025-bolsistas-de-pos-graduacao-com-formacao-em-educacao-especial-psicologia-terapia-ocupacional-fonoaudiologia-e-pedagogia","title":{"rendered":"EDITAL 012\/2025 &#8211; BOLSISTAS DE P\u00d3S-GRADUA\u00c7\u00c3O COM FORMA\u00c7\u00c3O EM EDUCA\u00c7\u00c3O ESPECIAL, PSICOLOGIA, TERAPIA OCUPACIONAL, FONOAUDIOLOGIA E PEDAGOGIA"},"content":{"rendered":"\n<p>A Coordenadoria de A\u00e7\u00f5es Educacionais (CAEd-PROGRAD\/UFSM) divulga a abertura de inscri\u00e7\u00f5es para o Edital 012\/2025, que visa selecionar bolsistas de p\u00f3s-gradua\u00e7\u00e3o oriundos dos cursos de Educa\u00e7\u00e3o Especial, Psicologia, Terapia Ocupacional, Fonoaudiologia e Pedagogia.\u00a0<\/p>\n<p>Para maiores informa\u00e7\u00f5es, acesso o link abaixo:<\/p>\n<p><a href=\"https:\/\/www.ufsm.br\/app\/uploads\/sites\/391\/2025\/08\/EDITAL-012-2025-EDUCACAO-ESPECIAL-PSICOLOGIA-TERAPIA-OCUPACIONAL-FONOAUDIOLOGIA-E-PEDAGOGIA.pdf\">EDITAL 012 2025 EDUCA\u00c7\u00c3O ESPECIAL, PSICOLOGIA, TERAPIA OCUPACIONAL, FONOAUDIOLOGIA E PEDAGOGIA<\/a><\/p>\n\n\n","protected":false},"excerpt":{"rendered":"<p>A Coordenadoria de A\u00e7\u00f5es Educacionais (CAEd-PROGRAD\/UFSM) divulga a abertura de inscri\u00e7\u00f5es para o Edital 012\/2025, que visa selecionar bolsistas de p\u00f3s-gradua\u00e7\u00e3o oriundos dos cursos de Educa\u00e7\u00e3o Especial, Psicologia, Terapia Ocupacional, Fonoaudiologia e Pedagogia.\u00a0 Para maiores informa\u00e7\u00f5es, acesso o link abaixo: EDITAL 012 2025 EDUCA\u00c7\u00c3O ESPECIAL, PSICOLOGIA, TERAPIA OCUPACIONAL, FONOAUDIOLOGIA E PEDAGOGIA<\/p>\n","protected":false},"author":252,"featured_media":0,"comment_status":"closed","ping_status":"closed","sticky":false,"template":"","format":"standard","meta":{"footnotes":""},"categories":[1],"tags":[],"class_list":["post-6824","post","type-post","status-publish","format-standard","hentry","category-sem-categoria"],"acf":[],"_links":{"self":[{"href":"https:\/\/www.ufsm.br\/pro-reitorias\/prograd\/caed\/wp-json\/wp\/v2\/posts\/6824","targetHints":{"allow":["GET"]}}],"collection":[{"href":"https:\/\/www.ufsm.br\/pro-reitorias\/prograd\/caed\/wp-json\/wp\/v2\/posts"}],"about":[{"href":"https:\/\/www.ufsm.br\/pro-reitorias\/prograd\/caed\/wp-json\/wp\/v2\/types\/post"}],"author":[{"embeddable":true,"href":"https:\/\/www.ufsm.br\/pro-reitorias\/prograd\/caed\/wp-json\/wp\/v2\/users\/252"}],"replies":[{"embeddable":true,"href":"https:\/\/www.ufsm.br\/pro-reitorias\/prograd\/caed\/wp-json\/wp\/v2\/comments?post=6824"}],"version-history":[{"count":0,"href":"https:\/\/www.ufsm.br\/pro-reitorias\/prograd\/caed\/wp-json\/wp\/v2\/posts\/6824\/revisions"}],"wp:attachment":[{"href":"https:\/\/www.ufsm.br\/pro-reitorias\/prograd\/caed\/wp-json\/wp\/v2\/media?parent=6824"}],"wp:term":[{"taxonomy":"category","embeddable":true,"href":"https:\/\/www.ufsm.br\/pro-reitorias\/prograd\/caed\/wp-json\/wp\/v2\/categories?post=6824"},{"taxonomy":"post_tag","embeddable":true,"href":"https:\/\/www.ufsm.br\/pro-reitorias\/prograd\/caed\/wp-json\/wp\/v2\/tags?post=6824"}],"curies":[{"name":"wp","href":"https:\/\/api.w.org\/{rel}","templated":true}]}}