{"id":6893,"date":"2025-09-09T19:11:16","date_gmt":"2025-09-09T22:11:16","guid":{"rendered":"https:\/\/www.ufsm.br\/pro-reitorias\/prograd\/caed\/?p=6893"},"modified":"2025-09-11T09:35:58","modified_gmt":"2025-09-11T12:35:58","slug":"edital-017-2025-bolsistas-oriundos-do-curso-tecnico-de-paisagismo","status":"publish","type":"post","link":"https:\/\/www.ufsm.br\/pro-reitorias\/prograd\/caed\/2025\/09\/09\/edital-017-2025-bolsistas-oriundos-do-curso-tecnico-de-paisagismo","title":{"rendered":"EDITAL 017\/2025 &#8211; BOLSISTAS ORIUNDOS DO CURSO T\u00c9CNICO DE PAISAGISMO"},"content":{"rendered":"\n<p>A Coordenadoria de A\u00e7\u00f5es Educacionais (CAEd-PROGRAD\/UFSM) divulga a reabertura de inscri\u00e7\u00f5es para o Edital 017\/2025, que visa selecionar bolsistas oriundos do curso T\u00e9cnico em Paisagismo.<\/p>\n<p><a href=\"https:\/\/www.ufsm.br\/app\/uploads\/sites\/391\/2025\/09\/EDITAL-017-2025-SELECAO-DE-BOLSISTAS-DO-CURSO-TECNICO-DE-PAISAGISMO.pdf\">EDITAL 017 2025 SELE\u00c7\u00c3O DE BOLSISTAS DO CURSO T\u00c9CNICO DE PAISAGISMO<\/a><\/p>\n","protected":false},"excerpt":{"rendered":"<p>A Coordenadoria de A\u00e7\u00f5es Educacionais (CAEd-PROGRAD\/UFSM) divulga a reabertura de inscri\u00e7\u00f5es para o Edital 017\/2025, que visa selecionar bolsistas oriundos do curso T\u00e9cnico em Paisagismo. EDITAL 017 2025 SELE\u00c7\u00c3O DE BOLSISTAS DO CURSO T\u00c9CNICO DE PAISAGISMO<\/p>\n","protected":false},"author":252,"featured_media":0,"comment_status":"closed","ping_status":"closed","sticky":false,"template":"","format":"standard","meta":{"footnotes":""},"categories":[1],"tags":[],"class_list":["post-6893","post","type-post","status-publish","format-standard","hentry","category-sem-categoria"],"acf":[],"_links":{"self":[{"href":"https:\/\/www.ufsm.br\/pro-reitorias\/prograd\/caed\/wp-json\/wp\/v2\/posts\/6893","targetHints":{"allow":["GET"]}}],"collection":[{"href":"https:\/\/www.ufsm.br\/pro-reitorias\/prograd\/caed\/wp-json\/wp\/v2\/posts"}],"about":[{"href":"https:\/\/www.ufsm.br\/pro-reitorias\/prograd\/caed\/wp-json\/wp\/v2\/types\/post"}],"author":[{"embeddable":true,"href":"https:\/\/www.ufsm.br\/pro-reitorias\/prograd\/caed\/wp-json\/wp\/v2\/users\/252"}],"replies":[{"embeddable":true,"href":"https:\/\/www.ufsm.br\/pro-reitorias\/prograd\/caed\/wp-json\/wp\/v2\/comments?post=6893"}],"version-history":[{"count":0,"href":"https:\/\/www.ufsm.br\/pro-reitorias\/prograd\/caed\/wp-json\/wp\/v2\/posts\/6893\/revisions"}],"wp:attachment":[{"href":"https:\/\/www.ufsm.br\/pro-reitorias\/prograd\/caed\/wp-json\/wp\/v2\/media?parent=6893"}],"wp:term":[{"taxonomy":"category","embeddable":true,"href":"https:\/\/www.ufsm.br\/pro-reitorias\/prograd\/caed\/wp-json\/wp\/v2\/categories?post=6893"},{"taxonomy":"post_tag","embeddable":true,"href":"https:\/\/www.ufsm.br\/pro-reitorias\/prograd\/caed\/wp-json\/wp\/v2\/tags?post=6893"}],"curies":[{"name":"wp","href":"https:\/\/api.w.org\/{rel}","templated":true}]}}