{"id":6947,"date":"2025-11-14T07:40:23","date_gmt":"2025-11-14T10:40:23","guid":{"rendered":"https:\/\/www.ufsm.br\/pro-reitorias\/prograd\/caed\/?p=6947"},"modified":"2025-11-16T19:17:11","modified_gmt":"2025-11-16T22:17:11","slug":"roda-de-conversa-dialogos-com-estudantes-negros-pretos-e-pardos-5","status":"publish","type":"post","link":"https:\/\/www.ufsm.br\/pro-reitorias\/prograd\/caed\/2025\/11\/14\/roda-de-conversa-dialogos-com-estudantes-negros-pretos-e-pardos-5","title":{"rendered":"Roda de Conversa: Di\u00e1logos com Estudantes Negros (pretos e pardos)"},"content":{"rendered":"\n<hr class=\"wp-block-separator has-alpha-channel-opacity\" \/>\n\n\n\n<p style=\"text-align: justify\">A Universidade Federal de Santa Maria (UFSM) atrav\u00e9s da Coordenadoria de A\u00e7\u00f5es Educacionais\u00a0 CAEd-PROGRAD e da Subdivis\u00e3o de A\u00e7\u00f5es Afirmativas Sociais, \u00c9tnico-Raciais e Ind\u00edgenas convida os estudantes negros (pretos e pardos) para a Roda de Conversa: \u201cDi\u00e1logos com Estudantes Negros (pretos e pardos)\u201d, Edi\u00e7\u00e3o VI, \u201cDialogando sobre Epistemic\u00eddio, Interseccionalidade e Decolonialidade\u201d, que ser\u00e1 realizada no dia 17 de novembro, \u00e0s 17h30min. A Roda de Conversa ser\u00e1 realizada de forma h\u00edbrida (presencial e on-line) e as inscri\u00e7\u00f5es podem ser realizadas via formul\u00e1rio, no link: <a href=\"https:\/\/forms.gle\/WwrhgHxVgnUqMg6M8\">https:\/\/forms.gle\/WwrhgHxVgnUqMg6M8\u00a0<\/a><\/p>\n\n\n\n<p><img fetchpriority=\"high\" decoding=\"async\" class=\"alignnone wp-image-6949 size-full\" src=\"https:\/\/www.ufsm.br\/app\/uploads\/sites\/391\/2025\/11\/texto-9.jpg\" alt=\"\" width=\"1080\" height=\"1080\" srcset=\"https:\/\/www.ufsm.br\/app\/uploads\/sites\/391\/2025\/11\/texto-9.jpg 1080w, https:\/\/www.ufsm.br\/app\/uploads\/sites\/391\/2025\/11\/texto-9-300x300.jpg 300w, https:\/\/www.ufsm.br\/app\/uploads\/sites\/391\/2025\/11\/texto-9-1024x1024.jpg 1024w, https:\/\/www.ufsm.br\/app\/uploads\/sites\/391\/2025\/11\/texto-9-150x150.jpg 150w, https:\/\/www.ufsm.br\/app\/uploads\/sites\/391\/2025\/11\/texto-9-768x768.jpg 768w\" sizes=\"(max-width: 1080px) 100vw, 1080px\" \/><\/p>\n\n\n\n<p style=\"text-align: justify\">Descri\u00e7\u00e3o de imagem: imagem em formato quadrado, dividido entre imagem de arte africana, na parte superior \u00e0 direita, e informa\u00e7\u00f5es sobre o evento, ao lado direito. A imagem da arte africana consiste em tr\u00eas losangos coloridos, sendo que, da esquerda para a direita, observam-se as seguintes forma\u00e7\u00f5es de cores: o primeiro losango tem fundo vermelho, corpo laranja e n\u00facleo marrom; o segundo, tem fundo branco, corpo marrom e n\u00facleo laranja; o terceiro, tem fundo vermelho, corpo laranja e centro marrom. Acima e abaixo, h\u00e1 margens em preto que tocam os \u00e2ngulos; acima delas, h\u00e1 outras margens, formadas por linhas espessas intercaladas, nas cores vermelho e laranja. \u00c0 direita, sobre um fundo na cor bord\u00f4, h\u00e1 as seguintes informa\u00e7\u00f5es sobre o evento, em letras na cor bege, no sentido vertical: \u201cRoda de conversa\u201d. &#8220;Edi\u00e7\u00e3o VI&#8221;. \u201cDi\u00e1logos com estudantes negros (pretos e pardos)\u201d, \u201cDialogando sobre epistemic\u00eddio, interseccionalidade e decolonialidade\u201d, \u201cDebatedoras: Angela Maria de Souza Lima, Analu Oliveira, Izabel Esp\u00edndola Barbosa\u201d, \u201cMedia\u00e7\u00e3o: Rosane Brum Mello\u201d, \u201cData: 17 de novembro\u201d, \u201cHor\u00e1rio: 17h30\u201d, \u201cLocal: Sala 1203, CAED-Pr\u00e9dio 67, \u201cInscri\u00e7\u00f5es via formul\u00e1rio\u201d. Abaixo, no \u00e2ngulo esquerdo, sobre um fundo na cor bege, da esquerda para a direita, h\u00e1 bras\u00e3o da UFSM e o logotipo da Coordenadoria de A\u00e7\u00f5es Educacionais (CAEd), que consiste no bras\u00e3o da \u201cUFSM\u201d seguido pelas denomina\u00e7\u00f5es \u201cCoordenadoria de A\u00e7\u00f5es Educacionais\u201d e \u201cCAEd-PROGRAD\u201d. Ao lado, l\u00ea-se a identifica\u00e7\u00e3o \u201cSUBDIVIS\u00c3O DE A\u00c7\u00d5ES AFIRMATIVAS SOCIAIS, \u00c9TNICO-RACIAIS E IND\u00cdGENAS\u201d.\u00a0<\/p>\n\n\n","protected":false},"excerpt":{"rendered":"<p>A Universidade Federal de Santa Maria (UFSM) atrav\u00e9s da Coordenadoria de A\u00e7\u00f5es Educacionais\u00a0 CAEd-PROGRAD e da Subdivis\u00e3o de A\u00e7\u00f5es Afirmativas Sociais, \u00c9tnico-Raciais e Ind\u00edgenas convida os estudantes negros (pretos e pardos) para a Roda de Conversa: \u201cDi\u00e1logos com Estudantes Negros (pretos e pardos)\u201d, Edi\u00e7\u00e3o VI, \u201cDialogando sobre Epistemic\u00eddio, Interseccionalidade e Decolonialidade\u201d, que ser\u00e1 realizada no [&hellip;]<\/p>\n","protected":false},"author":282,"featured_media":0,"comment_status":"closed","ping_status":"closed","sticky":false,"template":"","format":"standard","meta":{"footnotes":""},"categories":[97,51,49,1],"tags":[],"class_list":["post-6947","post","type-post","status-publish","format-standard","hentry","category-eventos-caed","category-noticias","category-noticias-acoes-afirmativas","category-sem-categoria"],"acf":[],"_links":{"self":[{"href":"https:\/\/www.ufsm.br\/pro-reitorias\/prograd\/caed\/wp-json\/wp\/v2\/posts\/6947","targetHints":{"allow":["GET"]}}],"collection":[{"href":"https:\/\/www.ufsm.br\/pro-reitorias\/prograd\/caed\/wp-json\/wp\/v2\/posts"}],"about":[{"href":"https:\/\/www.ufsm.br\/pro-reitorias\/prograd\/caed\/wp-json\/wp\/v2\/types\/post"}],"author":[{"embeddable":true,"href":"https:\/\/www.ufsm.br\/pro-reitorias\/prograd\/caed\/wp-json\/wp\/v2\/users\/282"}],"replies":[{"embeddable":true,"href":"https:\/\/www.ufsm.br\/pro-reitorias\/prograd\/caed\/wp-json\/wp\/v2\/comments?post=6947"}],"version-history":[{"count":0,"href":"https:\/\/www.ufsm.br\/pro-reitorias\/prograd\/caed\/wp-json\/wp\/v2\/posts\/6947\/revisions"}],"wp:attachment":[{"href":"https:\/\/www.ufsm.br\/pro-reitorias\/prograd\/caed\/wp-json\/wp\/v2\/media?parent=6947"}],"wp:term":[{"taxonomy":"category","embeddable":true,"href":"https:\/\/www.ufsm.br\/pro-reitorias\/prograd\/caed\/wp-json\/wp\/v2\/categories?post=6947"},{"taxonomy":"post_tag","embeddable":true,"href":"https:\/\/www.ufsm.br\/pro-reitorias\/prograd\/caed\/wp-json\/wp\/v2\/tags?post=6947"}],"curies":[{"name":"wp","href":"https:\/\/api.w.org\/{rel}","templated":true}]}}