{"id":6952,"date":"2025-11-14T15:43:40","date_gmt":"2025-11-14T18:43:40","guid":{"rendered":"https:\/\/www.ufsm.br\/pro-reitorias\/prograd\/caed\/?p=6952"},"modified":"2025-11-19T17:49:57","modified_gmt":"2025-11-19T20:49:57","slug":"edital-023-2025-selecao-de-bolsistas-da-pos-graduacao-cursos-de-psicologia-enfermagem-servico-social-e-terapia-ocupacional","status":"publish","type":"post","link":"https:\/\/www.ufsm.br\/pro-reitorias\/prograd\/caed\/2025\/11\/14\/edital-023-2025-selecao-de-bolsistas-da-pos-graduacao-cursos-de-psicologia-enfermagem-servico-social-e-terapia-ocupacional","title":{"rendered":"EDITAL 023\/2025 &#8211; SELE\u00c7\u00c3O DE BOLSISTAS DA P\u00d3S-GRADUA\u00c7\u00c3O &#8211; CURSOS DE PSICOLOGIA, ENFERMAGEM, SERVI\u00c7O SOCIAL E TERAPIA OCUPACIONAL &#8211; retificado"},"content":{"rendered":"\n<p>A Coordenadoria de A\u00e7\u00f5es Educacionais (CAEd-PROGRAD\/UFSM) divulga a abertura de inscri\u00e7\u00f5es para o Edital 023\/2025, que visa selecionar bolsistas de p\u00f3s-gradua\u00e7\u00e3o oriundos dos cursos de Psicologia, Enfermagem, Servi\u00e7o Social e Terapia Ocupacional. O edital encontra-se dispon\u00edvel no link a seguir:<\/p>\n<p><a href=\"https:\/\/www.ufsm.br\/app\/uploads\/sites\/391\/2025\/11\/01.-EDITAL-023-2025-CAEd-POS-GRADUACAO-ENFERMAGEM-SERVICO-SOCIAL-TERAPIA-OCUPACIONAL-PSICOLOGIA-retificado.pdf\">EDITAL 023 2025 CAEd P\u00d3S GRADUA\u00c7\u00c3O ENFERMAGEM SERVI\u00c7O SOCIAL TERAPIA OCUPACIONAL PSICOLOGIA &#8211; retificado<\/a><\/p>\n","protected":false},"excerpt":{"rendered":"<p>A Coordenadoria de A\u00e7\u00f5es Educacionais (CAEd-PROGRAD\/UFSM) divulga a abertura de inscri\u00e7\u00f5es para o Edital 023\/2025, que visa selecionar bolsistas de p\u00f3s-gradua\u00e7\u00e3o oriundos dos cursos de Psicologia, Enfermagem, Servi\u00e7o Social e Terapia Ocupacional. O edital encontra-se dispon\u00edvel no link a seguir: EDITAL 023 2025 CAEd P\u00d3S GRADUA\u00c7\u00c3O ENFERMAGEM SERVI\u00c7O SOCIAL TERAPIA OCUPACIONAL PSICOLOGIA &#8211; retificado<\/p>\n","protected":false},"author":252,"featured_media":0,"comment_status":"closed","ping_status":"closed","sticky":false,"template":"","format":"standard","meta":{"footnotes":""},"categories":[1],"tags":[],"class_list":["post-6952","post","type-post","status-publish","format-standard","hentry","category-sem-categoria"],"acf":[],"_links":{"self":[{"href":"https:\/\/www.ufsm.br\/pro-reitorias\/prograd\/caed\/wp-json\/wp\/v2\/posts\/6952","targetHints":{"allow":["GET"]}}],"collection":[{"href":"https:\/\/www.ufsm.br\/pro-reitorias\/prograd\/caed\/wp-json\/wp\/v2\/posts"}],"about":[{"href":"https:\/\/www.ufsm.br\/pro-reitorias\/prograd\/caed\/wp-json\/wp\/v2\/types\/post"}],"author":[{"embeddable":true,"href":"https:\/\/www.ufsm.br\/pro-reitorias\/prograd\/caed\/wp-json\/wp\/v2\/users\/252"}],"replies":[{"embeddable":true,"href":"https:\/\/www.ufsm.br\/pro-reitorias\/prograd\/caed\/wp-json\/wp\/v2\/comments?post=6952"}],"version-history":[{"count":0,"href":"https:\/\/www.ufsm.br\/pro-reitorias\/prograd\/caed\/wp-json\/wp\/v2\/posts\/6952\/revisions"}],"wp:attachment":[{"href":"https:\/\/www.ufsm.br\/pro-reitorias\/prograd\/caed\/wp-json\/wp\/v2\/media?parent=6952"}],"wp:term":[{"taxonomy":"category","embeddable":true,"href":"https:\/\/www.ufsm.br\/pro-reitorias\/prograd\/caed\/wp-json\/wp\/v2\/categories?post=6952"},{"taxonomy":"post_tag","embeddable":true,"href":"https:\/\/www.ufsm.br\/pro-reitorias\/prograd\/caed\/wp-json\/wp\/v2\/tags?post=6952"}],"curies":[{"name":"wp","href":"https:\/\/api.w.org\/{rel}","templated":true}]}}