{"id":6957,"date":"2025-11-18T13:39:25","date_gmt":"2025-11-18T16:39:25","guid":{"rendered":"https:\/\/www.ufsm.br\/pro-reitorias\/prograd\/caed\/?p=6957"},"modified":"2025-11-19T17:51:00","modified_gmt":"2025-11-19T20:51:00","slug":"edital-024-2025-selecao-de-bolsistas-da-pos-graduacao-curso-de-fisioterapia","status":"publish","type":"post","link":"https:\/\/www.ufsm.br\/pro-reitorias\/prograd\/caed\/2025\/11\/18\/edital-024-2025-selecao-de-bolsistas-da-pos-graduacao-curso-de-fisioterapia","title":{"rendered":"EDITAL 024\/2025 &#8211; SELE\u00c7\u00c3O DE BOLSISTAS DA P\u00d3S-GRADUA\u00c7\u00c3O &#8211; CURSO DE FISIOTERAPIA &#8211; retificado"},"content":{"rendered":"\t\t<div data-elementor-type=\"wp-post\" data-elementor-id=\"6957\" class=\"elementor elementor-6957\">\n\t\t\t\t\t\t<section class=\"elementor-section elementor-top-section elementor-element elementor-element-60b3ae96 elementor-section-boxed elementor-section-height-default elementor-section-height-default\" data-id=\"60b3ae96\" data-element_type=\"section\">\n\t\t\t\t\t\t<div class=\"elementor-container elementor-column-gap-default\">\n\t\t\t\t\t<div class=\"elementor-column elementor-col-100 elementor-top-column elementor-element elementor-element-36fe92d\" data-id=\"36fe92d\" data-element_type=\"column\">\n\t\t\t<div class=\"elementor-widget-wrap elementor-element-populated\">\n\t\t\t\t\t\t<div class=\"elementor-element elementor-element-5e486ac3 elementor-widget elementor-widget-text-editor\" data-id=\"5e486ac3\" data-element_type=\"widget\" data-widget_type=\"text-editor.default\">\n\t\t\t\t<div class=\"elementor-widget-container\">\n\t\t\t\t\t\t\t<!-- wp:tadv\/classic-paragraph \/-->\n<p>\u00a0<\/p>\n<!-- wp:tadv\/classic-paragraph -->\n<p>A Coordenadoria de A\u00e7\u00f5es Educacionais (CAEd-PROGRAD\/UFSM) divulga a abertura de inscri\u00e7\u00f5es para o Edital 024\/2025, que visa selecionar bolsistas de p\u00f3s-gradua\u00e7\u00e3o oriundos do curso de Fisioterapia.\u00a0<\/p>\n<p><a href=\"https:\/\/www.ufsm.br\/app\/uploads\/sites\/391\/2025\/11\/02-EDITAL-024-2025-CAEd-POS-GRADUACAO-FISIOTERAPIA.pdf\">EDITAL 024 2025 CAEd P\u00d3S GRADUA\u00c7\u00c3O FISIOTERAPIA<\/a><\/p>\n<!-- \/wp:tadv\/classic-paragraph --><!-- wp:tadv\/classic-paragraph \/-->\t\t\t\t\t\t<\/div>\n\t\t\t\t<\/div>\n\t\t\t\t\t<\/div>\n\t\t<\/div>\n\t\t\t\t\t<\/div>\n\t\t<\/section>\n\t\t\t\t<\/div>\n\t\t","protected":false},"excerpt":{"rendered":"<p>\u00a0 A Coordenadoria de A\u00e7\u00f5es Educacionais (CAEd-PROGRAD\/UFSM) divulga a abertura de inscri\u00e7\u00f5es para o Edital 024\/2025, que visa selecionar bolsistas de p\u00f3s-gradua\u00e7\u00e3o oriundos do curso de Fisioterapia.\u00a0 EDITAL 024 2025 CAEd P\u00d3S GRADUA\u00c7\u00c3O FISIOTERAPIA<\/p>\n","protected":false},"author":252,"featured_media":0,"comment_status":"closed","ping_status":"closed","sticky":false,"template":"","format":"standard","meta":{"footnotes":""},"categories":[1],"tags":[],"class_list":["post-6957","post","type-post","status-publish","format-standard","hentry","category-sem-categoria"],"acf":[],"_links":{"self":[{"href":"https:\/\/www.ufsm.br\/pro-reitorias\/prograd\/caed\/wp-json\/wp\/v2\/posts\/6957","targetHints":{"allow":["GET"]}}],"collection":[{"href":"https:\/\/www.ufsm.br\/pro-reitorias\/prograd\/caed\/wp-json\/wp\/v2\/posts"}],"about":[{"href":"https:\/\/www.ufsm.br\/pro-reitorias\/prograd\/caed\/wp-json\/wp\/v2\/types\/post"}],"author":[{"embeddable":true,"href":"https:\/\/www.ufsm.br\/pro-reitorias\/prograd\/caed\/wp-json\/wp\/v2\/users\/252"}],"replies":[{"embeddable":true,"href":"https:\/\/www.ufsm.br\/pro-reitorias\/prograd\/caed\/wp-json\/wp\/v2\/comments?post=6957"}],"version-history":[{"count":0,"href":"https:\/\/www.ufsm.br\/pro-reitorias\/prograd\/caed\/wp-json\/wp\/v2\/posts\/6957\/revisions"}],"wp:attachment":[{"href":"https:\/\/www.ufsm.br\/pro-reitorias\/prograd\/caed\/wp-json\/wp\/v2\/media?parent=6957"}],"wp:term":[{"taxonomy":"category","embeddable":true,"href":"https:\/\/www.ufsm.br\/pro-reitorias\/prograd\/caed\/wp-json\/wp\/v2\/categories?post=6957"},{"taxonomy":"post_tag","embeddable":true,"href":"https:\/\/www.ufsm.br\/pro-reitorias\/prograd\/caed\/wp-json\/wp\/v2\/tags?post=6957"}],"curies":[{"name":"wp","href":"https:\/\/api.w.org\/{rel}","templated":true}]}}