{"id":702,"date":"2018-10-09T14:51:33","date_gmt":"2018-10-09T17:51:33","guid":{"rendered":"https:\/\/www.ufsm.br\/orgaos-executivos\/caed\/?p=702"},"modified":"2018-10-09T14:51:33","modified_gmt":"2018-10-09T17:51:33","slug":"iii-seminario-estadual-sobre-acoes-afirmativas","status":"publish","type":"post","link":"https:\/\/www.ufsm.br\/pro-reitorias\/prograd\/caed\/2018\/10\/09\/iii-seminario-estadual-sobre-acoes-afirmativas","title":{"rendered":"III SEMIN\u00c1RIO ESTADUAL SOBRE A\u00c7\u00d5ES AFIRMATIVAS"},"content":{"rendered":"<p class=\"titulo\">Transformando o diferente em igual.<\/p>\n<p class=\"titulo\">Dias 03 e 04 de junho de 2009<\/p>\n<p class=\"titulo\">Santa Maria &#8211; RS<\/p>\n<h3 class=\"titulo\">Local e Informa\u00e7\u00f5es<\/h3>\n<p>Audit\u00f3rio Fl\u00e1vio Schneider, pr\u00e9dio 42 &#8211; UFSM<br \/>\nTelefone: (55) 3220.8338<br \/>\nEmail: O endere\u00e7o de e-mail address est\u00e1 sendo protegido de spambots. Voc\u00ea precisa ativar o JavaScript enabled para v\u00ea-lo.<\/p>\n<h3 class=\"titulo\">Programa\u00e7ao do Evento<\/h3>\n<h4 class=\"data\">Quarta-feira 03\/06<\/h4>\n<p>8h &#8211; Credenciamento<\/p>\n<p>9h &#8211; Mesa de Abertura com Autoridades e Apresenta\u00e7\u00e3o art\u00edstico-cultural<\/p>\n<p>9h30min &#8211; Mesa &#8211; Eixo 1<\/p>\n<p class=\"subtitulo\">&#8220;Desigualdade, Democracia e A\u00e7\u00f5es Afirmativas: faces da lei e rostos da realidade&#8221;<\/p>\n<ul>\n<li>\n<ul>\n<li>Jos\u00e9 Jorge Carvalho &#8211; Antrop\u00f3logo\/UNB<\/li>\n<li>Dora L\u00facia &#8211; Procuradora Federal\/UFPR<\/li>\n<li>Rafael Miron &#8211; Procurador da Rep\u00fablica\/MPF<\/li>\n<\/ul>\n<\/li>\n<\/ul>\n<p>Mediadores<\/p>\n<ul>\n<li>\n<ul>\n<li>Prof. Jorge Luiz da Cunha &#8211; Pr\u00f3-reitor de Gradua\u00e7\u00e3o\/UFSM<\/li>\n<li>Prof. Dra. J\u00e2nia Maria Lopes Saldanha &#8211; Presidente da Comiss\u00e3o das A\u00e7\u00f5es Afirmativas\/UFSM<\/li>\n<\/ul>\n<\/li>\n<\/ul>\n<p>11h &#8211; Interven\u00e7\u00e3o do P\u00fablico &#8211; Perguntas<\/p>\n<p>19h &#8211; Encerramento<\/p>\n<h4 class=\"data\">Quinta-feira 04\/06<\/h4>\n<p>9h &#8211; Apresenta\u00e7\u00e3o art\u00edstico-cultural<\/p>\n<p>9h30min &#8211; Mesa &#8211; Eixo 2<\/p>\n<p class=\"subtitulo\">&#8220;Afirmativas efetivadas no Brasil: partilha de experi\u00eancias&#8221;<\/p>\n<ul>\n<li>\n<ul>\n<li>Prof. Dra. Magali da Silva\/UERJ<\/li>\n<li>Jos\u00e9 Carlos Aguilera &#8211; Secret\u00e1rio Executivo da ABRUC<\/li>\n<li>Representante da Comiss\u00e3o de A\u00e7\u00f5es Afirmativas em outra IES<\/li>\n<\/ul>\n<\/li>\n<\/ul>\n<p>Mediadores<\/p>\n<ul>\n<li>\n<ul>\n<li>Prof. Dr. Orlando Fonseca\/UFSM<\/li>\n<li>Prof. Dra. J\u00e2nia Maria Lopes Saldanha &#8211; Presidente da Comiss\u00e3o das A\u00e7\u00f5es Afirmativas\/UFSM<\/li>\n<\/ul>\n<\/li>\n<\/ul>\n<p>11h &#8211; Interven\u00e7\u00e3o do P\u00fablico &#8211; Perguntas<\/p>\n<p>14h &#8211; Exposi\u00e7\u00e3o Art\u00edstica<\/p>\n<p class=\"subtitulo\">Apresenta\u00e7\u00e3o oral de monografias\/artigos cient\u00edficos<\/p>\n<p>19h &#8211; Encerramento<\/p>\n","protected":false},"excerpt":{"rendered":"<p>Transformando o diferente em igual. Dias 03 e 04 de junho de 2009 Santa Maria &#8211; RS Local e Informa\u00e7\u00f5es Audit\u00f3rio Fl\u00e1vio Schneider, pr\u00e9dio 42 &#8211; UFSM Telefone: (55) 3220.8338 Email: O endere\u00e7o de e-mail address est\u00e1 sendo protegido de spambots. Voc\u00ea precisa ativar o JavaScript enabled para v\u00ea-lo. Programa\u00e7ao do Evento Quarta-feira 03\/06 8h [&hellip;]<\/p>\n","protected":false},"author":115,"featured_media":0,"comment_status":"closed","ping_status":"closed","sticky":false,"template":"","format":"standard","meta":{"footnotes":""},"categories":[36],"tags":[],"class_list":["post-702","post","type-post","status-publish","format-standard","hentry","category-eventos-afirme"],"acf":[],"_links":{"self":[{"href":"https:\/\/www.ufsm.br\/pro-reitorias\/prograd\/caed\/wp-json\/wp\/v2\/posts\/702","targetHints":{"allow":["GET"]}}],"collection":[{"href":"https:\/\/www.ufsm.br\/pro-reitorias\/prograd\/caed\/wp-json\/wp\/v2\/posts"}],"about":[{"href":"https:\/\/www.ufsm.br\/pro-reitorias\/prograd\/caed\/wp-json\/wp\/v2\/types\/post"}],"author":[{"embeddable":true,"href":"https:\/\/www.ufsm.br\/pro-reitorias\/prograd\/caed\/wp-json\/wp\/v2\/users\/115"}],"replies":[{"embeddable":true,"href":"https:\/\/www.ufsm.br\/pro-reitorias\/prograd\/caed\/wp-json\/wp\/v2\/comments?post=702"}],"version-history":[{"count":0,"href":"https:\/\/www.ufsm.br\/pro-reitorias\/prograd\/caed\/wp-json\/wp\/v2\/posts\/702\/revisions"}],"wp:attachment":[{"href":"https:\/\/www.ufsm.br\/pro-reitorias\/prograd\/caed\/wp-json\/wp\/v2\/media?parent=702"}],"wp:term":[{"taxonomy":"category","embeddable":true,"href":"https:\/\/www.ufsm.br\/pro-reitorias\/prograd\/caed\/wp-json\/wp\/v2\/categories?post=702"},{"taxonomy":"post_tag","embeddable":true,"href":"https:\/\/www.ufsm.br\/pro-reitorias\/prograd\/caed\/wp-json\/wp\/v2\/tags?post=702"}],"curies":[{"name":"wp","href":"https:\/\/api.w.org\/{rel}","templated":true}]}}