{"id":7094,"date":"2026-03-06T20:58:25","date_gmt":"2026-03-06T23:58:25","guid":{"rendered":"https:\/\/www.ufsm.br\/pro-reitorias\/prograd\/caed\/?p=7094"},"modified":"2026-03-06T20:59:15","modified_gmt":"2026-03-06T23:59:15","slug":"edital-09-2026-bolsistas-de-graduacao-curso-de-terapia-ocupacional","status":"publish","type":"post","link":"https:\/\/www.ufsm.br\/pro-reitorias\/prograd\/caed\/2026\/03\/06\/edital-09-2026-bolsistas-de-graduacao-curso-de-terapia-ocupacional","title":{"rendered":"EDITAL 09\/2026 \u2013 BOLSISTAS DE GRADUA\u00c7\u00c3O \u2013 CURSO DE TERAPIA OCUPACIONAL"},"content":{"rendered":"\n<p>A Coordenadoria de A\u00e7\u00f5es Educacionais (CAEd\/PROGRAD\/UFSM) divulga a abertura de inscri\u00e7\u00f5es para o Edital 09\/2026, que visa selecionar bolsistas de gradua\u00e7\u00e3o do curso de Terapia Ocupacional (\u00faltimo ano de gradua\u00e7\u00e3o).<\/p>\n<p>O edital encontra-se dispon\u00edvel no link a seguir: <a href=\"https:\/\/www.ufsm.br\/app\/uploads\/sites\/391\/2026\/03\/EDITAL-09-2026-SELECAO-DE-BOLSISTAS-DO-CURSO-TERAPIA-OCUPACIONAL-1.pdf\">EDITAL 09 2026-SELECAO DE BOLSISTAS DO CURSO TERAPIA OCUPACIONAL<\/a><\/p>\n","protected":false},"excerpt":{"rendered":"<p>A Coordenadoria de A\u00e7\u00f5es Educacionais (CAEd\/PROGRAD\/UFSM) divulga a abertura de inscri\u00e7\u00f5es para o Edital 09\/2026, que visa selecionar bolsistas de gradua\u00e7\u00e3o do curso de Terapia Ocupacional (\u00faltimo ano de gradua\u00e7\u00e3o). O edital encontra-se dispon\u00edvel no link a seguir: EDITAL 09 2026-SELECAO DE BOLSISTAS DO CURSO TERAPIA OCUPACIONAL<\/p>\n","protected":false},"author":252,"featured_media":0,"comment_status":"closed","ping_status":"closed","sticky":false,"template":"","format":"standard","meta":{"footnotes":""},"categories":[47,1],"tags":[],"class_list":["post-7094","post","type-post","status-publish","format-standard","hentry","category-noticias-nucleo-acessibilidade","category-sem-categoria"],"acf":[],"_links":{"self":[{"href":"https:\/\/www.ufsm.br\/pro-reitorias\/prograd\/caed\/wp-json\/wp\/v2\/posts\/7094","targetHints":{"allow":["GET"]}}],"collection":[{"href":"https:\/\/www.ufsm.br\/pro-reitorias\/prograd\/caed\/wp-json\/wp\/v2\/posts"}],"about":[{"href":"https:\/\/www.ufsm.br\/pro-reitorias\/prograd\/caed\/wp-json\/wp\/v2\/types\/post"}],"author":[{"embeddable":true,"href":"https:\/\/www.ufsm.br\/pro-reitorias\/prograd\/caed\/wp-json\/wp\/v2\/users\/252"}],"replies":[{"embeddable":true,"href":"https:\/\/www.ufsm.br\/pro-reitorias\/prograd\/caed\/wp-json\/wp\/v2\/comments?post=7094"}],"version-history":[{"count":0,"href":"https:\/\/www.ufsm.br\/pro-reitorias\/prograd\/caed\/wp-json\/wp\/v2\/posts\/7094\/revisions"}],"wp:attachment":[{"href":"https:\/\/www.ufsm.br\/pro-reitorias\/prograd\/caed\/wp-json\/wp\/v2\/media?parent=7094"}],"wp:term":[{"taxonomy":"category","embeddable":true,"href":"https:\/\/www.ufsm.br\/pro-reitorias\/prograd\/caed\/wp-json\/wp\/v2\/categories?post=7094"},{"taxonomy":"post_tag","embeddable":true,"href":"https:\/\/www.ufsm.br\/pro-reitorias\/prograd\/caed\/wp-json\/wp\/v2\/tags?post=7094"}],"curies":[{"name":"wp","href":"https:\/\/api.w.org\/{rel}","templated":true}]}}