{"id":97,"date":"2017-08-25T16:59:07","date_gmt":"2017-08-25T19:59:07","guid":{"rendered":"https:\/\/www.ufsm.br\/orgaos-executivos\/caed\/2017\/08\/25\/seminario-aprendizagem-acessibilidade-e-acoes-afirmativas-trabalhos-aprovados\/"},"modified":"2017-08-25T16:59:07","modified_gmt":"2017-08-25T19:59:07","slug":"seminario-aprendizagem-acessibilidade-e-acoes-afirmativas-trabalhos-aprovados","status":"publish","type":"post","link":"https:\/\/www.ufsm.br\/pro-reitorias\/prograd\/caed\/2017\/08\/25\/seminario-aprendizagem-acessibilidade-e-acoes-afirmativas-trabalhos-aprovados","title":{"rendered":"SEMIN\u00c1RIO APRENDIZAGEM, ACESSIBILIDADE E A\u00c7\u00d5ES AFIRMATIVAS &#8211; TRABALHOS APROVADOS"},"content":{"rendered":"<p style=\"text-align: justify;\"><span style=\"font-family: arial, helvetica, sans-serif; font-size: 12pt;\">Ap&oacute;s per&iacute;odo de avalia&ccedil;&atilde;o, divulgamos resultado dos trabalhos aprovados e que far&atilde;o parte do e-book e ser&atilde;o apresentados durante o&nbsp;III Semin&aacute;rio Aprendizagem no Ensino Superior, III Semin&aacute;rio Acessibilidade e III Semin&aacute;rio Pol&iacute;ticas P&uacute;blicas e A&ccedil;&otilde;es Afirmativas na Educa&ccedil;&atilde;o Superior: DESAFIOS PARA A N&Atilde;O COMPARTIMENTA&Ccedil;&Atilde;O DOS SABERES.&nbsp;<\/span><\/p>\n<p style=\"text-align: justify;\"><span style=\"font-family: arial, helvetica, sans-serif; font-size: 12pt;\">ORIENTA&Ccedil;&Otilde;ES PARA APRESENTA&Ccedil;&Atilde;O<\/span><\/p>\n<p style=\"text-align: justify;\"><span style=\"font-family: arial, helvetica, sans-serif; font-size: 12pt;\">&#8211; Todos os trabalhos aprovados dever&atilde;o ser apresentados no evento;<\/span><br \/><span style=\"font-family: arial, helvetica, sans-serif; font-size: 12pt;\">&#8211; O tempo para apresenta&ccedil;&atilde;o ser&aacute; de 10 minutos;<\/span><br \/><span style=\"font-family: arial, helvetica, sans-serif; font-size: 12pt;\">&#8211; As salas de apresenta&ccedil;&atilde;o ser&atilde;o divulgadas no dia do evento;<\/span><br \/><span style=\"font-family: arial, helvetica, sans-serif; font-size: 12pt;\">&#8211; O apresentador dever&aacute; utilizar Power Point.<\/span><\/p>\n<p style=\"text-align: justify;\"><span style=\"font-family: arial, helvetica, sans-serif; font-size: 12pt;\">ORIENTA&Ccedil;&Otilde;ES GERAIS<\/span><\/p>\n<p style=\"text-align: justify;\"><span style=\"font-family: arial, helvetica, sans-serif; font-size: 12pt;\">OS TRABALHOS QUE N&Atilde;O CONSTAM NA LISTAGEM FORAM REPROVADOS, VISTO QUE OS AUTORES N&Atilde;O REALIZARAM AS ALTERA&Ccedil;&Otilde;ES SOLICITADAS PELOS AVALIADORES.<\/span><\/p>\n<p style=\"text-align: justify;\"><span style=\"font-family: arial, helvetica, sans-serif; font-size: 12pt;\">PARA A DIAGRAMA&Ccedil;&Atilde;O DO E-BOOK, SER&Atilde;O REALIZADAS ADEQUA&Ccedil;&Otilde;ES NOS TEXTOS QUANTO AO LAYOUT, FORMATA&Ccedil;&Atilde;O E ACESSIBILIDADE.<\/span><\/p>\n<p style=\"text-align: justify;\"><span style=\"font-family: arial, helvetica, sans-serif; font-size: 12pt;\">SE ALGUM AUTOR N&Atilde;O AUTORIZA MUDAN&Ccedil;AS NO TEXTO, DEVER&Aacute; ENTRAR EM CONTATO PELO E-MAIL eventos.caed.ufsm@gmail.com,&nbsp;AT&Eacute; O DIA 1&ordm; DE SETEMBRO, PARA RETIRADA DO ARTIGO DA PUBLICA&Ccedil;&Atilde;O.<\/span><\/p>\n<p style=\"text-align: justify;\"><span style=\"font-family: arial, helvetica, sans-serif; font-size: 12pt;\">Para acessar a lista dos trabalhos aprovados, <a href=\"images\/SEMIN&Aacute;RIO_2017\/TRABALHOS_APROVADOS_SEMIN&Aacute;RIO.pdf\">clique aqui<\/a>.<\/span><\/p>\n","protected":false},"excerpt":{"rendered":"<p>Ap&oacute;s per&iacute;odo de avalia&ccedil;&atilde;o, divulgamos resultado dos trabalhos aprovados e que far&atilde;o parte do e-book e ser&atilde;o apresentados durante o&nbsp;III Semin&aacute;rio Aprendizagem no Ensino Superior, III Semin&aacute;rio Acessibilidade e III Semin&aacute;rio Pol&iacute;ticas P&uacute;blicas e A&ccedil;&otilde;es Afirmativas na Educa&ccedil;&atilde;o Superior: DESAFIOS PARA A N&Atilde;O COMPARTIMENTA&Ccedil;&Atilde;O DOS SABERES.&nbsp; ORIENTA&Ccedil;&Otilde;ES PARA APRESENTA&Ccedil;&Atilde;O &#8211; Todos os trabalhos aprovados dever&atilde;o [&hellip;]<\/p>\n","protected":false},"author":47,"featured_media":0,"comment_status":"closed","ping_status":"closed","sticky":false,"template":"","format":"standard","meta":{"footnotes":""},"categories":[1],"tags":[],"class_list":["post-97","post","type-post","status-publish","format-standard","hentry","category-sem-categoria"],"acf":[],"_links":{"self":[{"href":"https:\/\/www.ufsm.br\/pro-reitorias\/prograd\/caed\/wp-json\/wp\/v2\/posts\/97","targetHints":{"allow":["GET"]}}],"collection":[{"href":"https:\/\/www.ufsm.br\/pro-reitorias\/prograd\/caed\/wp-json\/wp\/v2\/posts"}],"about":[{"href":"https:\/\/www.ufsm.br\/pro-reitorias\/prograd\/caed\/wp-json\/wp\/v2\/types\/post"}],"author":[{"embeddable":true,"href":"https:\/\/www.ufsm.br\/pro-reitorias\/prograd\/caed\/wp-json\/wp\/v2\/users\/47"}],"replies":[{"embeddable":true,"href":"https:\/\/www.ufsm.br\/pro-reitorias\/prograd\/caed\/wp-json\/wp\/v2\/comments?post=97"}],"version-history":[{"count":0,"href":"https:\/\/www.ufsm.br\/pro-reitorias\/prograd\/caed\/wp-json\/wp\/v2\/posts\/97\/revisions"}],"wp:attachment":[{"href":"https:\/\/www.ufsm.br\/pro-reitorias\/prograd\/caed\/wp-json\/wp\/v2\/media?parent=97"}],"wp:term":[{"taxonomy":"category","embeddable":true,"href":"https:\/\/www.ufsm.br\/pro-reitorias\/prograd\/caed\/wp-json\/wp\/v2\/categories?post=97"},{"taxonomy":"post_tag","embeddable":true,"href":"https:\/\/www.ufsm.br\/pro-reitorias\/prograd\/caed\/wp-json\/wp\/v2\/tags?post=97"}],"curies":[{"name":"wp","href":"https:\/\/api.w.org\/{rel}","templated":true}]}}