{"id":1581,"date":"2016-06-30T01:41:40","date_gmt":"2016-06-30T04:41:40","guid":{"rendered":"https:\/\/www.ufsm.br\/orgaos-suplementares\/nte\/2016\/06\/30\/nte-completa-5-anos\/"},"modified":"2016-06-30T01:41:40","modified_gmt":"2016-06-30T04:41:40","slug":"nte-completa-5-anos","status":"publish","type":"post","link":"https:\/\/www.ufsm.br\/pro-reitorias\/prograd\/cte\/2016\/06\/30\/nte-completa-5-anos","title":{"rendered":"NTE completa 5 anos de atua\u00e7\u00e3o e lan\u00e7a novidades na \u00e1rea de tecnologia"},"content":{"rendered":"<p style=\"text-align: justify;\">O NTE completa 5 anos de atua\u00e7\u00e3o na UFSM no dia 30 de junho. Para celebrar a data, inaugura um novo site institucional e o NTE Tube &#8211; um canal de armazenamento de videoaulas e demais produ\u00e7\u00f5es educativas da \u00e1rea do audiovisual. Al\u00e9m disso, para\u00a0melhorar a experi\u00eancia de seus usu\u00e1rios com a educa\u00e7\u00e3o, tamb\u00e9m planejou uma s\u00e9rie de a\u00e7\u00f5es para 2016. Entre as novidades, est\u00e1 a constru\u00e7\u00e3o de uma nova identidade visual; a renova\u00e7\u00e3o do material did\u00e1tico; a concep\u00e7\u00e3o e estrutura\u00e7\u00e3o de um novo site, com recursos mais modernos e interativos, a implementa\u00e7\u00e3o de um projeto de comunica\u00e7\u00e3o direcionado para o p\u00fablico discente e docente e a reformula\u00e7\u00e3o da plataforma Moodle.\u00a0<\/p>\n<p style=\"text-align: justify;\">Para garantir todas essas atualiza\u00e7\u00f5es, o N\u00facleo disp\u00f5e de uma equipe multidisciplinar composta por profissionais das \u00e1reas de tecnologia da informa\u00e7\u00e3o, design, pedagogia, letras e comunica\u00e7\u00e3o que desenvolvem campanhas, ilustra\u00e7\u00f5es, diagrama\u00e7\u00e3o de livros, apostilas, materiais did\u00e1ticos, al\u00e9m de gravar e editar videoaulas e conte\u00fados educativos do audiovisual.<\/p>\n<p style=\"text-align: justify;\">O trabalho realizado pelo NTE \u00e9\u00a0voltado para o ensino presencial e EaD. Se voc\u00ea precisar do aux\u00edlio de tecnologias em suas aulas, presenciais ou a dist\u00e2ncia, ou ainda a cria\u00e7\u00e3o de cadernos did\u00e1ticos, apostilas e v\u00eddeos educativos, procure o N\u00facleo de Tecnologia Educacional.\u00a0<\/p>\n<p style=\"text-align: justify;\">Conhe\u00e7a um pouco dos servi\u00e7os do NTE acessando <a href=\"http:\/\/ntetube.nte.ufsm.br\/v\/1467029340\">aqui<\/a>.<\/p>\n<p><iframe style=\"display: block; margin-left: auto; margin-right: auto;\" src=\"https:\/\/ntetube.nte.ufsm.br\/e\/1467305338\" width=\"420\" height=\"315\" frameborder=\"0\" allowfullscreen=\"allowfullscreen\"><\/iframe><\/p>\n","protected":false},"excerpt":{"rendered":"<p>O NTE completa 5 anos de atua\u00e7\u00e3o na UFSM no dia 30 de junho. Para celebrar a data, inaugura um novo site institucional e o NTE Tube &#8211; um canal de armazenamento de videoaulas e demais produ\u00e7\u00f5es educativas da \u00e1rea do audiovisual. Al\u00e9m disso, para\u00a0melhorar a experi\u00eancia de seus usu\u00e1rios com a educa\u00e7\u00e3o, tamb\u00e9m planejou [&hellip;]<\/p>\n","protected":false},"author":25,"featured_media":0,"comment_status":"closed","ping_status":"closed","sticky":false,"template":"","format":"standard","meta":{"episode_type":"","audio_file":"","cover_image":"","cover_image_id":"","duration":"","filesize":"","date_recorded":"","explicit":"","block":"","filesize_raw":"","footnotes":""},"categories":[1],"tags":[],"class_list":["post-1581","post","type-post","status-publish","format-standard","hentry","category-noticias"],"acf":[],"_links":{"self":[{"href":"https:\/\/www.ufsm.br\/pro-reitorias\/prograd\/cte\/wp-json\/wp\/v2\/posts\/1581","targetHints":{"allow":["GET"]}}],"collection":[{"href":"https:\/\/www.ufsm.br\/pro-reitorias\/prograd\/cte\/wp-json\/wp\/v2\/posts"}],"about":[{"href":"https:\/\/www.ufsm.br\/pro-reitorias\/prograd\/cte\/wp-json\/wp\/v2\/types\/post"}],"author":[{"embeddable":true,"href":"https:\/\/www.ufsm.br\/pro-reitorias\/prograd\/cte\/wp-json\/wp\/v2\/users\/25"}],"replies":[{"embeddable":true,"href":"https:\/\/www.ufsm.br\/pro-reitorias\/prograd\/cte\/wp-json\/wp\/v2\/comments?post=1581"}],"version-history":[{"count":0,"href":"https:\/\/www.ufsm.br\/pro-reitorias\/prograd\/cte\/wp-json\/wp\/v2\/posts\/1581\/revisions"}],"wp:attachment":[{"href":"https:\/\/www.ufsm.br\/pro-reitorias\/prograd\/cte\/wp-json\/wp\/v2\/media?parent=1581"}],"wp:term":[{"taxonomy":"category","embeddable":true,"href":"https:\/\/www.ufsm.br\/pro-reitorias\/prograd\/cte\/wp-json\/wp\/v2\/categories?post=1581"},{"taxonomy":"post_tag","embeddable":true,"href":"https:\/\/www.ufsm.br\/pro-reitorias\/prograd\/cte\/wp-json\/wp\/v2\/tags?post=1581"}],"curies":[{"name":"wp","href":"https:\/\/api.w.org\/{rel}","templated":true}]}}