{"id":1601,"date":"2016-08-23T21:00:00","date_gmt":"2016-08-24T00:00:00","guid":{"rendered":"https:\/\/www.ufsm.br\/orgaos-suplementares\/nte\/2016\/08\/23\/ufsm-vai-ofertar-novas-vagas-ead\/"},"modified":"2016-08-23T21:00:00","modified_gmt":"2016-08-24T00:00:00","slug":"ufsm-vai-ofertar-novas-vagas-ead","status":"publish","type":"post","link":"https:\/\/www.ufsm.br\/pro-reitorias\/prograd\/cte\/2016\/08\/23\/ufsm-vai-ofertar-novas-vagas-ead","title":{"rendered":"UFSM vai ofertar novas vagas EaD"},"content":{"rendered":"<p style=\"text-align: justify;\"><span lang=\"PT-BR\">A UFSM vai ofertar <strong>480 vagas<\/strong> em cursos superiores na modalidade de ensino a dist\u00e2ncia, ainda neste ano, atrav\u00e9s da Universidade Aberta do Brasil (UAB). Para 2017, tamb\u00e9m est\u00e3o previstas <strong>2.755 vagas<\/strong>. Ser\u00e3o ofertadas vagas para gradua\u00e7\u00e3o e p\u00f3s-gradua\u00e7\u00e3o.<\/span><\/p>\n<p style=\"text-align: justify;\"><span lang=\"PT-BR\">Na \u00faltima semana, a UAB\/UFSM &#8211; atrav\u00e9s do coordenador Reisoli Filho e coordenador adjunto Paulo Colusso, realizou uma reuni\u00e3o com os professores que coordenar\u00e3o os futuros cursos para discutir planejamento do semestre e rela\u00e7\u00e3o de polos aptos a ofertar vagas.<\/span><\/p>\n<p style=\"text-align: justify;\"><span lang=\"PT-BR\">At\u00e9 o final do m\u00eas de agosto, a UFSM deve encaminhar o plano de trabalho \u00e0 UAB. Em breve, ser\u00e1 divulgada a listagem dos polos e suas respectivas vagas, bem como edital para concorrer ao ingresso.<\/span><\/p>\n<p><span lang=\"PT-BR\">Acompanhe abaixo os cursos a serem implementados, conforme propostas feitas no <a href=\"http:\/\/www.capes.gov.br\/component\/content\/article\/59-eduacacao-a-distancia\/ded\/7281-edital-n-75-2014-sistema-universidade-aberta-do-brasil-uab\" target=\"_blank\">Edital 75\/2014<\/a>:<\/span><\/p>\n<p><strong><span lang=\"PT-BR\">Em 2016<\/span><\/strong><\/p>\n<p><span lang=\"PT-BR\">&#8211; Forma\u00e7\u00e3o de Professores para a Educa\u00e7\u00e3o Profissional (Forma\u00e7\u00e3o Pedag\u00f3gica);<\/span><\/p>\n<p><span lang=\"PT-BR\">&#8211; Letras Portugu\u00eas (Licenciatura);<\/span><\/p>\n<p><span lang=\"PT-BR\">&#8211; Pedagogia (Licenciatura);<\/span><\/p>\n<p><span lang=\"PT-BR\">\u00a0<\/span><\/p>\n<p><strong><span lang=\"PT-BR\">Em 2017:<\/span><\/strong><\/p>\n<p><span lang=\"PT-BR\">&#8211; Ci\u00eancias da Religi\u00e3o (Licenciatura);<\/span><\/p>\n<p><span lang=\"PT-BR\">&#8211; Educa\u00e7\u00e3o do Campo (Licenciatura);<\/span><\/p>\n<p><span lang=\"PT-BR\">&#8211; Licenciatura em Computa\u00e7\u00e3o;<\/span><\/p>\n<p><span lang=\"PT-BR\">&#8211; Educa\u00e7\u00e3o Ambiental (Especializa\u00e7\u00e3o);<\/span><\/p>\n<p><span lang=\"PT-BR\">&#8211; Educa\u00e7\u00e3o Especial (Licenciatura);<\/span><\/p>\n<p><span lang=\"PT-BR\">&#8211; Ensino de Filosofia no Ensino M\u00e9dio (especializa\u00e7\u00e3o),<\/span><\/p>\n<p><span lang=\"PT-BR\">&#8211; Ensino de Sociologia no Ensino M\u00e9dio (Especializa\u00e7\u00e3o);<\/span><\/p>\n<p><span lang=\"PT-BR\">&#8211; F\u00edsica (Licenciatura);<\/span><\/p>\n<p><span lang=\"PT-BR\">&#8211; Geografia (Licenciatura);<\/span><\/p>\n<p><span lang=\"PT-BR\">&#8211; Gest\u00e3o Educacional (especializa\u00e7\u00e3o);<\/span><\/p>\n<p><span lang=\"PT-BR\">&#8211; Gest\u00e3o em Sa\u00fade (especializa\u00e7\u00e3o);<\/span><\/p>\n<p><span lang=\"PT-BR\">&#8211; Gest\u00e3o P\u00fablica (especializa\u00e7\u00e3o);<\/span><\/p>\n<p><span lang=\"PT-BR\">&#8211; Letras \u2013 Espanhol (licenciatura);<\/span><\/p>\n<p><span lang=\"PT-BR\">&#8211; M\u00eddias na Educa\u00e7\u00e3o (especializa\u00e7\u00e3o);<\/span><\/p>\n<p><span lang=\"PT-BR\">&#8211; \u00a0Pedagogia (licenciatura);<\/span><\/p>\n<p><span lang=\"PT-BR\">&#8211; \u00a0TIC \u2013 Aplica\u00e7\u00e3o a Educa\u00e7\u00e3o (especializa\u00e7\u00e3o).<\/span><\/p>\n","protected":false},"excerpt":{"rendered":"<p>A UFSM vai ofertar 480 vagas em cursos superiores na modalidade de ensino a dist\u00e2ncia, ainda neste ano, atrav\u00e9s da Universidade Aberta do Brasil (UAB). Para 2017, tamb\u00e9m est\u00e3o previstas 2.755 vagas. Ser\u00e3o ofertadas vagas para gradua\u00e7\u00e3o e p\u00f3s-gradua\u00e7\u00e3o. Na \u00faltima semana, a UAB\/UFSM &#8211; atrav\u00e9s do coordenador Reisoli Filho e coordenador adjunto Paulo Colusso, [&hellip;]<\/p>\n","protected":false},"author":25,"featured_media":0,"comment_status":"closed","ping_status":"closed","sticky":false,"template":"","format":"standard","meta":{"episode_type":"","audio_file":"","cover_image":"","cover_image_id":"","duration":"","filesize":"","date_recorded":"","explicit":"","block":"","filesize_raw":"","footnotes":""},"categories":[1],"tags":[],"class_list":["post-1601","post","type-post","status-publish","format-standard","hentry","category-noticias"],"acf":[],"_links":{"self":[{"href":"https:\/\/www.ufsm.br\/pro-reitorias\/prograd\/cte\/wp-json\/wp\/v2\/posts\/1601","targetHints":{"allow":["GET"]}}],"collection":[{"href":"https:\/\/www.ufsm.br\/pro-reitorias\/prograd\/cte\/wp-json\/wp\/v2\/posts"}],"about":[{"href":"https:\/\/www.ufsm.br\/pro-reitorias\/prograd\/cte\/wp-json\/wp\/v2\/types\/post"}],"author":[{"embeddable":true,"href":"https:\/\/www.ufsm.br\/pro-reitorias\/prograd\/cte\/wp-json\/wp\/v2\/users\/25"}],"replies":[{"embeddable":true,"href":"https:\/\/www.ufsm.br\/pro-reitorias\/prograd\/cte\/wp-json\/wp\/v2\/comments?post=1601"}],"version-history":[{"count":0,"href":"https:\/\/www.ufsm.br\/pro-reitorias\/prograd\/cte\/wp-json\/wp\/v2\/posts\/1601\/revisions"}],"wp:attachment":[{"href":"https:\/\/www.ufsm.br\/pro-reitorias\/prograd\/cte\/wp-json\/wp\/v2\/media?parent=1601"}],"wp:term":[{"taxonomy":"category","embeddable":true,"href":"https:\/\/www.ufsm.br\/pro-reitorias\/prograd\/cte\/wp-json\/wp\/v2\/categories?post=1601"},{"taxonomy":"post_tag","embeddable":true,"href":"https:\/\/www.ufsm.br\/pro-reitorias\/prograd\/cte\/wp-json\/wp\/v2\/tags?post=1601"}],"curies":[{"name":"wp","href":"https:\/\/api.w.org\/{rel}","templated":true}]}}