{"id":1817,"date":"2017-03-07T17:18:42","date_gmt":"2017-03-07T20:18:42","guid":{"rendered":"https:\/\/www.ufsm.br\/orgaos-suplementares\/nte\/2017\/03\/07\/resultado-da-segunda-etapa-da-selecao-de-tutores-a-distancia-do-curso-de-gestao-publica-municipal\/"},"modified":"2017-03-07T17:18:42","modified_gmt":"2017-03-07T20:18:42","slug":"resultado-da-segunda-etapa-da-selecao-de-tutores-a-distancia-do-curso-de-gestao-publica-municipal","status":"publish","type":"post","link":"https:\/\/www.ufsm.br\/pro-reitorias\/prograd\/cte\/2017\/03\/07\/resultado-da-segunda-etapa-da-selecao-de-tutores-a-distancia-do-curso-de-gestao-publica-municipal","title":{"rendered":"Curso de Gest\u00e3o P\u00fablica Municipal convoca candidatos para entrevista nesta quarta-feira"},"content":{"rendered":"<p>Est\u00e1 dispon\u00edvel o resultado da segunda etapa da sele\u00e7\u00e3o de tutores a dist\u00e2ncia do Curso de Gest\u00e3o P\u00fablica Municipal, referente ao Edital 017\/2017.\u00a0<\/p>\n<p>A terceira etapa do processo seletivo, a entrevista, ser\u00e1 no dia 8 de mar\u00e7o, \u00e0s 14h, na sala 4123, pr\u00e9dio 74C\/CCSH.<\/p>\n<p>Confira:<\/p>\n<p><a href=\"https:\/\/www.ufsm.br\/orgaos-suplementares\/nte\/wp-content\/uploads\/sites\/358\/2017\/03\/Resultado_segunda_etapa_2017.doc\"><img decoding=\"async\" class=\" size-full wp-image-1815\" src=\"https:\/\/www.ufsm.br\/orgaos-suplementares\/nte\/wp-content\/uploads\/sites\/358\/2017\/03\/doc.png\" alt=\"\" border=\"0\" width=\"32\" height=\"32\" \/><span title=\"Resultado_segunda_etapa_2017.doc\">Resultado_segunda_etapa_2017.doc<\/span><\/a><\/p>\n","protected":false},"excerpt":{"rendered":"<p>Est\u00e1 dispon\u00edvel o resultado da segunda etapa da sele\u00e7\u00e3o de tutores a dist\u00e2ncia do Curso de Gest\u00e3o P\u00fablica Municipal, referente ao Edital 017\/2017.\u00a0 A terceira etapa do processo seletivo, a entrevista, ser\u00e1 no dia 8 de mar\u00e7o, \u00e0s 14h, na sala 4123, pr\u00e9dio 74C\/CCSH. Confira: Resultado_segunda_etapa_2017.doc<\/p>\n","protected":false},"author":25,"featured_media":1815,"comment_status":"closed","ping_status":"closed","sticky":false,"template":"","format":"standard","meta":{"episode_type":"","audio_file":"","cover_image":"","cover_image_id":"","duration":"","filesize":"","date_recorded":"","explicit":"","block":"","filesize_raw":"","footnotes":""},"categories":[1],"tags":[],"class_list":["post-1817","post","type-post","status-publish","format-standard","has-post-thumbnail","hentry","category-noticias"],"acf":[],"_links":{"self":[{"href":"https:\/\/www.ufsm.br\/pro-reitorias\/prograd\/cte\/wp-json\/wp\/v2\/posts\/1817","targetHints":{"allow":["GET"]}}],"collection":[{"href":"https:\/\/www.ufsm.br\/pro-reitorias\/prograd\/cte\/wp-json\/wp\/v2\/posts"}],"about":[{"href":"https:\/\/www.ufsm.br\/pro-reitorias\/prograd\/cte\/wp-json\/wp\/v2\/types\/post"}],"author":[{"embeddable":true,"href":"https:\/\/www.ufsm.br\/pro-reitorias\/prograd\/cte\/wp-json\/wp\/v2\/users\/25"}],"replies":[{"embeddable":true,"href":"https:\/\/www.ufsm.br\/pro-reitorias\/prograd\/cte\/wp-json\/wp\/v2\/comments?post=1817"}],"version-history":[{"count":0,"href":"https:\/\/www.ufsm.br\/pro-reitorias\/prograd\/cte\/wp-json\/wp\/v2\/posts\/1817\/revisions"}],"wp:featuredmedia":[{"embeddable":true,"href":"https:\/\/www.ufsm.br\/pro-reitorias\/prograd\/cte\/wp-json\/wp\/v2\/media\/1815"}],"wp:attachment":[{"href":"https:\/\/www.ufsm.br\/pro-reitorias\/prograd\/cte\/wp-json\/wp\/v2\/media?parent=1817"}],"wp:term":[{"taxonomy":"category","embeddable":true,"href":"https:\/\/www.ufsm.br\/pro-reitorias\/prograd\/cte\/wp-json\/wp\/v2\/categories?post=1817"},{"taxonomy":"post_tag","embeddable":true,"href":"https:\/\/www.ufsm.br\/pro-reitorias\/prograd\/cte\/wp-json\/wp\/v2\/tags?post=1817"}],"curies":[{"name":"wp","href":"https:\/\/api.w.org\/{rel}","templated":true}]}}