{"id":1955,"date":"2017-08-18T12:58:44","date_gmt":"2017-08-18T15:58:44","guid":{"rendered":"https:\/\/www.ufsm.br\/orgaos-suplementares\/nte\/2017\/08\/18\/ufsm-convoca-suplentes-do-edital-018-2017-da-pos-graduacao\/"},"modified":"2017-08-18T12:58:44","modified_gmt":"2017-08-18T15:58:44","slug":"ufsm-convoca-suplentes-do-edital-018-2017-da-pos-graduacao","status":"publish","type":"post","link":"https:\/\/www.ufsm.br\/pro-reitorias\/prograd\/cte\/2017\/08\/18\/ufsm-convoca-suplentes-do-edital-018-2017-da-pos-graduacao","title":{"rendered":"UFSM convoca novos suplentes do Edital 018\/2017 da p\u00f3s-gradua\u00e7\u00e3o"},"content":{"rendered":"<p style=\"text-align: justify;\">A UFSM convoca mais uma lista de suplentes do Edital 018\/2017 dos cursos de p\u00f3s-gradua\u00e7\u00e3o. Acesse a lista <a href=\"http:\/\/site.ufsm.br\/arquivos\/uploaded\/editais\/77d5ed23-89f1-4c89-bf3f-550e8f2f38ad.pdf\">aqui<\/a>.<\/p>\n","protected":false},"excerpt":{"rendered":"<p>A UFSM convoca mais uma lista de suplentes do Edital 018\/2017 dos cursos de p\u00f3s-gradua\u00e7\u00e3o. Acesse a lista aqui.<\/p>\n","protected":false},"author":25,"featured_media":0,"comment_status":"closed","ping_status":"closed","sticky":false,"template":"","format":"standard","meta":{"episode_type":"","audio_file":"","cover_image":"","cover_image_id":"","duration":"","filesize":"","date_recorded":"","explicit":"","block":"","filesize_raw":"","footnotes":""},"categories":[1],"tags":[],"class_list":["post-1955","post","type-post","status-publish","format-standard","hentry","category-noticias"],"acf":[],"_links":{"self":[{"href":"https:\/\/www.ufsm.br\/pro-reitorias\/prograd\/cte\/wp-json\/wp\/v2\/posts\/1955","targetHints":{"allow":["GET"]}}],"collection":[{"href":"https:\/\/www.ufsm.br\/pro-reitorias\/prograd\/cte\/wp-json\/wp\/v2\/posts"}],"about":[{"href":"https:\/\/www.ufsm.br\/pro-reitorias\/prograd\/cte\/wp-json\/wp\/v2\/types\/post"}],"author":[{"embeddable":true,"href":"https:\/\/www.ufsm.br\/pro-reitorias\/prograd\/cte\/wp-json\/wp\/v2\/users\/25"}],"replies":[{"embeddable":true,"href":"https:\/\/www.ufsm.br\/pro-reitorias\/prograd\/cte\/wp-json\/wp\/v2\/comments?post=1955"}],"version-history":[{"count":0,"href":"https:\/\/www.ufsm.br\/pro-reitorias\/prograd\/cte\/wp-json\/wp\/v2\/posts\/1955\/revisions"}],"wp:attachment":[{"href":"https:\/\/www.ufsm.br\/pro-reitorias\/prograd\/cte\/wp-json\/wp\/v2\/media?parent=1955"}],"wp:term":[{"taxonomy":"category","embeddable":true,"href":"https:\/\/www.ufsm.br\/pro-reitorias\/prograd\/cte\/wp-json\/wp\/v2\/categories?post=1955"},{"taxonomy":"post_tag","embeddable":true,"href":"https:\/\/www.ufsm.br\/pro-reitorias\/prograd\/cte\/wp-json\/wp\/v2\/tags?post=1955"}],"curies":[{"name":"wp","href":"https:\/\/api.w.org\/{rel}","templated":true}]}}