{"id":2017,"date":"2017-11-04T22:17:40","date_gmt":"2017-11-05T00:17:40","guid":{"rendered":"https:\/\/www.ufsm.br\/orgaos-suplementares\/nte\/2017\/11\/04\/cursistas-selecionados-para-a-1-turma-do-small-open-online-course-autoria-colaborativa-em-rede-de-2017\/"},"modified":"2017-11-04T22:17:40","modified_gmt":"2017-11-05T00:17:40","slug":"cursistas-selecionados-para-a-1-turma-do-small-open-online-course-autoria-colaborativa-em-rede-de-2017","status":"publish","type":"post","link":"https:\/\/www.ufsm.br\/pro-reitorias\/prograd\/cte\/2017\/11\/04\/cursistas-selecionados-para-a-1-turma-do-small-open-online-course-autoria-colaborativa-em-rede-de-2017","title":{"rendered":"Cursistas selecionados para a 1\u00aa turma do &#8216;Small Open Online Course: Autoria Colaborativa em Rede&#8217;  de 2017"},"content":{"rendered":"<div style=\"color: #222222; font-family: arial, sans-serif; font-size: 12.8px; text-align: justify;\"><span style=\"font-size: 12.8px;\">A Equipe de Capacita\u00e7\u00e3o divulga a rela\u00e7\u00e3o de\u00a0<\/span><span class=\"m_7539203800762651032gmail-m_7974798137418781848gmail-m_-8601260070398149240gmail-il\" style=\"font-size: 12.8px;\">cursistas<\/span><span style=\"font-size: 12.8px;\">\u00a0<\/span><span class=\"m_7539203800762651032gmail-m_7974798137418781848gmail-m_-8601260070398149240gmail-il\" style=\"font-size: 12.8px;\">selecionados<\/span><span style=\"font-size: 12.8px;\">\u00a0para a 1\u00aa turma do &#8216;Small Open Online Course: Autoria Colaborativa em Rede&#8217;\u00a0<\/span><span style=\"font-size: 12.8px;\">\u00a0<\/span><span style=\"font-size: 12.8px;\">de 2017<\/span>\u00a0<span style=\"font-size: 12.8px;\">(clique\u00a0<\/span><a style=\"color: #1155cc; font-size: 12.8px;\" href=\"https:\/\/www.ufsm.br\/orgaos-suplementares\/nte\/wp-content\/uploads\/sites\/358\/2017\/11\/SELECAO_CURSO_AUTORIA_T1_2017.pdf\" target=\"_blank\" data-saferedirecturl=\"https:\/\/www.google.com\/url?hl=pt-BR&amp;q=https:\/\/nte.ufsm.br\/images\/PDF_Capacitacao\/2017\/SELECAO_CURSO_AUTORIA_T1_2017.pdf&amp;source=gmail&amp;ust=1509920020699000&amp;usg=AFQjCNFVjYjhgGmPl7mFt4bzoPBFoFizRA\">aqui<\/a><span style=\"font-size: 12.8px;\">\u00a0para ver o arquivo)<\/span>.<\/div>\n<p>\u00a0<\/p>\n<div style=\"color: #222222; font-family: arial, sans-serif; font-size: 12.8px; font-style: normal; font-variant-ligatures: normal; font-variant-caps: normal; font-weight: normal; letter-spacing: normal; orphans: 2; text-align: start; text-indent: 0px; text-transform: none; white-space: normal; widows: 2; word-spacing: 0px; -webkit-text-stroke-width: 0px; background-color: #ffffff; text-decoration-style: initial; text-decoration-color: initial;\"><i style=\"font-size: 12.8px;\">\u00a0<\/i><\/div>\n","protected":false},"excerpt":{"rendered":"<p>A Equipe de Capacita\u00e7\u00e3o divulga a rela\u00e7\u00e3o de\u00a0cursistas\u00a0selecionados\u00a0para a 1\u00aa turma do &#8216;Small Open Online Course: Autoria Colaborativa em Rede&#8217;\u00a0\u00a0de 2017\u00a0(clique\u00a0aqui\u00a0para ver o arquivo). \u00a0 \u00a0<\/p>\n","protected":false},"author":25,"featured_media":0,"comment_status":"closed","ping_status":"closed","sticky":false,"template":"","format":"standard","meta":{"episode_type":"","audio_file":"","cover_image":"","cover_image_id":"","duration":"","filesize":"","date_recorded":"","explicit":"","block":"","filesize_raw":"","footnotes":""},"categories":[1],"tags":[],"class_list":["post-2017","post","type-post","status-publish","format-standard","hentry","category-noticias"],"acf":[],"_links":{"self":[{"href":"https:\/\/www.ufsm.br\/pro-reitorias\/prograd\/cte\/wp-json\/wp\/v2\/posts\/2017","targetHints":{"allow":["GET"]}}],"collection":[{"href":"https:\/\/www.ufsm.br\/pro-reitorias\/prograd\/cte\/wp-json\/wp\/v2\/posts"}],"about":[{"href":"https:\/\/www.ufsm.br\/pro-reitorias\/prograd\/cte\/wp-json\/wp\/v2\/types\/post"}],"author":[{"embeddable":true,"href":"https:\/\/www.ufsm.br\/pro-reitorias\/prograd\/cte\/wp-json\/wp\/v2\/users\/25"}],"replies":[{"embeddable":true,"href":"https:\/\/www.ufsm.br\/pro-reitorias\/prograd\/cte\/wp-json\/wp\/v2\/comments?post=2017"}],"version-history":[{"count":0,"href":"https:\/\/www.ufsm.br\/pro-reitorias\/prograd\/cte\/wp-json\/wp\/v2\/posts\/2017\/revisions"}],"wp:attachment":[{"href":"https:\/\/www.ufsm.br\/pro-reitorias\/prograd\/cte\/wp-json\/wp\/v2\/media?parent=2017"}],"wp:term":[{"taxonomy":"category","embeddable":true,"href":"https:\/\/www.ufsm.br\/pro-reitorias\/prograd\/cte\/wp-json\/wp\/v2\/categories?post=2017"},{"taxonomy":"post_tag","embeddable":true,"href":"https:\/\/www.ufsm.br\/pro-reitorias\/prograd\/cte\/wp-json\/wp\/v2\/tags?post=2017"}],"curies":[{"name":"wp","href":"https:\/\/api.w.org\/{rel}","templated":true}]}}