{"id":2075,"date":"2018-02-02T14:15:28","date_gmt":"2018-02-02T16:15:28","guid":{"rendered":"https:\/\/www.ufsm.br\/orgaos-suplementares\/nte\/2018\/02\/02\/divulgacao-da-nota-das-provas-edital-002-2018-de-5-de-janeiro-de-2018\/"},"modified":"2018-02-02T14:15:28","modified_gmt":"2018-02-02T16:15:28","slug":"divulgacao-da-nota-das-provas-edital-002-2018-de-5-de-janeiro-de-2018","status":"publish","type":"post","link":"https:\/\/www.ufsm.br\/pro-reitorias\/prograd\/cte\/2018\/02\/02\/divulgacao-da-nota-das-provas-edital-002-2018-de-5-de-janeiro-de-2018","title":{"rendered":"Divulga\u00e7\u00e3o da nota das provas &#8211; Sele\u00e7\u00e3o de Bolsistas para o NTE &#8211; Edital 001\/2018"},"content":{"rendered":"<p><span style=\"color: #666666; font-family: Helvetica, Arial, sans-serif; font-size: 13px;\">O N\u00facleo de Tecnologia Educacional (NTE)\u00a0divulga as notas das provas\u00a0<\/span><span style=\"color: #666666; font-family: Helvetica, Arial, sans-serif; font-size: 13px;\">para bolsistas do NTE.\u00a0<\/span><span style=\"font-size: 12.16px;\">Acesse a lista com as <\/span><a style=\"font-size: 12.16px;\" href=\"http:\/\/site.ufsm.br\/arquivos\/uploaded\/editais\/1953d841-9539-4a92-87a5-1bdc4ad5402b.pdf\" target=\"_blank\">notas aqui<\/a>\u00a0e\u00a0fique atento\u00a0\u00e0s datas das entrevistas, que podem ser acessadas\u00a0<a href=\"home1\/noticias\/701-divulgacao-dos-candidatos-para-as-entrevista-edital-001-2018\">aqui<\/a>.<\/p>\n","protected":false},"excerpt":{"rendered":"<p>O N\u00facleo de Tecnologia Educacional (NTE)\u00a0divulga as notas das provas\u00a0para bolsistas do NTE.\u00a0Acesse a lista com as notas aqui\u00a0e\u00a0fique atento\u00a0\u00e0s datas das entrevistas, que podem ser acessadas\u00a0aqui.<\/p>\n","protected":false},"author":25,"featured_media":0,"comment_status":"closed","ping_status":"closed","sticky":false,"template":"","format":"standard","meta":{"episode_type":"","audio_file":"","cover_image":"","cover_image_id":"","duration":"","filesize":"","date_recorded":"","explicit":"","block":"","filesize_raw":"","footnotes":""},"categories":[1],"tags":[],"class_list":["post-2075","post","type-post","status-publish","format-standard","hentry","category-noticias"],"acf":[],"_links":{"self":[{"href":"https:\/\/www.ufsm.br\/pro-reitorias\/prograd\/cte\/wp-json\/wp\/v2\/posts\/2075","targetHints":{"allow":["GET"]}}],"collection":[{"href":"https:\/\/www.ufsm.br\/pro-reitorias\/prograd\/cte\/wp-json\/wp\/v2\/posts"}],"about":[{"href":"https:\/\/www.ufsm.br\/pro-reitorias\/prograd\/cte\/wp-json\/wp\/v2\/types\/post"}],"author":[{"embeddable":true,"href":"https:\/\/www.ufsm.br\/pro-reitorias\/prograd\/cte\/wp-json\/wp\/v2\/users\/25"}],"replies":[{"embeddable":true,"href":"https:\/\/www.ufsm.br\/pro-reitorias\/prograd\/cte\/wp-json\/wp\/v2\/comments?post=2075"}],"version-history":[{"count":0,"href":"https:\/\/www.ufsm.br\/pro-reitorias\/prograd\/cte\/wp-json\/wp\/v2\/posts\/2075\/revisions"}],"wp:attachment":[{"href":"https:\/\/www.ufsm.br\/pro-reitorias\/prograd\/cte\/wp-json\/wp\/v2\/media?parent=2075"}],"wp:term":[{"taxonomy":"category","embeddable":true,"href":"https:\/\/www.ufsm.br\/pro-reitorias\/prograd\/cte\/wp-json\/wp\/v2\/categories?post=2075"},{"taxonomy":"post_tag","embeddable":true,"href":"https:\/\/www.ufsm.br\/pro-reitorias\/prograd\/cte\/wp-json\/wp\/v2\/tags?post=2075"}],"curies":[{"name":"wp","href":"https:\/\/api.w.org\/{rel}","templated":true}]}}