{"id":2114,"date":"2018-03-08T11:46:58","date_gmt":"2018-03-08T14:46:58","guid":{"rendered":"https:\/\/www.ufsm.br\/orgaos-suplementares\/nte\/2018\/03\/08\/edital-005-20018-resultado-final-de-20-de-fevereiro\/"},"modified":"2018-03-08T11:46:58","modified_gmt":"2018-03-08T14:46:58","slug":"edital-005-20018-resultado-final-de-20-de-fevereiro","status":"publish","type":"post","link":"https:\/\/www.ufsm.br\/pro-reitorias\/prograd\/cte\/2018\/03\/08\/edital-005-20018-resultado-final-de-20-de-fevereiro","title":{"rendered":"Edital 005\/20018 &#8211; Resultado Final &#8211; Bolsistas NTE para Tecnologias da Informa\u00e7\u00e3o e Est\u00fadio Audiovisual"},"content":{"rendered":"<p>Foi divulgado o resultado final da sele\u00e7\u00e3o para bolsistas do NTE &#8211; Tecnologias da Informa\u00e7\u00e3o e Est\u00fadio Audiovisual. Os selecionados devem ficar atentos \u00e0s datas, pois a confirma\u00e7\u00e3o de vaga ocorre at\u00e9 o dia 09 de mar\u00e7o (sexta-feira). Para conhecer os bolsistas,\u00a0\u00a0<a href=\"http:\/\/site.ufsm.br\/arquivos\/uploaded\/editais\/079c8dbe-7a6d-4e71-8d3d-419c9d011d1c.pdf\" target=\"_blank\">acesse o edital aqui<\/a>.<\/p>\n","protected":false},"excerpt":{"rendered":"<p>Foi divulgado o resultado final da sele\u00e7\u00e3o para bolsistas do NTE &#8211; Tecnologias da Informa\u00e7\u00e3o e Est\u00fadio Audiovisual. Os selecionados devem ficar atentos \u00e0s datas, pois a confirma\u00e7\u00e3o de vaga ocorre at\u00e9 o dia 09 de mar\u00e7o (sexta-feira). Para conhecer os bolsistas,\u00a0\u00a0acesse o edital aqui.<\/p>\n","protected":false},"author":25,"featured_media":0,"comment_status":"closed","ping_status":"closed","sticky":false,"template":"","format":"standard","meta":{"episode_type":"","audio_file":"","cover_image":"","cover_image_id":"","duration":"","filesize":"","date_recorded":"","explicit":"","block":"","filesize_raw":"","footnotes":""},"categories":[1],"tags":[],"class_list":["post-2114","post","type-post","status-publish","format-standard","hentry","category-noticias"],"acf":[],"_links":{"self":[{"href":"https:\/\/www.ufsm.br\/pro-reitorias\/prograd\/cte\/wp-json\/wp\/v2\/posts\/2114","targetHints":{"allow":["GET"]}}],"collection":[{"href":"https:\/\/www.ufsm.br\/pro-reitorias\/prograd\/cte\/wp-json\/wp\/v2\/posts"}],"about":[{"href":"https:\/\/www.ufsm.br\/pro-reitorias\/prograd\/cte\/wp-json\/wp\/v2\/types\/post"}],"author":[{"embeddable":true,"href":"https:\/\/www.ufsm.br\/pro-reitorias\/prograd\/cte\/wp-json\/wp\/v2\/users\/25"}],"replies":[{"embeddable":true,"href":"https:\/\/www.ufsm.br\/pro-reitorias\/prograd\/cte\/wp-json\/wp\/v2\/comments?post=2114"}],"version-history":[{"count":0,"href":"https:\/\/www.ufsm.br\/pro-reitorias\/prograd\/cte\/wp-json\/wp\/v2\/posts\/2114\/revisions"}],"wp:attachment":[{"href":"https:\/\/www.ufsm.br\/pro-reitorias\/prograd\/cte\/wp-json\/wp\/v2\/media?parent=2114"}],"wp:term":[{"taxonomy":"category","embeddable":true,"href":"https:\/\/www.ufsm.br\/pro-reitorias\/prograd\/cte\/wp-json\/wp\/v2\/categories?post=2114"},{"taxonomy":"post_tag","embeddable":true,"href":"https:\/\/www.ufsm.br\/pro-reitorias\/prograd\/cte\/wp-json\/wp\/v2\/tags?post=2114"}],"curies":[{"name":"wp","href":"https:\/\/api.w.org\/{rel}","templated":true}]}}