{"id":2121,"date":"2018-03-14T17:38:42","date_gmt":"2018-03-14T20:38:42","guid":{"rendered":"https:\/\/www.ufsm.br\/orgaos-suplementares\/nte\/2018\/03\/14\/ufsm-desenvolve-curso-de-formacao-continuada-para-200-professores-de-escolas-do-campo\/"},"modified":"2018-03-14T17:38:42","modified_gmt":"2018-03-14T20:38:42","slug":"ufsm-desenvolve-curso-de-formacao-continuada-para-200-professores-de-escolas-do-campo","status":"publish","type":"post","link":"https:\/\/www.ufsm.br\/pro-reitorias\/prograd\/cte\/2018\/03\/14\/ufsm-desenvolve-curso-de-formacao-continuada-para-200-professores-de-escolas-do-campo","title":{"rendered":"UFSM desenvolve curso de Forma\u00e7\u00e3o Continuada para 200 professores de escolas do campo"},"content":{"rendered":"<p style=\"text-align: justify;\"><span style=\"font-size: 12.16px;\">A partir de maio, a UFSM inicia um projeto de extens\u00e3o que vai trabalhar com a Forma\u00e7\u00e3o Continuada de Professores das Escolas do Campo. O trabalho \u00e9 coordenado pela professora Liziany M\u00fcller Medeiros e ser\u00e1 desenvolvido nos Polos de Apoio Presencial da Universidade Aberta do Brasil de Agudo, Cerro Largo, Itaqui, S\u00e3o Sep\u00e9 e Seberi, locais onde est\u00e1 em andamento o curso de Licenciatura em Educa\u00e7\u00e3o do Campo ofertado pela UFSM na modalidade EAD.\u00a0<\/span><\/p>\n<p style=\"text-align: justify;\"><span style=\"font-size: 12.16px;\">As atividades contemplar\u00e3o 200 professores de 74 munic\u00edpios que integram as Coordenadorias Regionais de Educa\u00e7\u00e3o pertencentes as cidades dos Polos. O objetivo do curso \u00e9 promover forma\u00e7\u00e3o continuada para educadores das escolas do campo, integrantes das diferentes regi\u00f5es do estado do Rio Grande do Sul, na perspectiva de torna-los multiplicadores dos conhecimentos apreendidos em seu contexto de atua\u00e7\u00e3o. Outro aspecto importante \u00e9 proporcionar aos alunos dos cursos da modalidade EAD, viv\u00eancias acerca da extens\u00e3o no \u00e2mbito da UFSM.\u00a0<\/span><\/p>\n<p style=\"text-align: justify;\"><span style=\"font-size: 12.16px;\"><strong>Dura\u00e7\u00e3o<\/strong> &#8211; A carga hor\u00e1ria total do programa ser\u00e1 de 228 horas trabalhadas durante o ano letivo de 2018 e prev\u00ea a oferta de cinco cursos independentes com dura\u00e7\u00e3o de 40 horas (cada curso), sendo 32 horas na modalidade a dist\u00e2ncia e 8 horas presenciais, al\u00e9m de 28 horas nos encontros presenciais de abertura, encerramento, integra\u00e7\u00e3o e apresenta\u00e7\u00e3o na JAI. <\/span><\/p>\n<p style=\"text-align: justify;\"><strong>Tem\u00e1ticas-<\/strong>\u00a0<span style=\"font-size: 12.16px;\">As tem\u00e1ticas trabalhadas em cada curso ser\u00e3o: <\/span><\/p>\n<p style=\"text-align: justify;\"><span style=\"font-size: 12.16px;\">&#8211; Forma\u00e7\u00e3o em Educa\u00e7\u00e3o Ambiental e Direitos humanos para educa\u00e7\u00e3o do campo; <\/span><\/p>\n<p style=\"text-align: justify;\"><span style=\"font-size: 12.16px;\">&#8211; Forma\u00e7\u00e3o em Sociedade e m\u00eddia para educa\u00e7\u00e3o do campo; <\/span><\/p>\n<p style=\"text-align: justify;\"><span style=\"font-size: 12.16px;\">&#8211; Forma\u00e7\u00e3o em Orienta\u00e7\u00e3o Sexual para educa\u00e7\u00e3o em campo; <\/span><\/p>\n<p style=\"text-align: justify;\"><span style=\"font-size: 12.16px;\">&#8211; Forma\u00e7\u00e3o em Sa\u00fade para educa\u00e7\u00e3o do campo;<\/span><\/p>\n<p style=\"text-align: justify;\"><span style=\"font-size: 12.16px;\">&#8211; Forma\u00e7\u00e3o em Acessibilidade Metodol\u00f3gica para educa\u00e7\u00e3o do campo.\u00a0<\/span><\/p>\n<p style=\"text-align: justify;\"><span style=\"font-size: 12.16px;\"><strong>Metodologia &#8211;<\/strong> Os conte\u00fados de cada curso ser\u00e3o abordados atrav\u00e9s de a\u00e7\u00f5es realizadas na modalidade a dist\u00e2ncia na Plataforma Moodle da UFSM &#8211; https:\/\/ead06.proj.ufsm.br\/moodle\/login\/index.php., e ser\u00e3o utilizados recursos audiovisuais e hipertextos, atividades interativas como chats, f\u00f3runs e wikis. Nos encontros presenciais ser\u00e3o compartilhados os conhecimentos apreendidos\/constru\u00eddos, e ser\u00e3o previstas a\u00e7\u00f5es como ciclo palestras, oficinas, rodas de conversas e workshops, onde, ser\u00e3o utilizados equipamentos de produ\u00e7\u00e3o de v\u00eddeos, recursos computacionais e Internet, em laborat\u00f3rio de m\u00eddia e de inform\u00e1tica, na apresenta\u00e7\u00e3o te\u00f3rica e nos procedimentos pr\u00e1ticos.<\/span><\/p>\n<p style=\"text-align: justify;\"><span style=\"font-size: 12.16px;\">A utiliza\u00e7\u00e3o do Moodle possibilitar\u00e1 a intera\u00e7\u00e3o dos sujeitos, ampliando o universo cultural para al\u00e9m dos encontros presenciais, possibilitando aos cursistas permanecerem conectados nos di\u00e1logos-problematizadores, para al\u00e9m do tempo did\u00e1tico previsto nos cursos.\u00a0<\/span><\/p>\n<p style=\"text-align: justify;\"><span style=\"font-size: 12.16px;\">Mais informa\u00e7\u00f5es, clique <a href=\"home\/11-cursos\/325-educacao-do-campo\" target=\"_blank\">aqui<\/a>.<\/span><\/p>\n<p>\u00a0<\/p>\n","protected":false},"excerpt":{"rendered":"<p>A partir de maio, a UFSM inicia um projeto de extens\u00e3o que vai trabalhar com a Forma\u00e7\u00e3o Continuada de Professores das Escolas do Campo. O trabalho \u00e9 coordenado pela professora Liziany M\u00fcller Medeiros e ser\u00e1 desenvolvido nos Polos de Apoio Presencial da Universidade Aberta do Brasil de Agudo, Cerro Largo, Itaqui, S\u00e3o Sep\u00e9 e Seberi, [&hellip;]<\/p>\n","protected":false},"author":25,"featured_media":0,"comment_status":"closed","ping_status":"closed","sticky":false,"template":"","format":"standard","meta":{"episode_type":"","audio_file":"","cover_image":"","cover_image_id":"","duration":"","filesize":"","date_recorded":"","explicit":"","block":"","filesize_raw":"","footnotes":""},"categories":[1],"tags":[],"class_list":["post-2121","post","type-post","status-publish","format-standard","hentry","category-noticias"],"acf":[],"_links":{"self":[{"href":"https:\/\/www.ufsm.br\/pro-reitorias\/prograd\/cte\/wp-json\/wp\/v2\/posts\/2121","targetHints":{"allow":["GET"]}}],"collection":[{"href":"https:\/\/www.ufsm.br\/pro-reitorias\/prograd\/cte\/wp-json\/wp\/v2\/posts"}],"about":[{"href":"https:\/\/www.ufsm.br\/pro-reitorias\/prograd\/cte\/wp-json\/wp\/v2\/types\/post"}],"author":[{"embeddable":true,"href":"https:\/\/www.ufsm.br\/pro-reitorias\/prograd\/cte\/wp-json\/wp\/v2\/users\/25"}],"replies":[{"embeddable":true,"href":"https:\/\/www.ufsm.br\/pro-reitorias\/prograd\/cte\/wp-json\/wp\/v2\/comments?post=2121"}],"version-history":[{"count":0,"href":"https:\/\/www.ufsm.br\/pro-reitorias\/prograd\/cte\/wp-json\/wp\/v2\/posts\/2121\/revisions"}],"wp:attachment":[{"href":"https:\/\/www.ufsm.br\/pro-reitorias\/prograd\/cte\/wp-json\/wp\/v2\/media?parent=2121"}],"wp:term":[{"taxonomy":"category","embeddable":true,"href":"https:\/\/www.ufsm.br\/pro-reitorias\/prograd\/cte\/wp-json\/wp\/v2\/categories?post=2121"},{"taxonomy":"post_tag","embeddable":true,"href":"https:\/\/www.ufsm.br\/pro-reitorias\/prograd\/cte\/wp-json\/wp\/v2\/tags?post=2121"}],"curies":[{"name":"wp","href":"https:\/\/api.w.org\/{rel}","templated":true}]}}