{"id":2189,"date":"2018-07-17T18:18:52","date_gmt":"2018-07-17T21:18:52","guid":{"rendered":"https:\/\/www.ufsm.br\/orgaos-suplementares\/nte\/2018\/07\/17\/edital-11-2018-tutor-a-distancia-pedagogia\/"},"modified":"2018-07-17T18:18:52","modified_gmt":"2018-07-17T21:18:52","slug":"edital-11-2018-tutor-a-distancia-pedagogia","status":"publish","type":"post","link":"https:\/\/www.ufsm.br\/pro-reitorias\/prograd\/cte\/2018\/07\/17\/edital-11-2018-tutor-a-distancia-pedagogia","title":{"rendered":"Edital 11\/2018 &#8211; Sele\u00e7\u00e3o para Tutoria do Curso de Pedagogia UAB\/UFSM &#8211; Modalidade a dist\u00e2ncia"},"content":{"rendered":"<p>A UFSM torna p\u00fablica a sele\u00e7\u00e3o para tutor a dist\u00e2ncia do Curso Pedagogia UAB\/UFSM.\u00a0<\/p>\n<p>As inscri\u00e7\u00f5es podem ser realizadas at\u00e9 19\/07.<\/p>\n<p><strong>ATEN\u00c7\u00c3O<\/strong>: as pessoas que realizarem sua inscri\u00e7\u00e3o at\u00e9 19\/07 podem enviar\u00a0os documentos necess\u00e1rios (descritos no Item 6 do edital) at\u00e9 o dia 22\/07. A data foi alterada em raz\u00e3o de endere\u00e7o de email incorreto no edital.\u00a0<strong>O e-mail correto para envio do material \u00e9<\/strong>\u00a0<strong>pedagogiaead@ufsm.br<\/strong><\/p>\n<p>A retifica\u00e7\u00e3o que informa a nova data para o envio dos documentos pode ser acessada <a href=\"https:\/\/editais.nte.ufsm.br\/edital\/files\/292\/Retificacao_11_2018.pdf\" target=\"_blank\">aqui<\/a>.<\/p>\n<p>Maiores informa\u00e7\u00f5es sobre o <a href=\"https:\/\/editais.nte.ufsm.br\/inscricao\/index.php\/site\/viewEdital\/292\" target=\"_blank\">edital podem ser acessadas aqui<\/a>.<\/p>\n<p>\u00a0<\/p>\n<p><img fetchpriority=\"high\" decoding=\"async\" class=\" size-full wp-image-2188\" style=\"font-size: 12.16px;\" src=\"https:\/\/www.ufsm.br\/orgaos-suplementares\/nte\/wp-content\/uploads\/sites\/358\/2018\/07\/tutoria_pedag-1.jpg\" alt=\"\" width=\"262\" height=\"261\" srcset=\"https:\/\/www.ufsm.br\/app\/uploads\/sites\/358\/2018\/07\/tutoria_pedag-1.jpg 805w, https:\/\/www.ufsm.br\/app\/uploads\/sites\/358\/2018\/07\/tutoria_pedag-1-150x150.jpg 150w, https:\/\/www.ufsm.br\/app\/uploads\/sites\/358\/2018\/07\/tutoria_pedag-1-300x300.jpg 300w, https:\/\/www.ufsm.br\/app\/uploads\/sites\/358\/2018\/07\/tutoria_pedag-1-768x766.jpg 768w\" sizes=\"(max-width: 262px) 100vw, 262px\" \/><\/p>\n","protected":false},"excerpt":{"rendered":"<p>A UFSM torna p\u00fablica a sele\u00e7\u00e3o para tutor a dist\u00e2ncia do Curso Pedagogia UAB\/UFSM.\u00a0 As inscri\u00e7\u00f5es podem ser realizadas at\u00e9 19\/07. ATEN\u00c7\u00c3O: as pessoas que realizarem sua inscri\u00e7\u00e3o at\u00e9 19\/07 podem enviar\u00a0os documentos necess\u00e1rios (descritos no Item 6 do edital) at\u00e9 o dia 22\/07. A data foi alterada em raz\u00e3o de endere\u00e7o de email incorreto [&hellip;]<\/p>\n","protected":false},"author":25,"featured_media":2187,"comment_status":"closed","ping_status":"closed","sticky":false,"template":"","format":"standard","meta":{"episode_type":"","audio_file":"","cover_image":"","cover_image_id":"","duration":"","filesize":"","date_recorded":"","explicit":"","block":"","filesize_raw":"","footnotes":""},"categories":[1],"tags":[],"class_list":["post-2189","post","type-post","status-publish","format-standard","has-post-thumbnail","hentry","category-noticias"],"acf":[],"_links":{"self":[{"href":"https:\/\/www.ufsm.br\/pro-reitorias\/prograd\/cte\/wp-json\/wp\/v2\/posts\/2189","targetHints":{"allow":["GET"]}}],"collection":[{"href":"https:\/\/www.ufsm.br\/pro-reitorias\/prograd\/cte\/wp-json\/wp\/v2\/posts"}],"about":[{"href":"https:\/\/www.ufsm.br\/pro-reitorias\/prograd\/cte\/wp-json\/wp\/v2\/types\/post"}],"author":[{"embeddable":true,"href":"https:\/\/www.ufsm.br\/pro-reitorias\/prograd\/cte\/wp-json\/wp\/v2\/users\/25"}],"replies":[{"embeddable":true,"href":"https:\/\/www.ufsm.br\/pro-reitorias\/prograd\/cte\/wp-json\/wp\/v2\/comments?post=2189"}],"version-history":[{"count":0,"href":"https:\/\/www.ufsm.br\/pro-reitorias\/prograd\/cte\/wp-json\/wp\/v2\/posts\/2189\/revisions"}],"wp:featuredmedia":[{"embeddable":true,"href":"https:\/\/www.ufsm.br\/pro-reitorias\/prograd\/cte\/wp-json\/wp\/v2\/media\/2187"}],"wp:attachment":[{"href":"https:\/\/www.ufsm.br\/pro-reitorias\/prograd\/cte\/wp-json\/wp\/v2\/media?parent=2189"}],"wp:term":[{"taxonomy":"category","embeddable":true,"href":"https:\/\/www.ufsm.br\/pro-reitorias\/prograd\/cte\/wp-json\/wp\/v2\/categories?post=2189"},{"taxonomy":"post_tag","embeddable":true,"href":"https:\/\/www.ufsm.br\/pro-reitorias\/prograd\/cte\/wp-json\/wp\/v2\/tags?post=2189"}],"curies":[{"name":"wp","href":"https:\/\/api.w.org\/{rel}","templated":true}]}}