{"id":2204,"date":"2018-08-31T13:24:28","date_gmt":"2018-08-31T16:24:28","guid":{"rendered":"https:\/\/www.ufsm.br\/orgaos-suplementares\/nte\/2018\/08\/31\/edital-13-2018-tutor-a-distancia-gestao-educacional\/"},"modified":"2018-08-31T13:24:28","modified_gmt":"2018-08-31T16:24:28","slug":"edital-13-2018-tutor-a-distancia-gestao-educacional","status":"publish","type":"post","link":"https:\/\/www.ufsm.br\/pro-reitorias\/prograd\/cte\/2018\/08\/31\/edital-13-2018-tutor-a-distancia-gestao-educacional","title":{"rendered":"Edital 13\/2018 &#8211; Tutor a Dist\u00e2ncia &#8211; Gest\u00e3o Educacional"},"content":{"rendered":"<p>Est\u00e1 aberta a sele\u00e7\u00e3o para tutoria a dist\u00e2ncia do Curso de Especializa\u00e7\u00e3o em Gest\u00e3o Educacional UAB\/UFSM, ofertado na modalidade a dist\u00e2ncia. As inscri\u00e7\u00f5es encerram em 31\/08\/2018.\u00a0<a href=\"https:\/\/editais.nte.ufsm.br\/inscricao\/index.php\/site\/viewEdital\/294\" target=\"_blank\">Clique aqui para ver o edital.\u00a0<\/a><\/p>\n","protected":false},"excerpt":{"rendered":"<p>Est\u00e1 aberta a sele\u00e7\u00e3o para tutoria a dist\u00e2ncia do Curso de Especializa\u00e7\u00e3o em Gest\u00e3o Educacional UAB\/UFSM, ofertado na modalidade a dist\u00e2ncia. As inscri\u00e7\u00f5es encerram em 31\/08\/2018.\u00a0Clique aqui para ver o edital.\u00a0<\/p>\n","protected":false},"author":25,"featured_media":0,"comment_status":"closed","ping_status":"closed","sticky":false,"template":"","format":"standard","meta":{"episode_type":"","audio_file":"","cover_image":"","cover_image_id":"","duration":"","filesize":"","date_recorded":"","explicit":"","block":"","filesize_raw":"","footnotes":""},"categories":[1],"tags":[],"class_list":["post-2204","post","type-post","status-publish","format-standard","hentry","category-noticias"],"acf":[],"_links":{"self":[{"href":"https:\/\/www.ufsm.br\/pro-reitorias\/prograd\/cte\/wp-json\/wp\/v2\/posts\/2204","targetHints":{"allow":["GET"]}}],"collection":[{"href":"https:\/\/www.ufsm.br\/pro-reitorias\/prograd\/cte\/wp-json\/wp\/v2\/posts"}],"about":[{"href":"https:\/\/www.ufsm.br\/pro-reitorias\/prograd\/cte\/wp-json\/wp\/v2\/types\/post"}],"author":[{"embeddable":true,"href":"https:\/\/www.ufsm.br\/pro-reitorias\/prograd\/cte\/wp-json\/wp\/v2\/users\/25"}],"replies":[{"embeddable":true,"href":"https:\/\/www.ufsm.br\/pro-reitorias\/prograd\/cte\/wp-json\/wp\/v2\/comments?post=2204"}],"version-history":[{"count":0,"href":"https:\/\/www.ufsm.br\/pro-reitorias\/prograd\/cte\/wp-json\/wp\/v2\/posts\/2204\/revisions"}],"wp:attachment":[{"href":"https:\/\/www.ufsm.br\/pro-reitorias\/prograd\/cte\/wp-json\/wp\/v2\/media?parent=2204"}],"wp:term":[{"taxonomy":"category","embeddable":true,"href":"https:\/\/www.ufsm.br\/pro-reitorias\/prograd\/cte\/wp-json\/wp\/v2\/categories?post=2204"},{"taxonomy":"post_tag","embeddable":true,"href":"https:\/\/www.ufsm.br\/pro-reitorias\/prograd\/cte\/wp-json\/wp\/v2\/tags?post=2204"}],"curies":[{"name":"wp","href":"https:\/\/api.w.org\/{rel}","templated":true}]}}