{"id":5340,"date":"2020-07-29T10:05:16","date_gmt":"2020-07-29T13:05:16","guid":{"rendered":"https:\/\/www.ufsm.br\/orgaos-suplementares\/nte\/?p=5340"},"modified":"2020-07-29T10:05:16","modified_gmt":"2020-07-29T13:05:16","slug":"solicitacao-de-matricula-ead-29-07-a-04-08-2020","status":"publish","type":"post","link":"https:\/\/www.ufsm.br\/pro-reitorias\/prograd\/cte\/2020\/07\/29\/solicitacao-de-matricula-ead-29-07-a-04-08-2020","title":{"rendered":"Solicita\u00e7\u00e3o de matr\u00edcula EaD: 29\/07 a 04\/08\/2020"},"content":{"rendered":"\n<p>A Pr\u00f3-Reitoria de Gradua\u00e7\u00e3o (PROGRAD) e o Departamento de Registro e Controle Acad\u00eamico (DERCA) da UFSM informam que a solicita\u00e7\u00e3o de matr\u00edcula dos Cursos de Gradua\u00e7\u00e3o a dist\u00e2ncia (EAD) da UFSM, referente ao 2\u00ba semestre letivo de 2020, ocorrer\u00e1 do dia 29 de julho de 2020 a 04 de agosto de 2020. Para solicitar disciplinas, os alunos regulares dos Cursos de Gradua\u00e7\u00e3o a dist\u00e2ncia dever\u00e3o acessar o Portal do Aluno da UFSM nesse per\u00edodo e clicar em \u201cmatr\u00edcula\u201d, \u201csolicita\u00e7\u00e3o de matr\u00edcula\u201d. O processamento das solicita\u00e7\u00f5es de matr\u00edculas ser\u00e1 feito pelo DERCA ao longo do dia 5 de agosto de 2020, data a partir da qual os alunos poder\u00e3o conferir se os pedidos de matr\u00edcula foram aceitos conforme o esperado.<\/p>\n","protected":false},"excerpt":{"rendered":"<p>A Pr\u00f3-Reitoria de Gradua\u00e7\u00e3o (PROGRAD) e o Departamento de Registro e Controle Acad\u00eamico (DERCA) da UFSM informam que a solicita\u00e7\u00e3o de matr\u00edcula dos Cursos de Gradua\u00e7\u00e3o a dist\u00e2ncia (EAD) da UFSM, referente ao 2\u00ba semestre letivo de 2020, ocorrer\u00e1 do dia 29 de julho de 2020 a 04 de agosto de 2020. Para solicitar disciplinas, [&hellip;]<\/p>\n","protected":false},"author":262,"featured_media":0,"comment_status":"closed","ping_status":"closed","sticky":false,"template":"","format":"standard","meta":{"episode_type":"","audio_file":"","cover_image":"","cover_image_id":"","duration":"","filesize":"","date_recorded":"","explicit":"","block":"","filesize_raw":"","footnotes":""},"categories":[1],"tags":[],"class_list":["post-5340","post","type-post","status-publish","format-standard","hentry","category-noticias"],"acf":[],"_links":{"self":[{"href":"https:\/\/www.ufsm.br\/pro-reitorias\/prograd\/cte\/wp-json\/wp\/v2\/posts\/5340","targetHints":{"allow":["GET"]}}],"collection":[{"href":"https:\/\/www.ufsm.br\/pro-reitorias\/prograd\/cte\/wp-json\/wp\/v2\/posts"}],"about":[{"href":"https:\/\/www.ufsm.br\/pro-reitorias\/prograd\/cte\/wp-json\/wp\/v2\/types\/post"}],"author":[{"embeddable":true,"href":"https:\/\/www.ufsm.br\/pro-reitorias\/prograd\/cte\/wp-json\/wp\/v2\/users\/262"}],"replies":[{"embeddable":true,"href":"https:\/\/www.ufsm.br\/pro-reitorias\/prograd\/cte\/wp-json\/wp\/v2\/comments?post=5340"}],"version-history":[{"count":0,"href":"https:\/\/www.ufsm.br\/pro-reitorias\/prograd\/cte\/wp-json\/wp\/v2\/posts\/5340\/revisions"}],"wp:attachment":[{"href":"https:\/\/www.ufsm.br\/pro-reitorias\/prograd\/cte\/wp-json\/wp\/v2\/media?parent=5340"}],"wp:term":[{"taxonomy":"category","embeddable":true,"href":"https:\/\/www.ufsm.br\/pro-reitorias\/prograd\/cte\/wp-json\/wp\/v2\/categories?post=5340"},{"taxonomy":"post_tag","embeddable":true,"href":"https:\/\/www.ufsm.br\/pro-reitorias\/prograd\/cte\/wp-json\/wp\/v2\/tags?post=5340"}],"curies":[{"name":"wp","href":"https:\/\/api.w.org\/{rel}","templated":true}]}}