{"id":5540,"date":"2021-04-12T12:23:52","date_gmt":"2021-04-12T15:23:52","guid":{"rendered":"https:\/\/www.ufsm.br\/orgaos-suplementares\/nte\/?p=5540"},"modified":"2021-04-12T12:25:23","modified_gmt":"2021-04-12T15:25:23","slug":"nota-de-falecimento-tutora-normeli-loide-vivian","status":"publish","type":"post","link":"https:\/\/www.ufsm.br\/pro-reitorias\/prograd\/cte\/2021\/04\/12\/nota-de-falecimento-tutora-normeli-loide-vivian","title":{"rendered":"Nota de Falecimento &#8211; tutora Normeli Loide Vivian"},"content":{"rendered":"\n<p style=\"text-align: justify\">Comunicamos com pesar o falecimento, por Covid-19, da tutora Normeli Loide Vivian, do curso de Geografia da UFSM\/UAB, Polo de Serafina Corr\u00eaa.<\/p>\n<p style=\"text-align: justify\">Nossos sinceros sentimentos \u00e0 fam\u00edlia, amigos, colegas discentes e docentes do curso de Geografia.<\/p>\n","protected":false},"excerpt":{"rendered":"<p>Comunicamos com pesar o falecimento, por Covid-19, da tutora Normeli Loide Vivian, do curso de Geografia da UFSM\/UAB, Polo de Serafina Corr\u00eaa. Nossos sinceros sentimentos \u00e0 fam\u00edlia, amigos, colegas discentes e docentes do curso de Geografia.<\/p>\n","protected":false},"author":606,"featured_media":0,"comment_status":"closed","ping_status":"closed","sticky":false,"template":"","format":"standard","meta":{"episode_type":"","audio_file":"","cover_image":"","cover_image_id":"","duration":"","filesize":"","date_recorded":"","explicit":"","block":"","filesize_raw":"","footnotes":""},"categories":[1],"tags":[],"class_list":["post-5540","post","type-post","status-publish","format-standard","hentry","category-noticias"],"acf":[],"_links":{"self":[{"href":"https:\/\/www.ufsm.br\/pro-reitorias\/prograd\/cte\/wp-json\/wp\/v2\/posts\/5540","targetHints":{"allow":["GET"]}}],"collection":[{"href":"https:\/\/www.ufsm.br\/pro-reitorias\/prograd\/cte\/wp-json\/wp\/v2\/posts"}],"about":[{"href":"https:\/\/www.ufsm.br\/pro-reitorias\/prograd\/cte\/wp-json\/wp\/v2\/types\/post"}],"author":[{"embeddable":true,"href":"https:\/\/www.ufsm.br\/pro-reitorias\/prograd\/cte\/wp-json\/wp\/v2\/users\/606"}],"replies":[{"embeddable":true,"href":"https:\/\/www.ufsm.br\/pro-reitorias\/prograd\/cte\/wp-json\/wp\/v2\/comments?post=5540"}],"version-history":[{"count":0,"href":"https:\/\/www.ufsm.br\/pro-reitorias\/prograd\/cte\/wp-json\/wp\/v2\/posts\/5540\/revisions"}],"wp:attachment":[{"href":"https:\/\/www.ufsm.br\/pro-reitorias\/prograd\/cte\/wp-json\/wp\/v2\/media?parent=5540"}],"wp:term":[{"taxonomy":"category","embeddable":true,"href":"https:\/\/www.ufsm.br\/pro-reitorias\/prograd\/cte\/wp-json\/wp\/v2\/categories?post=5540"},{"taxonomy":"post_tag","embeddable":true,"href":"https:\/\/www.ufsm.br\/pro-reitorias\/prograd\/cte\/wp-json\/wp\/v2\/tags?post=5540"}],"curies":[{"name":"wp","href":"https:\/\/api.w.org\/{rel}","templated":true}]}}