{"id":7871,"date":"2025-07-30T11:05:18","date_gmt":"2025-07-30T14:05:18","guid":{"rendered":"https:\/\/www.ufsm.br\/pro-reitorias\/prograd\/cte\/?p=7871"},"modified":"2025-07-31T08:25:49","modified_gmt":"2025-07-31T11:25:49","slug":"cte-abre-inscricoes-a-partir-de-31-07-2025-para-o-curso-de-capacitacao-introducao-a-filosofia-da-musica-temas-e-debates","status":"publish","type":"post","link":"https:\/\/www.ufsm.br\/pro-reitorias\/prograd\/cte\/2025\/07\/30\/cte-abre-inscricoes-a-partir-de-31-07-2025-para-o-curso-de-capacitacao-introducao-a-filosofia-da-musica-temas-e-debates","title":{"rendered":"CTE abre inscri\u00e7\u00f5es, a partir de 31\/07\/2025, para o curso de capacita\u00e7\u00e3o &#8220;Introdu\u00e7\u00e3o \u00e0 Filosofia da M\u00fasica: temas e debates&#8221;"},"content":{"rendered":"\t\t<div data-elementor-type=\"wp-post\" data-elementor-id=\"7871\" class=\"elementor elementor-7871\">\n\t\t\t\t\t\t<section class=\"elementor-section elementor-top-section elementor-element elementor-element-37a3ffab elementor-section-boxed elementor-section-height-default elementor-section-height-default\" data-id=\"37a3ffab\" data-element_type=\"section\">\n\t\t\t\t\t\t<div class=\"elementor-container elementor-column-gap-default\">\n\t\t\t\t\t<div class=\"elementor-column elementor-col-100 elementor-top-column elementor-element elementor-element-3efdb4e9\" data-id=\"3efdb4e9\" data-element_type=\"column\">\n\t\t\t<div class=\"elementor-widget-wrap elementor-element-populated\">\n\t\t\t\t\t\t<div class=\"elementor-element elementor-element-4f2123b2 elementor-widget elementor-widget-text-editor\" data-id=\"4f2123b2\" data-element_type=\"widget\" data-widget_type=\"text-editor.default\">\n\t\t\t\t<div class=\"elementor-widget-container\">\n\t\t\t\t\t\t\t<p>A Universidade Federal de Santa Maria (UFSM), por meio da Coordenadoria de Tecnologia Educacional (CTE-Prograd), disponibiliza \u00e0 comunidade o curso de capacita\u00e7\u00e3o <strong>Introdu\u00e7\u00e3o \u00e0 Filosofia da M\u00fasica: temas e debates<\/strong>. O curso foi desenvolvido como parte do projeto de extens\u00e3o MusiCuriosos da UFSM, em parceria com a Universidade Estadual Paulista &#8220;J\u00falio de Mesquita Filho&#8221; (UNESP) e a Universidade de S\u00e3o Paulo (USP).<\/p>\n<p>Confira abaixo as principais informa\u00e7\u00f5es sobre o curso:<\/p>\n<ul>\n<li>Tipo de curso: on-line, gratuito, com intera\u00e7\u00e3o com professores por videoconfer\u00eancia.<\/li>\n<li>Plataforma de ensino: Moodle Capacita\u00e7\u00e3o.<\/li>\n<li>Carga hor\u00e1ria: 40 horas.<\/li>\n<li>N\u00famero de Vagas: 200.\u00a0<\/li>\n<li>P\u00fablico: interessados na tem\u00e1tica.<\/li>\n<li>Certificado: dispon\u00edvel aos concluintes aprovados no curso.<\/li>\n<li>Inscri\u00e7\u00f5es: sistema de autoinscri\u00e7\u00e3o, no per\u00edodo de 31\/07\/25 a 01\/09\/25. Para efetuar a autoinscri\u00e7\u00e3o, o interessado precisa ter ou criar uma conta de usu\u00e1rio no <strong>Moodle Capacita\u00e7\u00e3o<\/strong>.<\/li>\n<\/ul>\n<p>Para conhecer o programa do curso e outras informa\u00e7\u00f5es, leia o <a href=\"https:\/\/www.ufsm.br\/app\/uploads\/sites\/358\/2025\/07\/INFO_CAPACITACAO_FILOSOFIA_MUSICA.pdf\">Informativo<\/a> do curso e, para se inscrever, clique na imagem abaixo.<\/p>\n<p><a href=\"https:\/\/capacitacao.proj.ufsm.br\/course\/view.php?id=6034\"><img decoding=\"async\" class=\"alignleft size-medium wp-image-7868\" src=\"https:\/\/www.ufsm.br\/app\/uploads\/sites\/358\/2025\/07\/Filosofia-da-Musica-painel-02-300x100.jpg\" alt=\"\" width=\"300\" height=\"100\" srcset=\"https:\/\/www.ufsm.br\/app\/uploads\/sites\/358\/2025\/07\/Filosofia-da-Musica-painel-02-300x100.jpg 300w, https:\/\/www.ufsm.br\/app\/uploads\/sites\/358\/2025\/07\/Filosofia-da-Musica-painel-02-768x257.jpg 768w, https:\/\/www.ufsm.br\/app\/uploads\/sites\/358\/2025\/07\/Filosofia-da-Musica-painel-02.jpg 1024w\" sizes=\"(max-width: 300px) 100vw, 300px\" \/><\/a>D\u00favidas podem ser esclarecidas pelo e-mail: equipecapacitacao@cead.ufsm.br<\/p>\n<p>Confira outros cursos com inscri\u00e7\u00f5es abertas no <a href=\"https:\/\/www.ufsm.br\/pro-reitorias\/prograd\/cte\/cursos-de-capacitacao-do-nte\">site da CTE<\/a>.<\/p>\n<p>\u00a0<\/p>\n<p><!-- \/wp:tadv\/classic-paragraph --><!-- wp:tadv\/classic-paragraph \/--><\/p>\t\t\t\t\t\t<\/div>\n\t\t\t\t<\/div>\n\t\t\t\t\t<\/div>\n\t\t<\/div>\n\t\t\t\t\t<\/div>\n\t\t<\/section>\n\t\t\t\t<\/div>\n\t\t","protected":false},"excerpt":{"rendered":"<p>A Universidade Federal de Santa Maria (UFSM), por meio da Coordenadoria de Tecnologia Educacional (CTE-Prograd), disponibiliza \u00e0 comunidade o curso de capacita\u00e7\u00e3o Introdu\u00e7\u00e3o \u00e0 Filosofia da M\u00fasica: temas e debates. O curso foi desenvolvido como parte do projeto de extens\u00e3o MusiCuriosos da UFSM, em parceria com a Universidade Estadual Paulista &#8220;J\u00falio de Mesquita Filho&#8221; (UNESP) [&hellip;]<\/p>\n","protected":false},"author":415,"featured_media":0,"comment_status":"closed","ping_status":"closed","sticky":false,"template":"","format":"standard","meta":{"episode_type":"","audio_file":"","cover_image":"","cover_image_id":"","duration":"","filesize":"","date_recorded":"","explicit":"","block":"","filesize_raw":"","footnotes":""},"categories":[316,510,1],"tags":[767],"class_list":["post-7871","post","type-post","status-publish","format-standard","hentry","category-capacitacao","category-capacitacao-pt","category-noticias","tag-portal-de-cursos-livres-e-abertos"],"acf":[],"_links":{"self":[{"href":"https:\/\/www.ufsm.br\/pro-reitorias\/prograd\/cte\/wp-json\/wp\/v2\/posts\/7871","targetHints":{"allow":["GET"]}}],"collection":[{"href":"https:\/\/www.ufsm.br\/pro-reitorias\/prograd\/cte\/wp-json\/wp\/v2\/posts"}],"about":[{"href":"https:\/\/www.ufsm.br\/pro-reitorias\/prograd\/cte\/wp-json\/wp\/v2\/types\/post"}],"author":[{"embeddable":true,"href":"https:\/\/www.ufsm.br\/pro-reitorias\/prograd\/cte\/wp-json\/wp\/v2\/users\/415"}],"replies":[{"embeddable":true,"href":"https:\/\/www.ufsm.br\/pro-reitorias\/prograd\/cte\/wp-json\/wp\/v2\/comments?post=7871"}],"version-history":[{"count":0,"href":"https:\/\/www.ufsm.br\/pro-reitorias\/prograd\/cte\/wp-json\/wp\/v2\/posts\/7871\/revisions"}],"wp:attachment":[{"href":"https:\/\/www.ufsm.br\/pro-reitorias\/prograd\/cte\/wp-json\/wp\/v2\/media?parent=7871"}],"wp:term":[{"taxonomy":"category","embeddable":true,"href":"https:\/\/www.ufsm.br\/pro-reitorias\/prograd\/cte\/wp-json\/wp\/v2\/categories?post=7871"},{"taxonomy":"post_tag","embeddable":true,"href":"https:\/\/www.ufsm.br\/pro-reitorias\/prograd\/cte\/wp-json\/wp\/v2\/tags?post=7871"}],"curies":[{"name":"wp","href":"https:\/\/api.w.org\/{rel}","templated":true}]}}