{"id":7940,"date":"2026-03-02T09:39:59","date_gmt":"2026-03-02T12:39:59","guid":{"rendered":"https:\/\/www.ufsm.br\/pro-reitorias\/prograd\/cte\/?p=7940"},"modified":"2026-03-02T09:52:25","modified_gmt":"2026-03-02T12:52:25","slug":"cte-disponibiliza-a-partir-de-02-3-2026-o-mooc-acolhimento-de-estudantes-do-hospital-universitario-de-santa-maria","status":"publish","type":"post","link":"https:\/\/www.ufsm.br\/pro-reitorias\/prograd\/cte\/2026\/03\/02\/cte-disponibiliza-a-partir-de-02-3-2026-o-mooc-acolhimento-de-estudantes-do-hospital-universitario-de-santa-maria","title":{"rendered":"CTE disponibiliza, a partir de 02\/3\/2026, o MOOC &#8220;Acolhimento de Estudantes do Hospital Universit\u00e1rio de Santa Maria&#8221;."},"content":{"rendered":"\n\n\n<p>A Universidade Federal de Santa Maria disponibiliza \u00e0 comunidade o curso <strong>Acolhimento de Estudantes do Hospital Universit\u00e1rio de Santa Maria<\/strong>. O curso foi desenvolvido pela Ger\u00eancia de Ensino e Pesquisa do Hospital Universit\u00e1rio de Santa Maria (GEP\/HUSM-UFSM) com apoio da Coordenadoria de Tecnologia Educacional (CTE\/Prograd-UFSM).<\/p>\n<p>Veja, a seguir, as informa\u00e7\u00f5es do curso:<\/p>\n<ul>\n<li>Tipo de curso: <em>Massive Open Online Course &#8211; MOOC, <\/em>que significa curso massivo, aberto, on-line. O curso \u00e9 gratuito e autoinstrucional (sem intera\u00e7\u00e3o com professores).<\/li>\n<li>Plataforma de ensino: Moodle Capacita\u00e7\u00e3o da UFSM.<\/li>\n<li>Carga hor\u00e1ria: 10 horas.<\/li>\n<li>P\u00fablico: Estudantes de ensino t\u00e9cnico, gradua\u00e7\u00e3o e p\u00f3s-gradua\u00e7\u00e3o que realizam atividades pr\u00e1ticas de Ensino, Pesquisa e Extens\u00e3o no HUSM.<\/li>\n<li>Certificado: Dispon\u00edvel aos concluintes aprovados no curso.<\/li>\n<li>Inscri\u00e7\u00f5es: Sistema de autoinscri\u00e7\u00e3o, a partir da p\u00e1gina do <a href=\"https:\/\/www.ufsm.br\/pro-reitorias\/prograd\/portal-de-cursos-livres-e-abertos\">Portal de Cursos Livres e Abertos da UFSM<\/a> ou da p\u00e1gina da CTE. Para realizar a inscri\u00e7\u00e3o, o interessado precisa ter ou criar uma conta de usu\u00e1rio no <strong>Moodle Capacita\u00e7\u00e3o<\/strong>\u00a0<strong>da UFSM<\/strong> e depois se inscrever, usando a chave \u201ccursoaberto\u201d.<\/li>\n<\/ul>\n<p>Para conhecer o conte\u00fado program\u00e1tico do curso e outras informa\u00e7\u00f5es, leia o\u00a0<a href=\"https:\/\/www.ufsm.br\/app\/uploads\/sites\/358\/2026\/03\/INFO-MOOC_ACOLHIMENTO_EST_HUSM.pdf\">Informativo<\/a> e, para se inscrever, clique <a href=\"https:\/\/capacitacao.proj.ufsm.br\/enrol\/index.php?id=6210\">AQUI<\/a>.<\/p>\n<p><img decoding=\"async\" class=\"alignleft wp-image-7939 size-medium\" src=\"https:\/\/www.ufsm.br\/app\/uploads\/sites\/358\/2026\/03\/PAINEL_ACOLHIMENTO_EST_HUSM-300x100.jpg\" alt=\"\" width=\"300\" height=\"100\" srcset=\"https:\/\/www.ufsm.br\/app\/uploads\/sites\/358\/2026\/03\/PAINEL_ACOLHIMENTO_EST_HUSM-300x100.jpg 300w, https:\/\/www.ufsm.br\/app\/uploads\/sites\/358\/2026\/03\/PAINEL_ACOLHIMENTO_EST_HUSM-1024x342.jpg 1024w, https:\/\/www.ufsm.br\/app\/uploads\/sites\/358\/2026\/03\/PAINEL_ACOLHIMENTO_EST_HUSM-768x256.jpg 768w, https:\/\/www.ufsm.br\/app\/uploads\/sites\/358\/2026\/03\/PAINEL_ACOLHIMENTO_EST_HUSM-1536x513.jpg 1536w, https:\/\/www.ufsm.br\/app\/uploads\/sites\/358\/2026\/03\/PAINEL_ACOLHIMENTO_EST_HUSM.jpg 1920w\" sizes=\"(max-width: 300px) 100vw, 300px\" \/>D\u00favidas podem ser esclarecidas pelo e-mail: equipecapacitacao@cead.ufsm.br<\/p>\n<p>Confira todos os cursos com inscri\u00e7\u00f5es abertas no\u00a0<a href=\"https:\/\/www.ufsm.br\/pro-reitorias\/prograd\/cte\/cursos-de-capacitacao-do-nte\">site da CTE<\/a>\u00a0e no\u00a0<a href=\"https:\/\/www.ufsm.br\/pro-reitorias\/prograd\/portal-de-cursos-livres-e-abertos\">Portal de Cursos Livres e Abertos da UFSM.<\/a><\/p>\n\n\n","protected":false},"excerpt":{"rendered":"<p>A Universidade Federal de Santa Maria disponibiliza \u00e0 comunidade o curso Acolhimento de Estudantes do Hospital Universit\u00e1rio de Santa Maria. O curso foi desenvolvido pela Ger\u00eancia de Ensino e Pesquisa do Hospital Universit\u00e1rio de Santa Maria (GEP\/HUSM-UFSM) com apoio da Coordenadoria de Tecnologia Educacional (CTE\/Prograd-UFSM). Veja, a seguir, as informa\u00e7\u00f5es do curso: Tipo de curso: [&hellip;]<\/p>\n","protected":false},"author":415,"featured_media":0,"comment_status":"closed","ping_status":"closed","sticky":false,"template":"","format":"standard","meta":{"episode_type":"","audio_file":"","cover_image":"","cover_image_id":"","duration":"","filesize":"","date_recorded":"","explicit":"","block":"","filesize_raw":"","footnotes":""},"categories":[316,510,1,658],"tags":[778,321,777,739,776,731],"class_list":["post-7940","post","type-post","status-publish","format-standard","hentry","category-capacitacao","category-capacitacao-pt","category-noticias","category-portal-de-cursos-livres-e-abertos","tag-acolhimento-de-estudantes","tag-capacitacao","tag-ciencias-da-saude","tag-educacao","tag-husm","tag-mooc"],"acf":[],"_links":{"self":[{"href":"https:\/\/www.ufsm.br\/pro-reitorias\/prograd\/cte\/wp-json\/wp\/v2\/posts\/7940","targetHints":{"allow":["GET"]}}],"collection":[{"href":"https:\/\/www.ufsm.br\/pro-reitorias\/prograd\/cte\/wp-json\/wp\/v2\/posts"}],"about":[{"href":"https:\/\/www.ufsm.br\/pro-reitorias\/prograd\/cte\/wp-json\/wp\/v2\/types\/post"}],"author":[{"embeddable":true,"href":"https:\/\/www.ufsm.br\/pro-reitorias\/prograd\/cte\/wp-json\/wp\/v2\/users\/415"}],"replies":[{"embeddable":true,"href":"https:\/\/www.ufsm.br\/pro-reitorias\/prograd\/cte\/wp-json\/wp\/v2\/comments?post=7940"}],"version-history":[{"count":0,"href":"https:\/\/www.ufsm.br\/pro-reitorias\/prograd\/cte\/wp-json\/wp\/v2\/posts\/7940\/revisions"}],"wp:attachment":[{"href":"https:\/\/www.ufsm.br\/pro-reitorias\/prograd\/cte\/wp-json\/wp\/v2\/media?parent=7940"}],"wp:term":[{"taxonomy":"category","embeddable":true,"href":"https:\/\/www.ufsm.br\/pro-reitorias\/prograd\/cte\/wp-json\/wp\/v2\/categories?post=7940"},{"taxonomy":"post_tag","embeddable":true,"href":"https:\/\/www.ufsm.br\/pro-reitorias\/prograd\/cte\/wp-json\/wp\/v2\/tags?post=7940"}],"curies":[{"name":"wp","href":"https:\/\/api.w.org\/{rel}","templated":true}]}}