{"id":573,"date":"2025-08-14T15:15:35","date_gmt":"2025-08-14T18:15:35","guid":{"rendered":"https:\/\/www.ufsm.br\/pro-reitorias\/prograd\/egressos\/?p=573"},"modified":"2026-03-24T06:37:57","modified_gmt":"2026-03-24T09:37:57","slug":"inscricoes-para-a-4a-janela-de-ingresso-na-pos-graduacao-da-ufsm-seguem-ate-25-de-agosto","status":"publish","type":"post","link":"https:\/\/www.ufsm.br\/pro-reitorias\/prograd\/egressos\/2025\/08\/14\/inscricoes-para-a-4a-janela-de-ingresso-na-pos-graduacao-da-ufsm-seguem-ate-25-de-agosto","title":{"rendered":"Inscri\u00e7\u00f5es para a 4\u00aa janela de ingresso na p\u00f3s-gradua\u00e7\u00e3o da UFSM seguem at\u00e9 25 de agosto"},"content":{"rendered":"\n<p>\u00a0<\/p>\n<p>Est\u00e3o abertas,<strong> at\u00e9 25 de agosto<\/strong>, as inscri\u00e7\u00f5es para a 4\u00aa janela de ingresso na <strong>p\u00f3s-gradua\u00e7\u00e3o da UFSM<\/strong>. S\u00e3o disponibilizadas vagas em 16 cursos de especializa\u00e7\u00e3o, mestrado e doutorado. Confira as op\u00e7\u00f5es de inscri\u00e7\u00e3o e o n\u00famero de vagas:<\/p>\n<p><strong>Especializa\u00e7\u00e3o:<\/strong><\/p>\n<ul style=\"list-style-type: square\">\n<li>Estat\u00edstica e Modelagem Quantitativa (16 vagas);<\/li>\n<\/ul>\n<p><strong>Mestrado:<\/strong><\/p>\n<ul style=\"list-style-type: square\">\n<li>Agronomia &#8211; Agricultura e Ambiente &#8211; Campus Frederico Westphalen (14 vagas);<\/li>\n<li>Ci\u00eancia da Computa\u00e7\u00e3o (24 vagas);<\/li>\n<li>Ci\u00eancia do Solo (6 vagas);<\/li>\n<li>Engenharia Qu\u00edmica (18 vagas);<\/li>\n<li>Farmacologia (4 vagas);<\/li>\n<li>Ci\u00eancias do Movimento e Reabilita\u00e7\u00e3o (14 vagas);<\/li>\n<li>F\u00edsica (6 vagas);<\/li>\n<li>Mestrado Profissional em Agricultura de Precis\u00e3o (10 vagas).<\/li>\n<\/ul>\n<p><strong>Doutorado:<\/strong><\/p>\n<ul style=\"list-style-type: square\">\n<li>Agronomia &#8211; Agricultura e Ambiente &#8211; Campus Frederico Westphalen (13 vagas);<\/li>\n<li>Ci\u00eancia do Solo (1 vaga);<\/li>\n<li>Ci\u00eancias do Movimento e Reabilita\u00e7\u00e3o (20 vagas);<\/li>\n<li>Economia &amp; Desenvolvimento (6 vagas);<\/li>\n<li>Engenharia Qu\u00edmica (13 vagas);<\/li>\n<li>Farmacologia (4 vagas);<\/li>\n<li>F\u00edsica (6 vagas).<\/li>\n<\/ul>\n<p>Nesta janela, s\u00e3o oferecidas vagas para os <strong><a href=\"https:\/\/www.ufsm.br\/2025\/08\/05\/4a-janela-de-ingresso-na-pos-graduacao-da-ufsm-tera-vagas-em-tres-novos-cursos-de-doutorado\" target=\"_blank\" rel=\"noopener\">tr\u00eas novos cursos de doutorado<\/a><\/strong> da Institui\u00e7\u00e3o:\u00a0<\/p>\n<ul style=\"list-style-type: square\">\n<li><strong>Agronomia, Agricultura e Ambiente (PPGAAA);<\/strong><\/li>\n<li><strong>Economia &amp; Desenvolvimento (PPGE&amp;D); e<\/strong><\/li>\n<li><strong>Ci\u00eancias do Movimento e Reabilita\u00e7\u00e3o (PPGCMR).<\/strong><\/li>\n<\/ul>\n<p>As orienta\u00e7\u00f5es e o link de inscri\u00e7\u00e3o est\u00e3o no <strong><a href=\"https:\/\/www.ufsm.br\/pro-reitorias\/prpgp\/editais\/065-2024\">Edital 065\/2024<\/a><\/strong> da Pr\u00f3-Reitoria de P\u00f3s-Gradua\u00e7\u00e3o e Pesquisa (PRPGP). Outras informa\u00e7\u00f5es podem ser solicitadas ao e-mail <a href=\"mailto:prpgp@ufsm.br\"><strong>prpgp@ufsm.br<\/strong><\/a>.\u00a0<\/p>\n<p><em>Fonte: ufsm.br\u00a0<\/em><\/p>\n<p>\u00a0<\/p>\n","protected":false},"excerpt":{"rendered":"<p>H\u00e1 vagas em 16 cursos de especializa\u00e7\u00e3o, mestrado e doutorado<\/p>\n","protected":false},"author":95,"featured_media":574,"comment_status":"closed","ping_status":"closed","sticky":false,"template":"","format":"standard","meta":{"footnotes":""},"categories":[6],"tags":[42,30,59,41,43,36,31],"class_list":["post-573","post","type-post","status-publish","format-standard","has-post-thumbnail","hentry","category-noticias","tag-doutorado","tag-egressos","tag-especializacao","tag-mestrado","tag-pos-graduacao","tag-prograd","tag-ufsm"],"acf":[],"_links":{"self":[{"href":"https:\/\/www.ufsm.br\/pro-reitorias\/prograd\/egressos\/wp-json\/wp\/v2\/posts\/573","targetHints":{"allow":["GET"]}}],"collection":[{"href":"https:\/\/www.ufsm.br\/pro-reitorias\/prograd\/egressos\/wp-json\/wp\/v2\/posts"}],"about":[{"href":"https:\/\/www.ufsm.br\/pro-reitorias\/prograd\/egressos\/wp-json\/wp\/v2\/types\/post"}],"author":[{"embeddable":true,"href":"https:\/\/www.ufsm.br\/pro-reitorias\/prograd\/egressos\/wp-json\/wp\/v2\/users\/95"}],"replies":[{"embeddable":true,"href":"https:\/\/www.ufsm.br\/pro-reitorias\/prograd\/egressos\/wp-json\/wp\/v2\/comments?post=573"}],"version-history":[{"count":0,"href":"https:\/\/www.ufsm.br\/pro-reitorias\/prograd\/egressos\/wp-json\/wp\/v2\/posts\/573\/revisions"}],"wp:featuredmedia":[{"embeddable":true,"href":"https:\/\/www.ufsm.br\/pro-reitorias\/prograd\/egressos\/wp-json\/wp\/v2\/media\/574"}],"wp:attachment":[{"href":"https:\/\/www.ufsm.br\/pro-reitorias\/prograd\/egressos\/wp-json\/wp\/v2\/media?parent=573"}],"wp:term":[{"taxonomy":"category","embeddable":true,"href":"https:\/\/www.ufsm.br\/pro-reitorias\/prograd\/egressos\/wp-json\/wp\/v2\/categories?post=573"},{"taxonomy":"post_tag","embeddable":true,"href":"https:\/\/www.ufsm.br\/pro-reitorias\/prograd\/egressos\/wp-json\/wp\/v2\/tags?post=573"}],"curies":[{"name":"wp","href":"https:\/\/api.w.org\/{rel}","templated":true}]}}