{"id":1056,"date":"2024-06-04T09:42:17","date_gmt":"2024-06-04T12:42:17","guid":{"rendered":"https:\/\/www.ufsm.br\/pro-reitorias\/prograd\/sisu\/?p=1056"},"modified":"2024-06-17T15:44:13","modified_gmt":"2024-06-17T18:44:13","slug":"inscricoes-no-enem-2024-seguem-ate-07-de-junho-moradoresas-do-rs-terao-prazo-extra-para-fazer-inscricao","status":"publish","type":"post","link":"https:\/\/www.ufsm.br\/pro-reitorias\/prograd\/sisu\/2024\/06\/04\/inscricoes-no-enem-2024-seguem-ate-07-de-junho-moradoresas-do-rs-terao-prazo-extra-para-fazer-inscricao","title":{"rendered":"Inscri\u00e7\u00f5es no ENEM 2024 s\u00e3o prorrogadas para 14 de junho"},"content":{"rendered":"\n<p>\u00a0<\/p>\n<p>O prazo para as inscri\u00e7\u00f5es do <strong>Exame Nacional do Ensino M\u00e9dio (Enem) 2024 <\/strong>foi ampliado para a pr\u00f3xima sexta, <strong>14 de junho<\/strong>. Neste contexto, outras datas que fazem parte do cronograma do exame tamb\u00e9m foram ajustadas. As solicita\u00e7\u00f5es de atendimento especializado e tratamento por nome social tamb\u00e9m v\u00e3o at\u00e9 14 de junho. O pagamento da taxa de inscri\u00e7\u00e3o segue at\u00e9 19 de junho. O Inep aplicar\u00e1 as provas em 3 e 10 de novembro, nas 27 unidades da Federa\u00e7\u00e3o.<b><\/b><\/p>\n<p>\u201cCom essa decis\u00e3o, n\u00f3s queremos ampliar ainda mais as oportunidades para que os jovens fa\u00e7am o Enem, que \u00e9 a porta de entrada para a gradua\u00e7\u00e3o. Estudantes do Rio Grande do Sul e de todo o Brasil agora t\u00eam mais uma semana para se inscrever, pela P\u00e1gina do Participante. Quem est\u00e1 concluindo o ensino m\u00e9dio em escola p\u00fablica n\u00e3o paga taxa de inscri\u00e7\u00e3o\u201d, anunciou o Ministro de Estado da Educa\u00e7\u00e3o, Camilo Santana.<\/p>\n<p>O Instituto Nacional de Estudos e Pesquisas Educacionais An\u00edsio Teixeira (Inep) preparou um passo a passo que explica como navegar na <a href=\"https:\/\/enem.inep.gov.br\/participante\" target=\"_blank\" rel=\"noopener\"><strong>P\u00e1gina do Participante<\/strong><\/a> e se inscrever no exame.<\/p>\n<p><strong>Pagamento<\/strong> \u2013 Ap\u00f3s a realiza\u00e7\u00e3o da inscri\u00e7\u00e3o, a P\u00e1gina do Participante gerar\u00e1 um boleto do Banco do Brasil para o pagamento da taxa. Esse boleto s\u00f3 \u00e9 disponibilizado \u00e0 pessoa inscrita ap\u00f3s acesso ao sistema do exame, por meio do <em>login<\/em> \u00fanico na plataforma Gov BR.<\/p>\n<p><strong>Rio Grande do Sul<\/strong> \u2013 Os(as) moradores(as) do Rio Grande do Sul (RS) ter\u00e3o <strong>isen\u00e7\u00e3o da taxa de inscri\u00e7\u00e3o garantida<\/strong> (inclusive nos casos de justificativa de aus\u00eancia, na edi\u00e7\u00e3o de 2023, reprovada).\u00a0<\/p>\n<p>O prazo para inscri\u00e7\u00e3o de moradores(as) do RS foi <a href=\"https:\/\/ufsm.br\/r-501-1059\"><strong>prorrogado para 21 de junho<\/strong><\/a>.<\/p>\n<p>\u00a0<\/p>\n<p><strong>Confira o passo a passo para inscri\u00e7\u00e3o:<\/strong><\/p>\n<p><strong>1\u00a0<\/strong>\u2013 Acesse a P\u00e1gina do Participante em<a href=\"https:\/\/enem.inep.gov.br\/participante\" target=\"_blank\" rel=\"noopener\"><strong> https:\/\/enem.inep.gov.br\/participante<\/strong><\/a> e selecione o bot\u00e3o \u201cInscri\u00e7\u00e3o\u201d.<\/p>\n<p><img decoding=\"async\" class=\"image-inline\" src=\"https:\/\/www.gov.br\/inep\/pt-br\/imagens\/noticias\/imagem-1.png\" alt=\".\" \/><\/p>\n<p><strong>2\u00a0<\/strong>\u2013 Responda \u00e0 pergunta feita pela assistente virtual para seguir.<\/p>\n<p><img decoding=\"async\" class=\"image-inline\" src=\"https:\/\/www.gov.br\/inep\/pt-br\/imagens\/noticias\/imagem-2.png\" alt=\".\" \/><\/p>\n<p><strong>3<\/strong>\u00a0\u2013 Em seguida, insira o n\u00famero do CPF, a data de nascimento (iguais aos cadastrados na Receita Federal) e clique em \u201cIniciar a inscri\u00e7\u00e3o\u201d.<\/p>\n<p><img decoding=\"async\" class=\"image-inline\" src=\"https:\/\/www.gov.br\/inep\/pt-br\/imagens\/noticias\/imagem-3.png\" alt=\".\" \/><\/p>\n<p><strong>4<\/strong>\u00a0\u2013 Prossiga de acordo com as orienta\u00e7\u00f5es e confirme as informa\u00e7\u00f5es solicitadas. Dados como \u201cCor\/Ra\u00e7a\u201d, \u201cEstado Civil\u201d e \u201cNacionalidade\u201d, entre outros, s\u00e3o obrigat\u00f3rios.<\/p>\n<p><img decoding=\"async\" class=\"image-inline\" src=\"https:\/\/www.gov.br\/inep\/pt-br\/imagens\/noticias\/imagem-4.png\" alt=\".\" \/><\/p>\n<p><strong>5\u00a0<\/strong>\u2013 Informe se ser\u00e3o necess\u00e1rios recursos de acessibilidade.<\/p>\n<p><img decoding=\"async\" class=\"image-inline\" src=\"https:\/\/www.gov.br\/inep\/pt-br\/imagens\/noticias\/imagem-5.png\" alt=\".\" \/><\/p>\n<p><strong>6<\/strong>\u00a0\u2013 Caso necessite, selecione o recurso de acessibilidade desejado. O participante deve anexar os documentos que comprovem a condi\u00e7\u00e3o.<\/p>\n<p><img decoding=\"async\" class=\"image-inline\" src=\"https:\/\/www.gov.br\/inep\/pt-br\/imagens\/noticias\/imagem-6.png\" alt=\".\" \/><\/p>\n<p><strong>7<\/strong>\u00a0\u2013 Para solicitar tratamento por nome social, o interessado deve realizar o cadastro dessa condi\u00e7\u00e3o junto \u00e0 Receita Federal do Brasil.<\/p>\n<p><img decoding=\"async\" class=\"image-inline\" src=\"https:\/\/www.gov.br\/inep\/pt-br\/imagens\/noticias\/imagem-7.png\" alt=\".\" \/><\/p>\n<p><strong>8<\/strong>\u00a0\u2013 Escolha entre Ingl\u00eas e Espanhol para realizar a prova de l\u00edngua estrangeira.<\/p>\n<p><img decoding=\"async\" class=\"image-inline\" src=\"https:\/\/www.gov.br\/inep\/pt-br\/imagens\/noticias\/imagem-8.png\" alt=\".\" \/><\/p>\n<p><strong>9<\/strong>\u00a0\u2013 Em seguida, informe qual \u00e9 a situa\u00e7\u00e3o em rela\u00e7\u00e3o ao ensino m\u00e9dio e qual tipo de escola voc\u00ea frequentou durante esta etapa educacional. Esses e outros dados sobre o ensino m\u00e9dio n\u00e3o poder\u00e3o ser alterados ap\u00f3s a conclus\u00e3o da inscri\u00e7\u00e3o.<\/p>\n<p>\u00a0<img decoding=\"async\" class=\"image-inline\" src=\"https:\/\/www.gov.br\/inep\/pt-br\/imagens\/noticias\/imagem-9.png\" alt=\".\" \/><\/p>\n<p><strong>10<\/strong>\u00a0\u2013 Escolha o munic\u00edpio no qual deseja fazer as provas. Se o munic\u00edpio de prova for diferente do munic\u00edpio de resid\u00eancia, o sistema solicitar\u00e1 confirma\u00e7\u00e3o.<\/p>\n<p>\u00a0<img decoding=\"async\" class=\"image-inline\" src=\"https:\/\/www.gov.br\/inep\/pt-br\/imagens\/noticias\/imagem-10.png\" alt=\".\" \/><\/p>\n<p><strong>11<\/strong>\u00a0\u2013 Logo ap\u00f3s, responda ao Question\u00e1rio Socioecon\u00f4mico.<\/p>\n<p><img decoding=\"async\" class=\"image-inline\" src=\"https:\/\/www.gov.br\/inep\/pt-br\/imagens\/noticias\/imagem-11.png\" alt=\".\" \/><\/p>\n<p><strong>12<\/strong> \u2013 Ao terminar de informar os dados necess\u00e1rios, clique em \u201cEnviar Inscri\u00e7\u00e3o\u201d. Pronto!<\/p>\n<p><img decoding=\"async\" class=\"image-inline\" src=\"https:\/\/www.gov.br\/inep\/pt-br\/imagens\/noticias\/imagem-12.png\" alt=\".\" \/><\/p>\n<p><b>\u00a0<\/b><\/p>\n<p><strong>O que \u00e9 o Enem?<\/strong>\u00a0\u2013 O <strong>Exame Nacional do Ensino M\u00e9dio<\/strong> avalia o desempenho escolar dos estudantes ao t\u00e9rmino da educa\u00e7\u00e3o b\u00e1sica. Ao longo de mais de duas d\u00e9cadas de exist\u00eancia, o Enem tornou-se a principal porta de entrada para a educa\u00e7\u00e3o superior no Brasil, por meio do Sistema de Sele\u00e7\u00e3o Unificada (SiSU) e de iniciativas como o Programa Universidade para Todos (Prouni).<\/p>\n<p>Institui\u00e7\u00f5es de ensino p\u00fablicas e privadas utilizam o Enem para selecionar estudantes. Os resultados s\u00e3o utilizados como crit\u00e9rio \u00fanico ou complementar dos processos seletivos, al\u00e9m de servirem de par\u00e2metros para acesso a aux\u00edlios governamentais, como o proporcionado pelo Fundo de Financiamento Estudantil (Fies).<\/p>\n<p>A nota do Enem \u00e9 crit\u00e9rio de sele\u00e7\u00e3o no SiSU, uma das <a href=\"https:\/\/www.ufsm.br\/pro-reitorias\/prograd\/ingresse-na-ufsm\" target=\"_blank\" rel=\"noopener\"><strong>formas de ingresso na UFSM<\/strong><\/a>.<\/p>\n<p>Os resultados individuais do Enem tamb\u00e9m podem ser aproveitados nos processos seletivos de institui\u00e7\u00f5es portuguesas que possuem conv\u00eanio com o Inep para aceitar as notas do exame. Os acordos garantem acesso facilitado \u00e0s\u00a0notas dos estudantes brasileiros interessados em cursar a educa\u00e7\u00e3o superior em Portugal.<\/p>\n<p>Acompanhe as novidades do Enem 2024 no site\u00a0<a href=\"http:\/\/www.gov.br\/inep\/\" target=\"_blank\" rel=\"noopener\"><strong>https:\/\/www.gov.br\/inep\/<\/strong><\/a><\/p>\n<p>Em caso de d\u00favida, ligue\u00a0<strong>0800 616161<\/strong>\u00a0ou acesse\u00a0<a href=\"https:\/\/www.gov.br\/inep\/pt-br\/canais-de-atendimento\/fale-conosco\" target=\"_blank\" rel=\"noopener\"><strong>https:\/\/www.gov.br\/inep\/pt-br\/canais-de-atendimento\/fale-conosco\u00a0<\/strong><\/a><\/p>\n<p><strong>Links importantes:<\/strong><\/p>\n<p class=\"x_MsoNormal\"><a class=\"external-link\" title=\"\" href=\"https:\/\/www.in.gov.br\/en\/web\/dou\/-\/edital-n-51-de-10-de-maio-de-2024-559158847\" target=\"_blank\" rel=\"noopener noreferrer\" data-auth=\"Verified\" data-linkindex=\"0\" data-tippreview-enabled=\"false\" data-tippreview-image=\"\" data-tippreview-title=\"\"><strong>Acesse o edital do Enem 2024<\/strong><br \/><\/a><strong><a class=\"external-link\" title=\"\" href=\"https:\/\/enem.inep.gov.br\/participante\/#!\/\" target=\"_blank\" rel=\"noopener noreferrer\" data-auth=\"Verified\" data-linkindex=\"1\" data-tippreview-enabled=\"false\" data-tippreview-image=\"\" data-tippreview-title=\"\">Acesse a P\u00e1gina do Participante<br \/><\/a><a class=\"external-link\" title=\"\" href=\"https:\/\/sso.acesso.gov.br\/login?client_id=portal-logado.estaleiro.serpro.gov.br&amp;authorization_id=1874db13579\" target=\"_blank\" rel=\"noopener noreferrer\" data-auth=\"Verified\" data-linkindex=\"2\" data-tippreview-enabled=\"false\" data-tippreview-image=\"\" data-tippreview-title=\"\">Acesse a plataforma Gov.br<br \/><\/a><a class=\"external-link\" title=\"\" href=\"https:\/\/www.gov.br\/inep\/pt-br\/areas-de-atuacao\/avaliacao-e-exames-educacionais\/enem\/orientacoes\/aplicacao-regular\" target=\"_blank\" rel=\"noopener noreferrer\" data-auth=\"Verified\" data-linkindex=\"3\" data-tippreview-enabled=\"false\" data-tippreview-image=\"\" data-tippreview-title=\"\">Acesse a p\u00e1gina de orienta\u00e7\u00f5es do Enem<br \/><\/a><a class=\"external-link\" title=\"\" href=\"https:\/\/www.gov.br\/inep\/pt-br\/acesso-a-informacao\/perguntas-frequentes\/exame-nacional-do-ensino-medio-enem\" target=\"_blank\" rel=\"noopener noreferrer\" data-auth=\"Verified\" data-linkindex=\"4\" data-tippreview-enabled=\"false\" data-tippreview-image=\"\" data-tippreview-title=\"\">Acesse a p\u00e1gina de perguntas frequentes do Enem<br \/><\/a><\/strong><a class=\"external-link\" title=\"\" href=\"https:\/\/www.gov.br\/inep\/pt-br\/areas-de-atuacao\/avaliacao-e-exames-educacionais\/enem\" target=\"_blank\" rel=\"noopener noreferrer\" data-auth=\"Verified\" data-linkindex=\"5\" data-tippreview-enabled=\"false\" data-tippreview-image=\"\" data-tippreview-title=\"\"><strong>Saiba mais sobre o Enem<\/strong><br \/><br \/><\/a><\/p>\n<p class=\"x_MsoNormal\"><i>Fonte: Assessoria de Comunica\u00e7\u00e3o Social do Inep<\/i><\/p>\n","protected":false},"excerpt":{"rendered":"<p>Moradores(as) do Rio Grande do Sul poder\u00e3o fazer a inscri\u00e7\u00e3o at\u00e9 21 de junho<\/p>\n","protected":false},"author":95,"featured_media":0,"comment_status":"closed","ping_status":"closed","sticky":false,"template":"","format":"standard","meta":{"footnotes":""},"categories":[29],"tags":[44,84,43,42,36,41],"class_list":["post-1056","post","type-post","status-publish","format-standard","hentry","category-destaque","tag-enem","tag-enem-2024","tag-graduacao","tag-prograd","tag-sisu","tag-ufsm"],"acf":[],"_links":{"self":[{"href":"https:\/\/www.ufsm.br\/pro-reitorias\/prograd\/sisu\/wp-json\/wp\/v2\/posts\/1056","targetHints":{"allow":["GET"]}}],"collection":[{"href":"https:\/\/www.ufsm.br\/pro-reitorias\/prograd\/sisu\/wp-json\/wp\/v2\/posts"}],"about":[{"href":"https:\/\/www.ufsm.br\/pro-reitorias\/prograd\/sisu\/wp-json\/wp\/v2\/types\/post"}],"author":[{"embeddable":true,"href":"https:\/\/www.ufsm.br\/pro-reitorias\/prograd\/sisu\/wp-json\/wp\/v2\/users\/95"}],"replies":[{"embeddable":true,"href":"https:\/\/www.ufsm.br\/pro-reitorias\/prograd\/sisu\/wp-json\/wp\/v2\/comments?post=1056"}],"version-history":[{"count":0,"href":"https:\/\/www.ufsm.br\/pro-reitorias\/prograd\/sisu\/wp-json\/wp\/v2\/posts\/1056\/revisions"}],"wp:attachment":[{"href":"https:\/\/www.ufsm.br\/pro-reitorias\/prograd\/sisu\/wp-json\/wp\/v2\/media?parent=1056"}],"wp:term":[{"taxonomy":"category","embeddable":true,"href":"https:\/\/www.ufsm.br\/pro-reitorias\/prograd\/sisu\/wp-json\/wp\/v2\/categories?post=1056"},{"taxonomy":"post_tag","embeddable":true,"href":"https:\/\/www.ufsm.br\/pro-reitorias\/prograd\/sisu\/wp-json\/wp\/v2\/tags?post=1056"}],"curies":[{"name":"wp","href":"https:\/\/api.w.org\/{rel}","templated":true}]}}