{"id":758,"date":"2022-08-01T10:32:27","date_gmt":"2022-08-01T13:32:27","guid":{"rendered":"https:\/\/www.ufsm.br\/pro-reitorias\/prograd\/sisu\/?p=758"},"modified":"2022-08-08T08:55:14","modified_gmt":"2022-08-08T11:55:14","slug":"inscritosas-na-lista-de-espera-do-sisu-2022-2-tem-ate-04-8-para-fazer-a-habilitacao-no-portal-ufsm","status":"publish","type":"post","link":"https:\/\/www.ufsm.br\/pro-reitorias\/prograd\/sisu\/2022\/08\/01\/inscritosas-na-lista-de-espera-do-sisu-2022-2-tem-ate-04-8-para-fazer-a-habilitacao-no-portal-ufsm","title":{"rendered":"Inscritos(as) na lista de espera do SiSU 2022\/2 t\u00eam at\u00e9 04\/8 para fazer a habilita\u00e7\u00e3o no Portal UFSM"},"content":{"rendered":"\n<p><span style=\"background-color: #ffff00\"><strong>ATEN\u00c7\u00c3O:<\/strong><\/span><\/p>\n<p>Foi verificado que algumas pessoas classificadas na Primeira Chamada Oral On-line da Lista de Espera N\u00c3O tiveram seus nomes anunciados durante a Sess\u00e3o P\u00fablica transmitida no dia 5\/8.<\/p>\n<p>Verifique o List\u00e3o atualizado, o informe e o cronograma retificado das Webconfer\u00eancias junto ao Edital em <a href=\"https:\/\/www.ufsm.br\/pro-reitorias\/prograd\/sisu\/editais\/034-2022\" target=\"_blank\" rel=\"noopener\"><strong>https:\/\/www.ufsm.br\/pro-reitorias\/prograd\/sisu\/editais\/034-2022<\/strong><\/a><\/p>\n<p>\u00a0<\/p>\n<p>\u00a0<\/p>\n<hr \/>\n<p>\u00a0As pessoas que manifestaram interesse na<a href=\"https:\/\/www.ufsm.br\/app\/uploads\/sites\/501\/2022\/07\/Edital_034_2022_Prograd_UFSM_Pessoas_Inscritas_na_Lista_de_Espera_SiSU_2022_2.pdf\"><strong> Lista de Espera<\/strong> <\/a>do <strong>Sistema de Sele\u00e7\u00e3o Unificada (SiSU UFSM 2022\/2)<\/strong> t\u00eam at\u00e9 a pr\u00f3xima<strong> quinta-feira, 04 de agosto<\/strong>, para realizar a <strong>Habilita\u00e7\u00e3o \u00e0s vagas<\/strong>.<\/p>\n<p>A Universidade Federal de Santa Maria publicou, no site <a href=\"https:\/\/ufsm.br\/sisu\" target=\"_blank\" rel=\"noopener\"><strong>ufsm.br\/sisu<\/strong><\/a>, o <a href=\"https:\/\/www.ufsm.br\/pro-reitorias\/prograd\/sisu\/editais\/034-2022\" target=\"_blank\" rel=\"noopener\"><strong>Edital 034\/2022-Prograd<\/strong><\/a>, com as orienta\u00e7\u00f5es e modelos documentais, bem como a<a href=\"https:\/\/www.ufsm.br\/app\/uploads\/sites\/501\/2022\/07\/Edital_034_2022_Prograd_UFSM_Pessoas_Inscritas_na_Lista_de_Espera_SiSU_2022_2.pdf\" target=\"_blank\" rel=\"noopener\"><strong> lista de inscritos(as)<\/strong> <\/a>e o<a href=\"https:\/\/www.ufsm.br\/app\/uploads\/sites\/501\/2022\/07\/QUADRO_DE_VAGAS_SiSU_2022_2_Primeira_Chamada_Oral_Online_Lista_de_Espera.pdf\" target=\"_blank\" rel=\"noopener\"><strong> Quadro de Vagas<\/strong><\/a>, organizado por curso e cota.<\/p>\n<p>A Habilita\u00e7\u00e3o consiste no envio digital da documenta\u00e7\u00e3o geral (referente a todas as Cotas e \u00e0 Ampla Concorr\u00eancia) e da espec\u00edfica (de acordo com cada op\u00e7\u00e3o por Cota), via <a href=\"https:\/\/portal.ufsm.br\/confirmacao\/loginCandidato.html\" target=\"_blank\" rel=\"noopener\"><strong>Portal de Confirma\u00e7\u00e3o de Vaga e Habilita\u00e7\u00e3o da UFSM<\/strong><\/a>.<\/p>\n<p>A Pr\u00f3-reitoria de Gradua\u00e7\u00e3o (Prograd) orienta que <span style=\"background-color: #ffff00\"><strong>todos(as) os(as) candidatos(as) que t\u00eam o nome na lista de espera realizem a Habilita\u00e7\u00e3o<\/strong><\/span>, mesmo que sua coloca\u00e7\u00e3o na listagem esteja distante ou fora das vagas anunciadas para o curso. <span style=\"background-color: #ffff00\"><strong>Somente quem fizer a Habilita\u00e7\u00e3o concorrer\u00e1 \u00e0s vagas<\/strong><\/span>.<\/p>\n<p>Caso o(a) candidato(a)<strong> n\u00e3o<\/strong> realize a Habilita\u00e7\u00e3o para a Primeira Chamada Oral On-line da Lista de Espera do SiSU, poder\u00e1 faz\u00ea-lo quando o Edital da <strong>Segunda Chamada<\/strong> for publicado em <a href=\"https:\/\/ufsm.br\/sisu\"><strong>ufsm.br\/sisu<\/strong><\/a>, caso sobrem vagas para o curso escolhido.<\/p>\n<p>J\u00e1 quem se habilitar para a Primeira Chamada Oral <strong>n\u00e3o<\/strong> <strong>precisar\u00e1 realizar nova habilita\u00e7\u00e3o<\/strong>, e seguir\u00e1 concorrendo nas Chamadas da Lista de Espera do SiSU 2022\/2 posteriores.<\/p>\n<p><br \/>A Prograd disponibilizou, no site do SiSU\/UFSM, um <a href=\"https:\/\/www.ufsm.br\/pro-reitorias\/prograd\/sisu\/perguntas-frequentes\/\" target=\"_blank\" rel=\"noopener\"><strong>tira-d\u00favidas<\/strong><\/a> com as principais orienta\u00e7\u00f5es sobre a Habilita\u00e7\u00e3o, bem como um <a href=\"https:\/\/www.ufsm.br\/pro-reitorias\/prograd\/sisu\/passo-a-passo-para-acesso-e-inscricao-no-portal-de-confirmacao-de-vaga-e-habilitacao-para-a-chamada-oral\/\" target=\"_blank\" rel=\"noopener\"><strong>passo a passo<\/strong><\/a>\u00a0para acesso ao sistema:<\/p>\n<p>1) Consulte junto ao Edital, em ufsm.br\/sisu, o seu nome na <a href=\"https:\/\/www.ufsm.br\/app\/uploads\/sites\/501\/2022\/07\/Edital_034_2022_Prograd_UFSM_Pessoas_Inscritas_na_Lista_de_Espera_SiSU_2022_2.pdf\" target=\"_blank\" rel=\"noopener\"><strong>Lista de Pessoas Inscritas<\/strong> <\/a>que manifestaram interesse na Chamada Oral;<\/p>\n<p>2) Leia atentamente o <a href=\"https:\/\/www.ufsm.br\/app\/uploads\/sites\/501\/2022\/07\/Edital_034_2022_Prograd_UFSM_Primeira_Chamada_Oral_da_Lista_de_Espera_SiSU_2022_2.pdf\" target=\"_blank\" rel=\"noopener\"><strong>Edital<\/strong><\/a>, o <a href=\"https:\/\/www.ufsm.br\/app\/uploads\/sites\/501\/2022\/07\/QUADRO_DE_VAGAS_SiSU_2022_2_Primeira_Chamada_Oral_Online_Lista_de_Espera.pdf\" target=\"_blank\" rel=\"noopener\"><strong>Quadro de Vagas<\/strong> <\/a>e fa\u00e7a uma lista da documenta\u00e7\u00e3o necess\u00e1ria \u00e0 sua cota;<\/p>\n<p>3) Antes de acessar o sistema, imprima, preencha e salve em PDF toda a <strong>documenta\u00e7\u00e3o geral e espec\u00edfica<\/strong> solicitada no Edital;<\/p>\n<p>4) At\u00e9 04 de agosto, realize a Habilita\u00e7\u00e3o, enviando os documentos no <a href=\"https:\/\/portal.ufsm.br\/confirmacao\/loginCandidato.html\" target=\"_blank\" rel=\"noopener\"><strong>Portal da UFSM<\/strong><\/a>;<\/p>\n<p>5) <span style=\"background-color: #ffff00\"><strong>Somente quem se habilitar vai concorrer \u00e0s vagas da Primeira Chamada da Lista de Espera;<\/strong><\/span><\/p>\n<p>6) <span style=\"background-color: #ffff00\"><strong>Fa\u00e7a a Habilita\u00e7\u00e3o mesmo que esteja em classifica\u00e7\u00e3o distante ou fora das vagas anunciadas para o Curso ou Cota<\/strong><\/span>;<\/p>\n<p>7) Fique atento ao<a href=\"https:\/\/www.ufsm.br\/pro-reitorias\/prograd\/sisu\/editais\/034-2022\" target=\"_blank\" rel=\"noopener\"><strong> cronograma das Webconfer\u00eancias<\/strong> <\/a>se voc\u00ea estiver inscrito(a) pelas <strong>Cotas L2, L6, L9, L10, L13 ou L14.\u00a0<\/strong>O cronograma ser\u00e1 publicado no dia 05\/8, ap\u00f3s a Sess\u00e3o P\u00fablica de leitura dos nomes classificados, e as Webconfer\u00eancias est\u00e3o previstas para os dias 09 e 10\/8.<\/p>\n<p><br \/>A Prograd tamb\u00e9m selecionou no site do SiSU\/UFSM os <a href=\"https:\/\/www.ufsm.br\/pro-reitorias\/prograd\/sisu\/erros-comuns-na-insercao-de-documentos\/\" target=\"_blank\" rel=\"noopener\"><strong>erros mais frequentes<\/strong><\/a> cometidos pelos(as) candidatos(as) no momento de anexar digitalmente os documentos:<\/p>\n<p>1) No Portal de Confirma\u00e7\u00e3o de Vaga e Habilita\u00e7\u00e3o, <strong>N\u00c3O<\/strong> \u00e9 preciso inserir o <strong>N\u00famero de Inscri\u00e7\u00e3o<\/strong>;<\/p>\n<p>2) Se o <strong>e-mail<\/strong> for digitado incorretamente no Portal, a UFSM n\u00e3o ter\u00e1 como entrar em contato com o(a) candidato(a), informando sobre o deferimento ou indeferimento da confirma\u00e7\u00e3o de vaga;<\/p>\n<p>3) Evite anexar documentos diretamente de<strong> drives virtuais<\/strong> como Google Drive ou Dropbox &#8211; baixe antes os documentos para seu aparelho;<\/p>\n<p>4) Cuidado com o <strong>tamanho<\/strong> de cada arquivo &#8211; no m\u00e1ximo 25 MB;<\/p>\n<p>5) Se problemas persistirem, verifique sua <strong>conex\u00e3o de internet<\/strong> e tente <strong>outro navegador<\/strong> ou <strong>outro dispositivo<\/strong> (celular, tablet, computador)<\/p>\n<p>\u00a0<\/p>\n<h3>Sess\u00e3o P\u00fablica de leitura dos nomes classificados<\/h3>\n<p>No dia <strong>05\/8<\/strong>, <span style=\"background-color: #ffff00\"><strong>\u00e0s 17 horas<\/strong><\/span>, a Prograd realizar\u00e1 Sess\u00e3o P\u00fablica, na qual ser\u00e3o lidos os <strong>nomes das pessoas classificadas dentro das vagas anunciadas<\/strong>. Estes(as) candidatos(as) <strong>ter\u00e3o sua documenta\u00e7\u00e3o analisada<\/strong> pela Comiss\u00e3o de Ingresso Acad\u00eamico.<\/p>\n<p>O evento ser\u00e1 transmitido pelo <a href=\"https:\/\/ufsm.br\/youtubeprograd\" target=\"_blank\" rel=\"noopener\"><strong>canal da Pr\u00f3-reitoria de Gradua\u00e7\u00e3o no YouTube<\/strong><\/a>. Posteriormente, a lista em PDF ser\u00e1 tamb\u00e9m publicada em <a href=\"https:\/\/www.ufsm.br\/pro-reitorias\/prograd\/sisu\/editais\/034-2022\" target=\"_blank\" rel=\"noopener\"><strong>ufsm.br\/sisu<\/strong><\/a>.<\/p>\n<p>Caso mais vagas tenham sido disponibilizadas ap\u00f3s a publica\u00e7\u00e3o do Quadro (em caso de cancelamento de matr\u00edculas da Chamada Regular), elas ser\u00e3o anunciadas na pr\u00f3pria Sess\u00e3o P\u00fablica.<\/p>\n<p>\u00a0<\/p>\n<h3>Webconfer\u00eancias<\/h3>\n<p>Tamb\u00e9m no<strong> dia 05\/8<\/strong>, ap\u00f3s a Sess\u00e3o P\u00fablica de leitura, ser\u00e1 divulgado junto ao Edital o <a href=\"https:\/\/www.ufsm.br\/pro-reitorias\/prograd\/sisu\/editais\/034-2022\" target=\"_blank\" rel=\"noopener\"><strong>Cronograma das Webconfer\u00eancias,<\/strong><\/a> obrigat\u00f3rias para candidatos(as) inscritos(as) pelas <strong>Cotas L2, L6, L9, L10, L13 ou L14<\/strong>, referentes \u00e0s cotas \u00e9tnico-raciais (Pretos, Pardos e Ind\u00edgenas &#8211; PPI) e para pessoas com defici\u00eancia (PCD).<\/p>\n<p>As orienta\u00e7\u00f5es e o link de acesso \u00e0 plataforma Google Meet ser\u00e3o enviados ao email de cada candidato(a). As Webconfer\u00eancias est\u00e3o previstas para os dias 09 e 10\/8.<\/p>\n<p>A Pr\u00f3-reitoria de Gradua\u00e7\u00e3o aconselha a <strong>testagem pr\u00e9via do equipamento<\/strong> a ser utilizado (computador, celular, c\u00e2mera, fones, microfone), assim como recomenda a escolha de <strong>ambiente silencioso e com boa ilumina\u00e7\u00e3o<\/strong> para realiza\u00e7\u00e3o da webconfer\u00eancia.<\/p>\n<h3><br \/>Deferimento e Indeferimento<\/h3>\n<p>Ap\u00f3s 05\/8, a Comiss\u00e3o de Ingresso Acad\u00eamico iniciar\u00e1 a <strong>an\u00e1lise dos documentos<\/strong> dos(as) candidatos(as) que tiveram seu <strong>nome citado na Sess\u00e3o P\u00fablica<\/strong>. A partir da\u00ed, a Prograd recomenda o <span style=\"background-color: #ffff00\"><strong>monitoramento di\u00e1rio do email (inclusive caixa de SPAM e lixo eletr\u00f4nico),<\/strong><\/span> uma vez que n\u00e3o h\u00e1 prazo fixo definido para envio da mensagem.<\/p>\n<p>Em caso de<strong> deferimento<\/strong>, o(a) candidato(a) receber\u00e1 o n\u00famero de matr\u00edcula, as orienta\u00e7\u00f5es para primeiro acesso ao <a href=\"https:\/\/portal.ufsm.br\/aluno\/\" target=\"_blank\" rel=\"noopener\"><strong>Portal do Aluno<\/strong><\/a> e a informa\u00e7\u00e3o de que a matr\u00edcula nas disciplinas do semestre ser\u00e1 realizada automaticamente para os(as) calouros(as). As aulas t\u00eam previs\u00e3o de in\u00edcio em 12\/9, segundo o <a href=\"https:\/\/ufsm.br\/calendario\" target=\"_blank\" rel=\"noopener\"><strong>Calend\u00e1rio Acad\u00eamico<\/strong><\/a>.<\/p>\n<p>Em caso de<strong> indeferimento<\/strong>, o email informar\u00e1 as raz\u00f5es (documentos e informa\u00e7\u00f5es faltantes ou incorretas), dando um <span style=\"background-color: #ffff00\"><strong>breve prazo<\/strong><\/span> ao(\u00e0) candidato(a) para <strong>novo acesso ao <a href=\"https:\/\/portal.ufsm.br\/confirmacao\/loginCandidato.html\" target=\"_blank\" rel=\"noopener\">Portal de Confirma\u00e7\u00e3o de Vaga e Habilita\u00e7\u00e3o<\/a><\/strong>, para complementa\u00e7\u00e3o ou corre\u00e7\u00e3o de informa\u00e7\u00f5es. Ap\u00f3s an\u00e1lise deste recurso administrativo, caso o indeferimento seja mantido pela Comiss\u00e3o, o(a) candidato(a) perder\u00e1 a vaga, a qual ser\u00e1 destinada \u00e0 Segunda Chamada Oral On-line da Lista de Espera.<\/p>\n<h3><br \/>Fique atento ao Cronograma da Primeira Chamada Oral da Lista de Espera!<\/h3>\n<p><strong>At\u00e9 o dia 04\/8<\/strong> \u2013 Habilita\u00e7\u00e3o \u00e0 Chamada Oral, pelo <a href=\"https:\/\/portal.ufsm.br\/confirmacao\/loginCandidato.html\" target=\"_blank\" rel=\"noopener\"><strong>Portal de Confirma\u00e7\u00e3o e Habilita\u00e7\u00e3o \u00e0s Vagas da UFSM<\/strong><\/a>;<\/p>\n<p><strong>05\/8,<\/strong> <span style=\"background-color: #ffff00\"><strong>\u00e0s 17 horas<\/strong><\/span> \u2013 Sess\u00e3o P\u00fablica de leitura da lista de pessoas classificadas na Chamada Oral, no site <a href=\"https:\/\/ufsm.br\/youtubeprograd\" target=\"_blank\" rel=\"noopener\"><strong>ufsm.br\/youtubeprograd<\/strong><\/a>; ap\u00f3s, publica\u00e7\u00e3o da lista em <a href=\"https:\/\/www.ufsm.br\/pro-reitorias\/prograd\/sisu\/editais\/034-2022\" target=\"_blank\" rel=\"noopener\"><strong>ufsm.br\/sisu<\/strong><\/a>;<\/p>\n<p><strong>05\/8<\/strong> \u2013 Publica\u00e7\u00e3o, junto ao Edital, do <a href=\"https:\/\/www.ufsm.br\/pro-reitorias\/prograd\/sisu\/editais\/034-2022\" target=\"_blank\" rel=\"noopener\"><strong>cronograma das Webconfer\u00eancias<\/strong><\/a> obrigat\u00f3rias para inscritos(as) nas cotas L2, L6, L9, L10, L13 ou L14;<\/p>\n<p><strong>09 e 10\/8<\/strong> \u2013 Datas previstas para as Webconfer\u00eancias, por meio da plataforma Google Meet. O link de acesso ser\u00e1 enviado ao email de cada candidato(a).<\/p>\n<p>Outras informa\u00e7\u00f5es podem ser obtidas pelo email <a href=\"mailto:copa.sisu@ufsm.br\"><strong>copa.sisu@ufsm.br<\/strong><\/a> e pela p\u00e1gina &#8220;<a href=\"https:\/\/www.facebook.com\/confirmacaodevagaUFSM\/\" target=\"_blank\" rel=\"noopener\"><strong>Confirma\u00e7\u00e3o de Vaga &#8211; UFSM<\/strong><\/a>&#8221; no Facebook. Cabe \u00e0s pessoas interessadas o acompanhamento peri\u00f3dico de adendos, retifica\u00e7\u00f5es, convoca\u00e7\u00f5es e outras publica\u00e7\u00f5es referentes ao Edital, no site <a href=\"https:\/\/ufsm.br\/sisu\" target=\"_blank\" rel=\"noopener\"><strong>ufsm.br\/sisu<\/strong><\/a>.<\/p>\n<p>\u00a0<\/p>\n","protected":false},"excerpt":{"rendered":"<p>Somente quem realizar o envio digital da documenta\u00e7\u00e3o no prazo concorrer\u00e1 \u00e0s vagas<\/p>\n","protected":false},"author":95,"featured_media":0,"comment_status":"closed","ping_status":"closed","sticky":false,"template":"","format":"standard","meta":{"footnotes":""},"categories":[29,1],"tags":[61,41],"class_list":["post-758","post","type-post","status-publish","format-standard","hentry","category-destaque","category-sem-categoria","tag-sisu-2022-2","tag-ufsm"],"acf":[],"_links":{"self":[{"href":"https:\/\/www.ufsm.br\/pro-reitorias\/prograd\/sisu\/wp-json\/wp\/v2\/posts\/758","targetHints":{"allow":["GET"]}}],"collection":[{"href":"https:\/\/www.ufsm.br\/pro-reitorias\/prograd\/sisu\/wp-json\/wp\/v2\/posts"}],"about":[{"href":"https:\/\/www.ufsm.br\/pro-reitorias\/prograd\/sisu\/wp-json\/wp\/v2\/types\/post"}],"author":[{"embeddable":true,"href":"https:\/\/www.ufsm.br\/pro-reitorias\/prograd\/sisu\/wp-json\/wp\/v2\/users\/95"}],"replies":[{"embeddable":true,"href":"https:\/\/www.ufsm.br\/pro-reitorias\/prograd\/sisu\/wp-json\/wp\/v2\/comments?post=758"}],"version-history":[{"count":0,"href":"https:\/\/www.ufsm.br\/pro-reitorias\/prograd\/sisu\/wp-json\/wp\/v2\/posts\/758\/revisions"}],"wp:attachment":[{"href":"https:\/\/www.ufsm.br\/pro-reitorias\/prograd\/sisu\/wp-json\/wp\/v2\/media?parent=758"}],"wp:term":[{"taxonomy":"category","embeddable":true,"href":"https:\/\/www.ufsm.br\/pro-reitorias\/prograd\/sisu\/wp-json\/wp\/v2\/categories?post=758"},{"taxonomy":"post_tag","embeddable":true,"href":"https:\/\/www.ufsm.br\/pro-reitorias\/prograd\/sisu\/wp-json\/wp\/v2\/tags?post=758"}],"curies":[{"name":"wp","href":"https:\/\/api.w.org\/{rel}","templated":true}]}}