{"id":874,"date":"2023-05-12T23:43:51","date_gmt":"2023-05-13T02:43:51","guid":{"rendered":"https:\/\/www.ufsm.br\/pro-reitorias\/prograd\/sisu\/?p=874"},"modified":"2023-05-22T11:32:01","modified_gmt":"2023-05-22T14:32:01","slug":"inscricoes-no-vestibular-extraordinario-ufsm-2023-seguem-ate-12-06","status":"publish","type":"post","link":"https:\/\/www.ufsm.br\/pro-reitorias\/prograd\/sisu\/2023\/05\/12\/inscricoes-no-vestibular-extraordinario-ufsm-2023-seguem-ate-12-06","title":{"rendered":"Inscri\u00e7\u00f5es no Vestibular Extraordin\u00e1rio UFSM 2023 seguem at\u00e9 12\/06"},"content":{"rendered":"\n\n\n<p>\u00a0<\/p>\n<p><a href=\"https:\/\/www.ufsm.br\/app\/uploads\/sites\/342\/2023\/05\/UFSM-PROGRAD-Vestibular-Extraordinario-2023_card1.png\"><img fetchpriority=\"high\" decoding=\"async\" class=\"alignright wp-image-20826 size-medium\" src=\"https:\/\/www.ufsm.br\/app\/uploads\/sites\/342\/2023\/05\/UFSM-PROGRAD-Vestibular-Extraordinario-2023_card1-300x300.png\" alt=\"\" width=\"300\" height=\"300\" \/><\/a>A Universidade Federal de Santa Maria publicou, nesta sexta-feira (12\/5), o Edital de seu <a href=\"https:\/\/www.ufsm.br\/pro-reitorias\/prograd\/editais\/057-2023\" target=\"_blank\" rel=\"noopener\"><strong>Vestibular Extraordin\u00e1rio<\/strong><\/a> para o segundo semestre de 2023. S\u00e3o ofertadas 543 vagas de gradua\u00e7\u00e3o presencial, distribu\u00eddas no <em>campus<\/em> sede em Santa Maria e nos <em>campi<\/em> descentralizados de Cachoeira do Sul e Palmeira das Miss\u00f5es.<\/p>\n<p>As inscri\u00e7\u00f5es seguem at\u00e9 o <strong>dia 12 de junho<\/strong> e devem ser realizadas no <a href=\"https:\/\/portal.ufsm.br\/concursos\/inscricao\/opcoes.html?edicao=4700\" target=\"_blank\" rel=\"noopener\"><strong>sistema de concursos<\/strong><\/a> da UFSM, de acordo com as orienta\u00e7\u00f5es do <a href=\"https:\/\/www.ufsm.br\/pro-reitorias\/prograd\/editais\/057-2023\" target=\"_blank\" rel=\"noopener\"><strong>Edital 057\/2023-Prograd<\/strong><\/a> e do <a href=\"https:\/\/www.ufsm.br\/app\/uploads\/sites\/342\/2023\/05\/manual-vestibular-extraordinario.pdf\" target=\"_blank\" rel=\"noopener\"><strong>Manual do(a) Candidato(a)<\/strong><\/a>.<\/p>\n<p><a href=\"https:\/\/www.ufsm.br\/app\/uploads\/sites\/342\/2023\/05\/UFSM-PROGRAD-Vestibular-Extraordinario-2023_card2.png\"><img decoding=\"async\" class=\"alignleft wp-image-20827 size-medium\" src=\"https:\/\/www.ufsm.br\/app\/uploads\/sites\/342\/2023\/05\/UFSM-PROGRAD-Vestibular-Extraordinario-2023_card2-300x300.png\" alt=\"\" width=\"300\" height=\"300\" \/><\/a>A taxa de inscri\u00e7\u00e3o \u00e9 de R$ 80,00. At\u00e9 o dia 19 de maio, ser\u00e1 poss\u00edvel solicitar <strong>isen\u00e7\u00e3o da taxa<\/strong>, conforme item 6 do Manual do(a) Candidato(a) .<\/p>\n<p>At\u00e9 o dia 12 de junho, no momento da inscri\u00e7\u00e3o, tamb\u00e9m ser\u00e1 poss\u00edvel solicitar <strong>atendimento especial<\/strong>, no caso de lactantes e pessoas com necessidades especiais.<\/p>\n<p>Na inscri\u00e7\u00e3o, os(as) candidatos(as) poder\u00e3o optar pela realiza\u00e7\u00e3o da prova nos munic\u00edpios de Cachoeira do Sul, Frederico Westphalen, Palmeira da Miss\u00f5es ou Santa Maria.<\/p>\n<p>A prova ser\u00e1 realizada no dia <strong>09 de julho (domingo), em dois turnos<\/strong>. Pela manh\u00e3, das 8 \u00e0s 12 horas, ser\u00e3o aplicadas quest\u00f5es de Ci\u00eancias Humanas e Sociais Aplicadas; Ci\u00eancias da Natureza e Tecnologias; e Matem\u00e1tica e suas Tecnologias. \u00c0 tarde, das 14 \u00e0s 18 horas, ser\u00e1 a vez da prova de Linguagens e suas Tecnologias e da Reda\u00e7\u00e3o.<\/p>\n<p><a href=\"https:\/\/www.ufsm.br\/app\/uploads\/sites\/342\/2023\/05\/UFSM-PROGRAD-Vestibular-Extraordinario-2023_card3.jpg\"><img decoding=\"async\" class=\"wp-image-20828 size-medium alignright\" src=\"https:\/\/www.ufsm.br\/app\/uploads\/sites\/342\/2023\/05\/UFSM-PROGRAD-Vestibular-Extraordinario-2023_card3-300x300.jpg\" alt=\"\" width=\"300\" height=\"300\" \/><\/a>Ao todo, ser\u00e3o 86 quest\u00f5es de m\u00faltipla escolha e mais a prova de reda\u00e7\u00e3o, contemplando habilidades das diferentes \u00e1reas da Educa\u00e7\u00e3o B\u00e1sica.<\/p>\n<p>As pessoas inscritas dever\u00e3o apresentar-se em seu local de prova <strong>pelo menos uma hora antes do in\u00edcio do processo seletivo<\/strong>, pela manh\u00e3 e \u00e0 tarde. Ap\u00f3s o fechamento dos port\u00f5es, n\u00e3o ser\u00e1 permitido o ingresso de pessoas retardat\u00e1rias.<\/p>\n<p>Conforme o Edital, os(as) candidatos(as) dever\u00e3o portar documento de identifica\u00e7\u00e3o original com foto e caneta de tinta preta, para ingressarem no respectivo local de prova.<\/p>\n<p><span style=\"font-size: revert;color: initial\">As pessoas que optarem por alguma das <strong>oito modalidades de cota<\/strong>, reservadas a quem cursou na \u00edntegra o Ensino M\u00e9dio em escola p\u00fablica, dever\u00e3o estar cientes de que, no momento da confirma\u00e7\u00e3o de vaga, caso classificadas, necessitar\u00e3o comprovar as condi\u00e7\u00f5es declaradas, sejam de ordem socioecon\u00f4mica, \u00e9tnico-racial e\/ou referentes a vagas reservadas a pessoa com defici\u00eancia, de acordo com a cota escolhida.\u00a0<\/span><\/p>\n<p><a href=\"https:\/\/www.ufsm.br\/app\/uploads\/sites\/342\/2023\/05\/UFSM-PROGRAD-Vestibular-Extraordinario-2023_card4.jpg\"><img loading=\"lazy\" decoding=\"async\" class=\"alignleft wp-image-20829 size-medium\" src=\"https:\/\/www.ufsm.br\/app\/uploads\/sites\/342\/2023\/05\/UFSM-PROGRAD-Vestibular-Extraordinario-2023_card4-300x300.jpg\" alt=\"\" width=\"300\" height=\"300\" \/><\/a>Cabe \u00e0s pessoas interessadas acompanhar, no site <a href=\"https:\/\/www.ufsm.br\/pro-reitorias\/prograd\/ingresse-na-ufsm\/vestibular-extraordinario-2023\" target=\"_blank\" rel=\"noopener\"><strong>ufsm.br\/prograd<\/strong><\/a>, futuras publica\u00e7\u00f5es referentes ao Edital, como retifica\u00e7\u00f5es, homologa\u00e7\u00f5es, lista de inscritos(as) com local de prova e convoca\u00e7\u00f5es.\u00a0<\/p>\n<p>Outras informa\u00e7\u00f5es podem ser solicitadas ao N\u00facleo de Ingresso e Sele\u00e7\u00e3o Acad\u00eamicos, pelo e-mail <a href=\"mailto:falecom@nisa.ufsm.br\"><strong>falecom@nisa.ufsm.br<\/strong><\/a>. Informa\u00e7\u00f5es sobre os cursos ofertados podem ser consultadas no site <a href=\"https:\/\/www.ufsm.br\/pro-reitorias\/prograd\/descubra\/cursos-da-ufsm\" target=\"_blank\" rel=\"noopener\"><strong>ufsm.br\/descubra<\/strong><\/a>.\u00a0<\/p>\n<p>\u00a0<\/p>\n<p>\u00a0<\/p>\n<p>\u00a0<\/p>\n<p>\u00a0<\/p>\n<p>\u00a0<\/p>\n<h4>Confira as vagas oferecidas:<\/h4>\n<p><span style=\"background-color: #ffff00\"><strong><em>Campus<\/em> Cachoeira do Sul, RS:<\/strong><\/span><\/p>\n<p>Arquitetura e Urbanismo &#8211; 12 vagas;<br \/>Engenharia Agr\u00edcola &#8211; 14 vagas;<br \/>Engenharia de Transportes e Log\u00edstica &#8211; 14 vagas;<br \/>Engenharia El\u00e9trica &#8211; 14 vagas;<br \/>Engenharia Mec\u00e2nica &#8211; 14 vagas.<\/p>\n<p><span style=\"background-color: #ffff00\"><strong><em>Campus<\/em> Palmeira das Miss\u00f5es, RS:<\/strong><\/span><\/p>\n<p>Administra\u00e7\u00e3o Noturno &#8211; 17 vagas.<\/p>\n<p><strong><span style=\"background-color: #ffff00\"><em>Campus<\/em> Santa Maria, RS:<\/span><\/strong><\/p>\n<p>Administra\u00e7\u00e3o Noturno &#8211; 18 vagas;<br \/>Agronomia &#8211; 18 vagas;<br \/>Alimentos &#8211; 15 vagas;<br \/>Ci\u00eancias Cont\u00e1beis Diurno &#8211; 14 vagas<br \/>Ci\u00eancias Econ\u00f4micas Noturno &#8211; 14 vagas;<br \/>Direito Noturno &#8211; 14 vagas;<br \/>Educa\u00e7\u00e3o Especial Licenciatura Noturno &#8211; 15 vagas;<br \/>Educa\u00e7\u00e3o F\u00edsica Bacharelado &#8211; 13 vagas;<br \/>Educa\u00e7\u00e3o F\u00edsica Licenciatura &#8211; 13 vagas;<br \/>Enfermagem &#8211; 12 vagas;<br \/>Engenharia Ac\u00fastica &#8211; 14 vagas;<br \/>Engenharia Civil &#8211; 13 vagas;<br \/>Engenharia da Computa\u00e7\u00e3o &#8211; 14 vagas;<br \/>Engenharia de Controle e Automa\u00e7\u00e3o &#8211; 14 vagas;<br \/>Engenharia de Produ\u00e7\u00e3o &#8211; 14 vagas;<br \/>Engenharia El\u00e9trica &#8211; 12 vagas;<br \/>Engenharia Florestal &#8211; 13 vagas;<br \/>Engenharia Mec\u00e2nica &#8211; 12 vagas;<br \/>Engenharia Qu\u00edmica &#8211; 13 vagas;<br \/>Engenharia Sanit\u00e1ria e Ambiental &#8211; 14 vagas;<br \/>Farm\u00e1cia &#8211; 15 vagas;<br \/>F\u00edsica Licenciatura Noturno &#8211; 12 vagas;<br \/>Fisioterapia &#8211; 11 vagas;<br \/>Letras Espanhol Licenciatura Noturno &#8211; 12 vagas;<br \/>Matem\u00e1tica Licenciatura Noturno &#8211; 13 vagas;<br \/>Medicina &#8211; 18 vagas;<br \/>Medicina Veterin\u00e1ria &#8211; 15 vagas;<br \/>Odontologia &#8211; 13 vagas;<br \/>Pedagogia Licenciatura Noturno &#8211; 14 vagas;<br \/>Redes de Computadores &#8211; 14 vagas;<br \/>Servi\u00e7o Social Noturno &#8211; 15 vagas;<br \/>Sistemas de Informa\u00e7\u00e3o &#8211; 14 vagas;<br \/>Zootecnia &#8211; 13 vagas.<\/p>\n<p>\u00a0<\/p>\n<h1><span style=\"background-color: #ff99cc\"> Aten\u00e7\u00e3o para as datas!<\/span><\/h1>\n<h2 style=\"text-align: center\">\u00a0<\/h2>\n<div class=\"elementor-element elementor-element-1e7df26 elementor-align-left elementor-icon-list--layout-traditional elementor-list-item-link-full_width elementor-widget elementor-widget-icon-list\" data-id=\"1e7df26\" data-element_type=\"widget\" data-widget_type=\"icon-list.default\">\n<div class=\"elementor-widget-container\">\n<ul style=\"list-style-type: square\">\n<li><i class=\"far fa-file-alt\" aria-hidden=\"true\"><\/i><span class=\"elementor-icon-list-text\"><strong>Publica\u00e7\u00e3o do Edital e do Manual do(a) Candidato(a)<\/strong>\u00a0&#8211; 12\/05\/2023<\/span><\/li>\n<\/ul>\n<\/div>\n<\/div>\n<div class=\"elementor-element elementor-element-d1ab264 elementor-widget elementor-widget-text-editor\" data-id=\"d1ab264\" data-element_type=\"widget\" data-widget_type=\"text-editor.default\">\n<div class=\"elementor-widget-container\">\n<div class=\"elementor-text-editor elementor-clearfix\">\n<p>O <strong>Edital<\/strong> e o <strong>Manual do(a) Candidato(a)<\/strong> podem ser acessados no link <a href=\"https:\/\/www.ufsm.br\/pro-reitorias\/prograd\/editais\/057-2023\" target=\"_blank\" rel=\"noopener\"><strong>ufsm.br\/prograd\/editais\/057-2023<\/strong><\/a>\u00a0<\/p>\n<p>Antes de realizar a inscri\u00e7\u00e3o e a op\u00e7\u00e3o por cota, verifique no Edital e no Manual a documenta\u00e7\u00e3o necess\u00e1ria para comprova\u00e7\u00e3o das condi\u00e7\u00f5es declaradas na Confirma\u00e7\u00e3o de Vaga e Matr\u00edcula, em caso de classifica\u00e7\u00e3o, para evitar indeferimento e perda da vaga.<\/p>\n<\/div>\n<\/div>\n<\/div>\n<div class=\"elementor-element elementor-element-d170d7e elementor-icon-list--layout-traditional elementor-list-item-link-full_width elementor-widget elementor-widget-icon-list\" data-id=\"d170d7e\" data-element_type=\"widget\" data-widget_type=\"icon-list.default\">\n<div class=\"elementor-widget-container\">\n<ul class=\"elementor-icon-list-items\">\n<li class=\"elementor-icon-list-item\"><i class=\"far fa-file-alt\" aria-hidden=\"true\"><\/i><span class=\"elementor-icon-list-text\"><strong>Inscri\u00e7\u00f5es<\/strong> &#8211; de 12\/05\/2023 a 12\/06\/2023, pelo <\/span>link <strong><a style=\"font-size: revert\" href=\"https:\/\/portal.ufsm.br\/concursos\/inscricao\/opcoes.html?edicao=4700\" target=\"_blank\" rel=\"noopener\">https:\/\/portal.ufsm.br\/concursos\/inscricao\/opcoes.html?edicao=4700\u00a0<\/a><\/strong><\/li>\n<\/ul>\n<\/div>\n<\/div>\n<div class=\"elementor-element elementor-element-77cd24c elementor-icon-list--layout-traditional elementor-list-item-link-full_width elementor-widget elementor-widget-icon-list\" data-id=\"77cd24c\" data-element_type=\"widget\" data-widget_type=\"icon-list.default\">\n<div class=\"elementor-widget-container\">\n<ul class=\"elementor-icon-list-items\">\n<li class=\"elementor-icon-list-item\"><i class=\"far fa-file-alt\" aria-hidden=\"true\"><\/i><span class=\"elementor-icon-list-text\"><strong>Solicita\u00e7\u00e3o de isen\u00e7\u00e3o da taxa de inscri\u00e7\u00e3o<\/strong> &#8211; de 12\/05\/2023 a 19\/05\/2023<\/span><\/li>\n<\/ul>\n<\/div>\n<\/div>\n<div class=\"elementor-element elementor-element-06976b0 elementor-icon-list--layout-traditional elementor-list-item-link-full_width elementor-widget elementor-widget-icon-list\" data-id=\"06976b0\" data-element_type=\"widget\" data-widget_type=\"icon-list.default\">\n<div class=\"elementor-widget-container\">\n<ul class=\"elementor-icon-list-items\">\n<li class=\"elementor-icon-list-item\"><i class=\"far fa-file-alt\" aria-hidden=\"true\"><\/i><span class=\"elementor-icon-list-text\"><strong>Solicita\u00e7\u00e3o de atendimento especial<\/strong> &#8211; de 12\/05\/2023 a 12\/06\/2023, no momento da inscri\u00e7\u00e3o.<\/span><\/li>\n<\/ul>\n<p><span style=\"font-size: revert;color: initial\">O atendimento \u00e0s condi\u00e7\u00f5es espec\u00edficas fica sujeito \u00e0 an\u00e1lise de viabilidade e <\/span><span style=\"font-size: revert;color: initial\">razoabilidade da solicita\u00e7\u00e3o. Mais informa\u00e7\u00f5es na p\u00e1gina 23 e 24 do\u00a0<\/span><strong><a style=\"font-size: revert\" href=\"https:\/\/www.ufsm.br\/app\/uploads\/sites\/342\/2023\/05\/manual-vestibular-extraordinario.pdf\" target=\"_blank\" rel=\"noopener\">Manual do(a) candidato(a)<\/a><\/strong><\/p>\n<\/div>\n<\/div>\n<div class=\"elementor-element elementor-element-3d5d27a elementor-icon-list--layout-traditional elementor-list-item-link-full_width elementor-widget elementor-widget-icon-list\" data-id=\"3d5d27a\" data-element_type=\"widget\" data-widget_type=\"icon-list.default\">\n<div class=\"elementor-widget-container\">\n<ul class=\"elementor-icon-list-items\">\n<li class=\"elementor-icon-list-item\"><i class=\"far fa-file-alt\" aria-hidden=\"true\"><\/i><span class=\"elementor-icon-list-text\"><strong>Divulga\u00e7\u00e3o dos locais de prova<\/strong> &#8211; 29\/06\/2023 no site <a href=\"https:\/\/www.ufsm.br\/pro-reitorias\/prograd\/editais\/057-2023\" target=\"_blank\" rel=\"noopener\"><strong>ufsm.br\/prograd\/editais\/057-2023<\/strong><\/a>\u00a0<\/span><\/li>\n<\/ul>\n<\/div>\n<\/div>\n<div class=\"elementor-element elementor-element-7df3740 elementor-widget elementor-widget-text-editor\" data-id=\"7df3740\" data-element_type=\"widget\" data-widget_type=\"text-editor.default\">\n<div class=\"elementor-widget-container\">\n<div class=\"elementor-text-editor elementor-clearfix\">\n<p>As provas ser\u00e3o aplicadas nas cidades de Santa Maria, Cachoeira do Sul, Frederico Westphalen e Palmeira das Miss\u00f5es. Os locais e salas de aplica\u00e7\u00e3o da prova ser\u00e3o divulgados no dia 29\/06.<\/p>\n<\/div>\n<\/div>\n<\/div>\n<div class=\"elementor-element elementor-element-05cb857 elementor-icon-list--layout-traditional elementor-list-item-link-full_width elementor-widget elementor-widget-icon-list\" data-id=\"05cb857\" data-element_type=\"widget\" data-widget_type=\"icon-list.default\">\n<div class=\"elementor-widget-container\">\n<ul class=\"elementor-icon-list-items\">\n<li class=\"elementor-icon-list-item\"><i class=\"far fa-file-alt\" aria-hidden=\"true\"><\/i><span class=\"elementor-icon-list-text\"><strong>Aplica\u00e7\u00e3o da prova<\/strong> &#8211; 09\/07\/2023 &#8211; manh\u00e3 e tarde;<\/span><\/li>\n<\/ul>\n<\/div>\n<\/div>\n<div class=\"elementor-element elementor-element-dc2f4a8 elementor-icon-list--layout-traditional elementor-list-item-link-full_width elementor-widget elementor-widget-icon-list\" data-id=\"dc2f4a8\" data-element_type=\"widget\" data-widget_type=\"icon-list.default\">\n<div class=\"elementor-widget-container\">\n<ul class=\"elementor-icon-list-items\">\n<li class=\"elementor-icon-list-item\"><i class=\"far fa-file-alt\" aria-hidden=\"true\"><\/i><span class=\"elementor-icon-list-text\"><strong>Classifica\u00e7\u00e3o final<\/strong> &#8211; em data a ser divulgada, no site <a href=\"https:\/\/www.ufsm.br\/pro-reitorias\/prograd\/editais\/057-2023\" target=\"_blank\" rel=\"noopener\"><strong>ufsm.br\/prograd\/editais\/057-2023<\/strong><\/a>\u00a0<\/span><\/li>\n<\/ul>\n<\/div>\n<\/div>\n<div class=\"elementor-element elementor-element-ff6c47f elementor-icon-list--layout-traditional elementor-list-item-link-full_width elementor-widget elementor-widget-icon-list\" data-id=\"ff6c47f\" data-element_type=\"widget\" data-widget_type=\"icon-list.default\">\n<div class=\"elementor-widget-container\">\n<ul class=\"elementor-icon-list-items\">\n<li class=\"elementor-icon-list-item\"><i class=\"far fa-file-alt\" aria-hidden=\"true\"><\/i><span class=\"elementor-icon-list-text\"><strong>Confirma\u00e7\u00e3o de vaga e matr\u00edcula<\/strong> &#8211; instru\u00e7\u00f5es e datas divulgadas em edital espec\u00edfico ap\u00f3s a classifica\u00e7\u00e3o, no site <a href=\"https:\/\/www.ufsm.br\/pro-reitorias\/prograd\/editais\/057-2023\" target=\"_blank\" rel=\"noopener\"><strong>ufsm.br\/prograd\/editais\/057-2023<\/strong><\/a>\u00a0<\/span><\/li>\n<\/ul>\n<\/div>\n<\/div>\n<p>\u00a0<\/p>\n","protected":false},"excerpt":{"rendered":"<p>A prova ser\u00e1 aplicada no dia 09 de julho, domingo, em dois turnos<\/p>\n","protected":false},"author":95,"featured_media":0,"comment_status":"closed","ping_status":"closed","sticky":false,"template":"","format":"standard","meta":{"footnotes":""},"categories":[29],"tags":[43,42,36,41,47,70],"class_list":["post-874","post","type-post","status-publish","format-standard","hentry","category-destaque","tag-graduacao","tag-prograd","tag-sisu","tag-ufsm","tag-vestibular","tag-vestibular-2023"],"acf":[],"_links":{"self":[{"href":"https:\/\/www.ufsm.br\/pro-reitorias\/prograd\/sisu\/wp-json\/wp\/v2\/posts\/874","targetHints":{"allow":["GET"]}}],"collection":[{"href":"https:\/\/www.ufsm.br\/pro-reitorias\/prograd\/sisu\/wp-json\/wp\/v2\/posts"}],"about":[{"href":"https:\/\/www.ufsm.br\/pro-reitorias\/prograd\/sisu\/wp-json\/wp\/v2\/types\/post"}],"author":[{"embeddable":true,"href":"https:\/\/www.ufsm.br\/pro-reitorias\/prograd\/sisu\/wp-json\/wp\/v2\/users\/95"}],"replies":[{"embeddable":true,"href":"https:\/\/www.ufsm.br\/pro-reitorias\/prograd\/sisu\/wp-json\/wp\/v2\/comments?post=874"}],"version-history":[{"count":0,"href":"https:\/\/www.ufsm.br\/pro-reitorias\/prograd\/sisu\/wp-json\/wp\/v2\/posts\/874\/revisions"}],"wp:attachment":[{"href":"https:\/\/www.ufsm.br\/pro-reitorias\/prograd\/sisu\/wp-json\/wp\/v2\/media?parent=874"}],"wp:term":[{"taxonomy":"category","embeddable":true,"href":"https:\/\/www.ufsm.br\/pro-reitorias\/prograd\/sisu\/wp-json\/wp\/v2\/categories?post=874"},{"taxonomy":"post_tag","embeddable":true,"href":"https:\/\/www.ufsm.br\/pro-reitorias\/prograd\/sisu\/wp-json\/wp\/v2\/tags?post=874"}],"curies":[{"name":"wp","href":"https:\/\/api.w.org\/{rel}","templated":true}]}}